{"id":2355,"date":"2024-04-22T19:15:43","date_gmt":"2024-04-22T22:15:43","guid":{"rendered":"https:\/\/guialimeira.com.br\/2024\/04\/22\/ministra-mantem-indenizacao-de-deltan-a-lula-por-caso-de-powerpoint\/"},"modified":"2024-04-22T19:15:43","modified_gmt":"2024-04-22T22:15:43","slug":"ministra-mantem-indenizacao-de-deltan-a-lula-por-caso-de-powerpoint","status":"publish","type":"post","link":"https:\/\/guialimeira.com.br\/news\/ministra-mantem-indenizacao-de-deltan-a-lula-por-caso-de-powerpoint\/","title":{"rendered":"Ministra mant\u00e9m indeniza\u00e7\u00e3o de Deltan a Lula por caso de powerpoint"},"content":{"rendered":"<p> <br \/>\n<\/p>\n<div>\n<p>A ministra C\u00e1rmen L\u00facia, do Supremo Tribunal Federal (STF), negou nesta segunda-feira (22) recurso para suspender a decis\u00e3o que condenou o ex-procurador da Opera\u00e7\u00e3o Lava Jato Deltan Dallagnol a indenizar em R$ 75 mil o presidente Luiz In\u00e1cio Lula da Silva pelo \u201ccaso do <em>powerpoint<\/em>\u201d.<img data-recalc-dims=\"1\" decoding=\"async\" src=\"https:\/\/i0.wp.com\/agenciabrasil.ebc.com.br\/ebc.png?w=696&#038;ssl=1\" style=\"width:1px; height:1px; display:inline;\"\/><img data-recalc-dims=\"1\" decoding=\"async\" src=\"https:\/\/i0.wp.com\/agenciabrasil.ebc.com.br\/ebc.gif?w=696&#038;ssl=1\" style=\"width:1px; height:1px; display:inline;\"\/><\/p>\n<p>A ministra rejeitou o recurso por motivos processuais. No entendimento de C\u00e1rmen L\u00facia, n\u00e3o cabe o recurso extraordin\u00e1rio para reverter a condena\u00e7\u00e3o do ex-procurador.<\/p>\n<p>Em 2016, ent\u00e3o chefe da for\u00e7a-tarefa da Lava Jato, Dallagnol fez uma apresenta\u00e7\u00e3o de <em>powerpoint <\/em>para acusar Lula, que era investigado pela opera\u00e7\u00e3o, de chefiar uma organiza\u00e7\u00e3o criminosa. Posteriormente, os processos foram anulados ap\u00f3s o STF considerar o ex-juiz Sergio Moro parcial na condu\u00e7\u00e3o da investiga\u00e7\u00e3o.<\/p>\n<p>Em mar\u00e7o de 2022, o Superior Tribunal de Justi\u00e7a (STJ) condenou Deltan Dallagnol ao pagamento de R$ 75 mil em danos morais a Lula.<\/p>\n<p>Na ocasi\u00e3o, Cristiano Zanin, ex-advogado de Lula e atual ministro do STF, questionou a conduta funcional de Dallagnol. Segundo ele, o ex-procurador e outros integrantes da Lava Jato usaram a apresenta\u00e7\u00e3o de <em>powerpoint<\/em> para acusar o ex-presidente de atuar como \u201ccomandante e maestro de uma organiza\u00e7\u00e3o criminosa\u201d.<\/p>\n<p>Para o STJ, o ex- procurador usou termos desabonadores e linguagem n\u00e3o t\u00e9cnica em rela\u00e7\u00e3o ao ent\u00e3o ex-presidente.<\/p>\n<\/p><\/div>\n<p><br \/>\n<br \/><a href=\"https:\/\/agenciabrasil.ebc.com.br\/justica\/noticia\/2024-04\/ministra-mantem-indenizacao-de-deltan-lula-por-caso-de-powerpoint\" rel=\"noopener\">Ag\u00eancia Brasil<\/a><\/p>\n","protected":false},"excerpt":{"rendered":"<p>A ministra C\u00e1rmen L\u00facia, do Supremo Tribunal Federal (STF), negou nesta segunda-feira (22) recurso para suspender a decis\u00e3o que condenou o ex-procurador da Opera\u00e7\u00e3o Lava Jato Deltan Dallagnol a indenizar em R$ 75 mil o presidente Luiz In\u00e1cio Lula da Silva pelo \u201ccaso do powerpoint\u201d. A ministra rejeitou o recurso por motivos processuais. No entendimento [&hellip;]<\/p>\n","protected":false},"author":1,"featured_media":2356,"comment_status":"open","ping_status":"open","sticky":false,"template":"","format":"standard","meta":{"_jetpack_newsletter_access":"","_jetpack_dont_email_post_to_subs":false,"_jetpack_newsletter_tier_id":0,"_jetpack_memberships_contains_paywalled_content":false,"_mbp_banners":[],"_jetpack_feature_clip_id":0,"_jetpack_memberships_contains_paid_content":false,"footnotes":"","jetpack_publicize_message":"","jetpack_publicize_feature_enabled":true,"jetpack_social_post_already_shared":true,"jetpack_social_options":{"image_generator_settings":{"template":"highway","default_image_id":0,"font":"","enabled":false},"version":2},"jetpack_post_was_ever_published":false},"categories":[22],"tags":[],"class_list":["post-2355","post","type-post","status-publish","format-standard","has-post-thumbnail","category-nacional"],"jetpack_publicize_connections":[],"jetpack-related-posts":[],"jetpack_shortlink":"https:\/\/wp.me\/p7Eq1F-BZ","jetpack_sharing_enabled":true,"jetpack_featured_media_url":"https:\/\/i0.wp.com\/guialimeira.com.br\/news\/wp-content\/uploads\/2024\/04\/1054136-120-20ebc_df_14.11.2016-7791.jpg?fit=1600%2C800&ssl=1","_links":{"self":[{"href":"https:\/\/guialimeira.com.br\/news\/wp-json\/wp\/v2\/posts\/2355","targetHints":{"allow":["GET"]}}],"collection":[{"href":"https:\/\/guialimeira.com.br\/news\/wp-json\/wp\/v2\/posts"}],"about":[{"href":"https:\/\/guialimeira.com.br\/news\/wp-json\/wp\/v2\/types\/post"}],"author":[{"embeddable":true,"href":"https:\/\/guialimeira.com.br\/news\/wp-json\/wp\/v2\/users\/1"}],"replies":[{"embeddable":true,"href":"https:\/\/guialimeira.com.br\/news\/wp-json\/wp\/v2\/comments?post=2355"}],"version-history":[{"count":0,"href":"https:\/\/guialimeira.com.br\/news\/wp-json\/wp\/v2\/posts\/2355\/revisions"}],"wp:featuredmedia":[{"embeddable":true,"href":"https:\/\/guialimeira.com.br\/news\/wp-json\/wp\/v2\/media\/2356"}],"wp:attachment":[{"href":"https:\/\/guialimeira.com.br\/news\/wp-json\/wp\/v2\/media?parent=2355"}],"wp:term":[{"taxonomy":"category","embeddable":true,"href":"https:\/\/guialimeira.com.br\/news\/wp-json\/wp\/v2\/categories?post=2355"},{"taxonomy":"post_tag","embeddable":true,"href":"https:\/\/guialimeira.com.br\/news\/wp-json\/wp\/v2\/tags?post=2355"}],"curies":[{"name":"wp","href":"https:\/\/api.w.org\/{rel}","templated":true}]}}