{"id":23542,"date":"2025-02-13T22:16:06","date_gmt":"2025-02-14T01:16:06","guid":{"rendered":"https:\/\/guialimeira.com.br\/2025\/02\/13\/haddad-diz-que-brasil-nao-precisa-temer-medidas-de-trump\/"},"modified":"2025-02-13T22:16:06","modified_gmt":"2025-02-14T01:16:06","slug":"haddad-diz-que-brasil-nao-precisa-temer-medidas-de-trump","status":"publish","type":"post","link":"https:\/\/guialimeira.com.br\/news\/haddad-diz-que-brasil-nao-precisa-temer-medidas-de-trump\/","title":{"rendered":"Haddad diz que Brasil n\u00e3o precisa temer medidas de Trump"},"content":{"rendered":"<p> <br \/>\n<\/p>\n<div>\n<p>O ministro da Fazenda, Fernando Haddad, defendeu nesta quinta-feira (13) cautela diante das medidas anunciadas pelo presidente dos Estados Unidos, Donald Trump.\u00a0<img data-recalc-dims=\"1\" decoding=\"async\" src=\"https:\/\/i0.wp.com\/agenciabrasil.ebc.com.br\/ebc.png?w=696&#038;ssl=1\" style=\"width:1px; height:1px; display:inline;\"\/><img data-recalc-dims=\"1\" decoding=\"async\" src=\"https:\/\/i0.wp.com\/agenciabrasil.ebc.com.br\/ebc.gif?w=696&#038;ssl=1\" style=\"width:1px; height:1px; display:inline;\"\/><\/p>\n<p>Hoje, Trump anunciou a aplica\u00e7\u00e3o de\u00a0<a href=\"https:\/\/agenciabrasil.ebc.com.br\/internacional\/noticia\/2025-02\/trump-revela-roteiro-para-tarifas-reciprocas-contra-aliados\" target=\"_blank\" rel=\"noopener\">tarifas de reciprocidade<\/a> contra qualquer pa\u00eds que imponha impostos contra as importa\u00e7\u00f5es norte-americanas, sendo a\u00a0mais recente ofensiva tarif\u00e1ria contra aliados e inimigos do pa\u00eds e que, segundo a Casa Branca, vai fortalecer a seguran\u00e7a econ\u00f4mica e nacional norte-americana. Trump fez ainda amea\u00e7as ao Brics, grupo do qual o Brasil faz parte.\u00a0<\/p>\n<p>Em entrevista, Haddad disse que o Brasil n\u00e3o precisa temer as medidas do governo norte-americano, pois a balan\u00e7a comercial entre os dois pa\u00edses \u00e9 superavit\u00e1ria para os Estados Unidos, nos setores de bens e servi\u00e7os.\u00a0<\/p>\n<p>O ministro afirmou que o governo brasileiro n\u00e3o ir\u00e1 se manifestar\u00a0&#8220;a qualquer sinaliza\u00e7\u00e3o&#8221;, vai aguardar para ver o &#8220;que \u00e9 concreto, efetivo&#8221; e\u00a0avaliar &#8220;como vai terminar essa hist\u00f3ria&#8221;.\u00a0<\/p>\n<p>&#8220;A balan\u00e7a \u00e9 superavit\u00e1ria para os Estados Unidos, considerados bens e servi\u00e7os. No caso de bens, ela \u00e9 equilibrada, praticamente equilibrada. N\u00e3o h\u00e1 nenhuma raz\u00e3o para n\u00f3s temermos. N\u00e3o h\u00e1\u00a0um parceiro que est\u00e1 importando muito do Brasil e exportando pouco, \u00e9\u00a0ao contr\u00e1rio. Vamos com cautela avaliar o conjunto das medidas que podem ser anunciadas, enquanto isso a \u00e1rea econ\u00f4mica est\u00e1 fazendo um balan\u00e7o das nossas rela\u00e7\u00f5es comerciais para que a reciprocidade seja um princ\u00edpio observado pelos dois pa\u00edses&#8221;, disse.\u00a0<\/p>\n<h2>Tarifas<\/h2>\n<p>As tarifas n\u00e3o entrar\u00e3o em vigor nesta quinta-feira, mas podem come\u00e7ar a ser impostas em semanas, enquanto a equipe comercial e econ\u00f4mica do governo americano estuda tarifas bilaterais e rela\u00e7\u00f5es comerciais, informou uma autoridade da Casa Branca em uma teleconfer\u00eancia.<\/p>\n<p>Howard Lutnick, escolhido por Trump para secret\u00e1rio do Com\u00e9rcio, disse que o governo vai analisar pa\u00eds a pa\u00eds. Segundo Lutnick, esses estudos ser\u00e3o conclu\u00eddos at\u00e9 o dia 1\u00ba de abril.<\/p>\n<p>Trump, que fez campanha prometendo reduzir os pre\u00e7os ao consumidor, afirmou que pode ocorrer uma alta no curto prazo, como resultado das medidas: \u201cTarifas s\u00e3o \u00f3timas\u201d, alegou.<\/p>\n<p>\u00a0<\/p>\n<p>      <!-- Relacionada --><\/p>\n<p>            <!-- Relacionada -->\n    <\/div>\n<p><br \/>\n<br \/><a href=\"https:\/\/agenciabrasil.ebc.com.br\/economia\/noticia\/2025-02\/haddad-diz-que-brasil-nao-precisa-temer-medidas-de-trump\" rel=\"noopener\">Ag\u00eancia Brasil<\/a><\/p>\n","protected":false},"excerpt":{"rendered":"<p>O ministro da Fazenda, Fernando Haddad, defendeu nesta quinta-feira (13) cautela diante das medidas anunciadas pelo presidente dos Estados Unidos, Donald Trump.\u00a0 Hoje, Trump anunciou a aplica\u00e7\u00e3o de\u00a0tarifas de reciprocidade contra qualquer pa\u00eds que imponha impostos contra as importa\u00e7\u00f5es norte-americanas, sendo a\u00a0mais recente ofensiva tarif\u00e1ria contra aliados e inimigos do pa\u00eds e que, segundo a [&hellip;]<\/p>\n","protected":false},"author":1,"featured_media":10219,"comment_status":"open","ping_status":"open","sticky":false,"template":"","format":"standard","meta":{"_jetpack_newsletter_access":"","_jetpack_dont_email_post_to_subs":false,"_jetpack_newsletter_tier_id":0,"_jetpack_memberships_contains_paywalled_content":false,"_mbp_banners":[],"_jetpack_feature_clip_id":0,"_jetpack_memberships_contains_paid_content":false,"footnotes":"","jetpack_publicize_message":"","jetpack_publicize_feature_enabled":true,"jetpack_social_post_already_shared":true,"jetpack_social_options":{"image_generator_settings":{"template":"highway","default_image_id":0,"font":"","enabled":false},"version":2},"jetpack_post_was_ever_published":false},"categories":[24],"tags":[],"class_list":["post-23542","post","type-post","status-publish","format-standard","has-post-thumbnail","category-economia"],"jetpack_publicize_connections":[],"jetpack-related-posts":[],"jetpack_shortlink":"https:\/\/wp.me\/p7Eq1F-67I","jetpack_sharing_enabled":true,"jetpack_featured_media_url":"https:\/\/i0.wp.com\/guialimeira.com.br\/news\/wp-content\/uploads\/2024\/07\/0g0a4294.jpg?fit=1600%2C800&ssl=1","_links":{"self":[{"href":"https:\/\/guialimeira.com.br\/news\/wp-json\/wp\/v2\/posts\/23542","targetHints":{"allow":["GET"]}}],"collection":[{"href":"https:\/\/guialimeira.com.br\/news\/wp-json\/wp\/v2\/posts"}],"about":[{"href":"https:\/\/guialimeira.com.br\/news\/wp-json\/wp\/v2\/types\/post"}],"author":[{"embeddable":true,"href":"https:\/\/guialimeira.com.br\/news\/wp-json\/wp\/v2\/users\/1"}],"replies":[{"embeddable":true,"href":"https:\/\/guialimeira.com.br\/news\/wp-json\/wp\/v2\/comments?post=23542"}],"version-history":[{"count":0,"href":"https:\/\/guialimeira.com.br\/news\/wp-json\/wp\/v2\/posts\/23542\/revisions"}],"wp:featuredmedia":[{"embeddable":true,"href":"https:\/\/guialimeira.com.br\/news\/wp-json\/wp\/v2\/media\/10219"}],"wp:attachment":[{"href":"https:\/\/guialimeira.com.br\/news\/wp-json\/wp\/v2\/media?parent=23542"}],"wp:term":[{"taxonomy":"category","embeddable":true,"href":"https:\/\/guialimeira.com.br\/news\/wp-json\/wp\/v2\/categories?post=23542"},{"taxonomy":"post_tag","embeddable":true,"href":"https:\/\/guialimeira.com.br\/news\/wp-json\/wp\/v2\/tags?post=23542"}],"curies":[{"name":"wp","href":"https:\/\/api.w.org\/{rel}","templated":true}]}}