{"id":23534,"date":"2025-02-13T21:15:33","date_gmt":"2025-02-14T00:15:33","guid":{"rendered":"https:\/\/guialimeira.com.br\/2025\/02\/13\/industria-de-materiais-de-construcao-preve-crescimento-de-28-em-2025\/"},"modified":"2025-02-13T21:15:33","modified_gmt":"2025-02-14T00:15:33","slug":"industria-de-materiais-de-construcao-preve-crescimento-de-28-em-2025","status":"publish","type":"post","link":"https:\/\/guialimeira.com.br\/news\/industria-de-materiais-de-construcao-preve-crescimento-de-28-em-2025\/","title":{"rendered":"Ind\u00fastria de materiais de constru\u00e7\u00e3o prev\u00ea crescimento de 2,8% em 2025"},"content":{"rendered":"<p> <br \/>\n<\/p>\n<div>\n<p>Proje\u00e7\u00e3o da Associa\u00e7\u00e3o Brasileira da Ind\u00fastria de Materiais de Constru\u00e7\u00e3o (Abramat) prev\u00ea que o setor vai crescer\u00a0em torno de 2,8% em 2025.\u00a0&#8220;Sinaliza um ano de oportunidades para o crescimento sustent\u00e1vel da ind\u00fastria de materiais de constru\u00e7\u00e3o, impulsionado por investimentos, novas tecnologias e processos produtivos, al\u00e9m de est\u00edmulos a programas de Estado, como habita\u00e7\u00f5es de interesse social\u201d, disse, em nota, Rodrigo Navarro, presidente da associa\u00e7\u00e3o.\u00a0<img data-recalc-dims=\"1\" decoding=\"async\" src=\"https:\/\/i0.wp.com\/agenciabrasil.ebc.com.br\/ebc.png?w=696&#038;ssl=1\" style=\"width:1px; height:1px; display:inline;\"\/><img data-recalc-dims=\"1\" decoding=\"async\" src=\"https:\/\/i0.wp.com\/agenciabrasil.ebc.com.br\/ebc.gif?w=696&#038;ssl=1\" style=\"width:1px; height:1px; display:inline;\"\/><\/p>\n<p>Navarro destaca, por\u00e9m,\u00a0 que o setor precisa\u00a0estar atento\u00a0e trabalhar muito para enfrentar os desafios trazidos pela conjuntura econ\u00f4mica envolvendo taxas de juros, infla\u00e7\u00e3o e endividamento das fam\u00edlias, que afeta o consumo e a demanda do mercado imobili\u00e1rio.<\/p>\n<p>Em janeiro, o faturamento das ind\u00fastrias de materiais deve apresentar retra\u00e7\u00e3o de 0,2% em compara\u00e7\u00e3o ao m\u00eas de dezembro, estima a pesquisa \u00cdndice, elaborada pela Funda\u00e7\u00e3o Getulio Vargas (FGV) com dados do Instituto Brasileiro de Geografia e Estat\u00edstica (IBGE). J\u00e1 em rela\u00e7\u00e3o a janeiro de 2024, h\u00e1 expectativa de que deva ocorrer aumento de 0,6%.<\/p>\n<p>      <!-- Relacionada --><\/p>\n<p>            <!-- Relacionada -->\n    <\/div>\n<p><br \/>\n<br \/><a href=\"https:\/\/agenciabrasil.ebc.com.br\/economia\/noticia\/2025-02\/industria-de-materiais-de-construcao-preve-crescimento-de-28-em-2025\" rel=\"noopener\">Ag\u00eancia Brasil<\/a><\/p>\n","protected":false},"excerpt":{"rendered":"<p>Proje\u00e7\u00e3o da Associa\u00e7\u00e3o Brasileira da Ind\u00fastria de Materiais de Constru\u00e7\u00e3o (Abramat) prev\u00ea que o setor vai crescer\u00a0em torno de 2,8% em 2025.\u00a0&#8220;Sinaliza um ano de oportunidades para o crescimento sustent\u00e1vel da ind\u00fastria de materiais de constru\u00e7\u00e3o, impulsionado por investimentos, novas tecnologias e processos produtivos, al\u00e9m de est\u00edmulos a programas de Estado, como habita\u00e7\u00f5es de interesse [&hellip;]<\/p>\n","protected":false},"author":1,"featured_media":23535,"comment_status":"open","ping_status":"open","sticky":false,"template":"","format":"standard","meta":{"_jetpack_newsletter_access":"","_jetpack_dont_email_post_to_subs":false,"_jetpack_newsletter_tier_id":0,"_jetpack_memberships_contains_paywalled_content":false,"_mbp_banners":[],"_jetpack_feature_clip_id":0,"_jetpack_memberships_contains_paid_content":false,"footnotes":"","jetpack_publicize_message":"","jetpack_publicize_feature_enabled":true,"jetpack_social_post_already_shared":true,"jetpack_social_options":{"image_generator_settings":{"template":"highway","default_image_id":0,"font":"","enabled":false},"version":2},"jetpack_post_was_ever_published":false},"categories":[24],"tags":[],"class_list":["post-23534","post","type-post","status-publish","format-standard","has-post-thumbnail","category-economia"],"jetpack_publicize_connections":[],"jetpack-related-posts":[],"jetpack_shortlink":"https:\/\/wp.me\/p7Eq1F-67A","jetpack_sharing_enabled":true,"jetpack_featured_media_url":"https:\/\/i0.wp.com\/guialimeira.com.br\/news\/wp-content\/uploads\/2025\/02\/obras_construcao_noreste_mcajr_abr2807221062.jpg?fit=1600%2C800&ssl=1","_links":{"self":[{"href":"https:\/\/guialimeira.com.br\/news\/wp-json\/wp\/v2\/posts\/23534","targetHints":{"allow":["GET"]}}],"collection":[{"href":"https:\/\/guialimeira.com.br\/news\/wp-json\/wp\/v2\/posts"}],"about":[{"href":"https:\/\/guialimeira.com.br\/news\/wp-json\/wp\/v2\/types\/post"}],"author":[{"embeddable":true,"href":"https:\/\/guialimeira.com.br\/news\/wp-json\/wp\/v2\/users\/1"}],"replies":[{"embeddable":true,"href":"https:\/\/guialimeira.com.br\/news\/wp-json\/wp\/v2\/comments?post=23534"}],"version-history":[{"count":0,"href":"https:\/\/guialimeira.com.br\/news\/wp-json\/wp\/v2\/posts\/23534\/revisions"}],"wp:featuredmedia":[{"embeddable":true,"href":"https:\/\/guialimeira.com.br\/news\/wp-json\/wp\/v2\/media\/23535"}],"wp:attachment":[{"href":"https:\/\/guialimeira.com.br\/news\/wp-json\/wp\/v2\/media?parent=23534"}],"wp:term":[{"taxonomy":"category","embeddable":true,"href":"https:\/\/guialimeira.com.br\/news\/wp-json\/wp\/v2\/categories?post=23534"},{"taxonomy":"post_tag","embeddable":true,"href":"https:\/\/guialimeira.com.br\/news\/wp-json\/wp\/v2\/tags?post=23534"}],"curies":[{"name":"wp","href":"https:\/\/api.w.org\/{rel}","templated":true}]}}