{"id":23521,"date":"2025-02-13T19:13:06","date_gmt":"2025-02-13T22:13:06","guid":{"rendered":"https:\/\/guialimeira.com.br\/2025\/02\/13\/fazenda-preve-queda-da-inflacao-dos-alimentos-ate-o-fim-do-ano\/"},"modified":"2025-02-13T19:13:06","modified_gmt":"2025-02-13T22:13:06","slug":"fazenda-preve-queda-da-inflacao-dos-alimentos-ate-o-fim-do-ano","status":"publish","type":"post","link":"https:\/\/guialimeira.com.br\/news\/fazenda-preve-queda-da-inflacao-dos-alimentos-ate-o-fim-do-ano\/","title":{"rendered":"Fazenda prev\u00ea queda da infla\u00e7\u00e3o dos alimentos at\u00e9 o fim do ano"},"content":{"rendered":"<p> <br \/>\n<\/p>\n<div>\n<p>A Secretaria de Pol\u00edtica Econ\u00f4mica do Minist\u00e9rio da Fazenda\u00a0apresentou nesta quinta-feira (13) proje\u00e7\u00f5es macroecon\u00f4micas para o pa\u00eds em 2025. De acordo com a pasta, a infla\u00e7\u00e3o da alimenta\u00e7\u00e3o dever\u00e1 ceder at\u00e9 o fim\u00a0do ano e apresentar recuo principalmente em raz\u00e3o de um cen\u00e1rio clim\u00e1tico melhor, de <a href=\"https:\/\/agenciabrasil.ebc.com.br\/economia\/noticia\/2025-02\/conab-estima-safra-recorde-de-3257-milhoes-de-toneladas\" target=\"_blank\" rel=\"noopener\">safras recordes<\/a>, e do fim da revers\u00e3o do ciclo do abate de bovinos.<img data-recalc-dims=\"1\" decoding=\"async\" src=\"https:\/\/i0.wp.com\/agenciabrasil.ebc.com.br\/ebc.png?w=696&#038;ssl=1\" style=\"width:1px; height:1px; display:inline;\"\/><img data-recalc-dims=\"1\" decoding=\"async\" src=\"https:\/\/i0.wp.com\/agenciabrasil.ebc.com.br\/ebc.gif?w=696&#038;ssl=1\" style=\"width:1px; height:1px; display:inline;\"\/><\/p>\n<p>\u201cA gente est\u00e1 vendo que, por exemplo, uma safra muito favor\u00e1vel de soja, uma safra muito favor\u00e1vel de arroz e feij\u00e3o, vai\u00a0ajudar [a conter] os pre\u00e7os de cereais, leguminosas, derivados da soja. Estamos vendo tamb\u00e9m que, a partir de mar\u00e7o, a proje\u00e7\u00e3o \u00e9 de neutralidade clim\u00e1tica, o que tende a ajudar o pre\u00e7o de frutas e hortali\u00e7as, entre outras\u201d, destacou a subsecret\u00e1ria de Pol\u00edtica Macroecon\u00f4mica, Raquel Nadal.<\/p>\n<h2>Carne<\/h2>\n<p>O comportamento do pre\u00e7o da carne em 2025, de acordo com a subsecret\u00e1ria, ter\u00e1 um papel central no resultado da infla\u00e7\u00e3o da alimenta\u00e7\u00e3o. O pre\u00e7o do produto dever\u00e1 desacelerar em raz\u00e3o do fim da revers\u00e3o do ciclo do abate\u00a0 &#8211;\u00a0per\u00edodo em que as vacas s\u00e3o destinadas ao abate,\u00a0ap\u00f3s a reten\u00e7\u00e3o delas\u00a0para procria\u00e7\u00e3o e a\u00a0entrada dos bezerros no mercado &#8211;\u00a0que aumentar\u00e1 a oferta de animais para o mercado.<\/p>\n<p>\u201cO impacto maior da revers\u00e3o do ciclo de abate na infla\u00e7\u00e3o se deu j\u00e1 em 2024. Ent\u00e3o a tend\u00eancia \u00e9 de desacelera\u00e7\u00e3o desses pre\u00e7os [em 2025]. Se o pre\u00e7o da carne subiu cerca de 20% em 2024, esse ano, essa infla\u00e7\u00e3o deve desacelerar. Ent\u00e3o n\u00f3s estamos vendo tudo isso ajudando na [conten\u00e7\u00e3o da] infla\u00e7\u00e3o de alimentos\u201d, acrescentou Raquel Nadal.<\/p>\n<p>A subsecret\u00e1ria frisou que os pre\u00e7os do caf\u00e9 e do leite subiram em 2024 impactados pelas estiagens e queimadas no segundo semestre do ano. J\u00e1 a infla\u00e7\u00e3o no pre\u00e7o da laranja ocorreu, segundo ela, devido ao greening, doen\u00e7a que prejudica a produ\u00e7\u00e3o de c\u00edtricos.<\/p>\n<p>O maior choque nos pre\u00e7os de alimentos no ano passado, de acordo com a subsecret\u00e1ria, veio em raz\u00e3o da revers\u00e3o do ciclo de abate de bovino, de agosto em diante. A queda no abate, somado ao forte crescimento das exporta\u00e7\u00f5es em 2024, levou a uma alta de mais de 19% no pre\u00e7o das carnes bovinas.\u00a0<\/p>\n<p>\u201cA alta foi t\u00e3o relevante que, excluindo carnes bovinas do \u00edndice de infla\u00e7\u00e3o, ter\u00edamos uma infla\u00e7\u00e3o de alimentos em cerca de 6,2% ao inv\u00e9s de 8,2% em 2024. Nesse cen\u00e1rio, a infla\u00e7\u00e3o cheia teria fechado 2024 dentro da meta, em 4,5%\u201d, destacou Nadal.<\/p>\n<p>Para 2025, a Secretaria de Pol\u00edtica Econ\u00f4mica do Minist\u00e9rio da Fazenda projeta eleva\u00e7\u00e3o de 4,8% no \u00cdndice Nacional de Pre\u00e7os aos Consumidor Amplo (IPCA), varia\u00e7\u00e3o similar \u00e0 observada em 2024.<\/p>\n<p>      <!-- Relacionada --><\/p>\n<p>            <!-- Relacionada -->\n    <\/div>\n<p><br \/>\n<br \/><a href=\"https:\/\/agenciabrasil.ebc.com.br\/economia\/noticia\/2025-02\/fazenda-preve-queda-da-inflacao-dos-alimentos-ate-o-fim-do-ano\" rel=\"noopener\">Ag\u00eancia Brasil<\/a><\/p>\n","protected":false},"excerpt":{"rendered":"<p>A Secretaria de Pol\u00edtica Econ\u00f4mica do Minist\u00e9rio da Fazenda\u00a0apresentou nesta quinta-feira (13) proje\u00e7\u00f5es macroecon\u00f4micas para o pa\u00eds em 2025. De acordo com a pasta, a infla\u00e7\u00e3o da alimenta\u00e7\u00e3o dever\u00e1 ceder at\u00e9 o fim\u00a0do ano e apresentar recuo principalmente em raz\u00e3o de um cen\u00e1rio clim\u00e1tico melhor, de safras recordes, e do fim da revers\u00e3o do ciclo [&hellip;]<\/p>\n","protected":false},"author":1,"featured_media":23522,"comment_status":"open","ping_status":"open","sticky":false,"template":"","format":"standard","meta":{"_jetpack_newsletter_access":"","_jetpack_dont_email_post_to_subs":false,"_jetpack_newsletter_tier_id":0,"_jetpack_memberships_contains_paywalled_content":false,"_mbp_banners":[],"_jetpack_feature_clip_id":0,"_jetpack_memberships_contains_paid_content":false,"footnotes":"","jetpack_publicize_message":"","jetpack_publicize_feature_enabled":true,"jetpack_social_post_already_shared":true,"jetpack_social_options":{"image_generator_settings":{"template":"highway","default_image_id":0,"font":"","enabled":false},"version":2},"jetpack_post_was_ever_published":false},"categories":[24],"tags":[],"class_list":["post-23521","post","type-post","status-publish","format-standard","has-post-thumbnail","category-economia"],"jetpack_publicize_connections":[],"jetpack-related-posts":[],"jetpack_shortlink":"https:\/\/wp.me\/p7Eq1F-67n","jetpack_sharing_enabled":true,"jetpack_featured_media_url":"https:\/\/i0.wp.com\/guialimeira.com.br\/news\/wp-content\/uploads\/2025\/02\/mcsp_abr_140820121977.jpg?fit=1600%2C800&ssl=1","_links":{"self":[{"href":"https:\/\/guialimeira.com.br\/news\/wp-json\/wp\/v2\/posts\/23521","targetHints":{"allow":["GET"]}}],"collection":[{"href":"https:\/\/guialimeira.com.br\/news\/wp-json\/wp\/v2\/posts"}],"about":[{"href":"https:\/\/guialimeira.com.br\/news\/wp-json\/wp\/v2\/types\/post"}],"author":[{"embeddable":true,"href":"https:\/\/guialimeira.com.br\/news\/wp-json\/wp\/v2\/users\/1"}],"replies":[{"embeddable":true,"href":"https:\/\/guialimeira.com.br\/news\/wp-json\/wp\/v2\/comments?post=23521"}],"version-history":[{"count":0,"href":"https:\/\/guialimeira.com.br\/news\/wp-json\/wp\/v2\/posts\/23521\/revisions"}],"wp:featuredmedia":[{"embeddable":true,"href":"https:\/\/guialimeira.com.br\/news\/wp-json\/wp\/v2\/media\/23522"}],"wp:attachment":[{"href":"https:\/\/guialimeira.com.br\/news\/wp-json\/wp\/v2\/media?parent=23521"}],"wp:term":[{"taxonomy":"category","embeddable":true,"href":"https:\/\/guialimeira.com.br\/news\/wp-json\/wp\/v2\/categories?post=23521"},{"taxonomy":"post_tag","embeddable":true,"href":"https:\/\/guialimeira.com.br\/news\/wp-json\/wp\/v2\/tags?post=23521"}],"curies":[{"name":"wp","href":"https:\/\/api.w.org\/{rel}","templated":true}]}}