{"id":23508,"date":"2025-02-13T18:01:07","date_gmt":"2025-02-13T21:01:07","guid":{"rendered":"https:\/\/guialimeira.com.br\/2025\/02\/13\/sao-paulo-registra-seis-mortes-por-febre-amarela\/"},"modified":"2025-02-13T18:01:07","modified_gmt":"2025-02-13T21:01:07","slug":"sao-paulo-registra-seis-mortes-por-febre-amarela","status":"publish","type":"post","link":"https:\/\/guialimeira.com.br\/news\/sao-paulo-registra-seis-mortes-por-febre-amarela\/","title":{"rendered":"S\u00e3o Paulo registra seis mortes por febre amarela"},"content":{"rendered":"<p> <br \/>\n<\/p>\n<div>\n<p>A secretaria estadual de Sa\u00fade de S\u00e3o Paulo informou o registro de dez casos de febre amarela em moradores do estado, dos quais seis morreram. A atualiza\u00e7\u00e3o pela pasta veio com a confirma\u00e7\u00e3o de que nenhuma das v\u00edtimas da doen\u00e7a havia sido imunizada antes. Tamb\u00e9m houve registro de 30 macacos encontrados com a doen\u00e7a nas regi\u00f5es de Ribeir\u00e3o Preto, Campinas, Barretos e Osasco. A pasta ainda descarta casos de febre amarela urbana, ou seja, a transmiss\u00e3o tem ocorrido em \u00e1reas rurais.<img data-recalc-dims=\"1\" decoding=\"async\" src=\"https:\/\/i0.wp.com\/agenciabrasil.ebc.com.br\/ebc.png?w=696&#038;ssl=1\" style=\"width:1px; height:1px; display:inline;\"\/><img data-recalc-dims=\"1\" decoding=\"async\" src=\"https:\/\/i0.wp.com\/agenciabrasil.ebc.com.br\/ebc.gif?w=696&#038;ssl=1\" style=\"width:1px; height:1px; display:inline;\"\/><\/p>\n<p>Segundo a pasta, o estado recebeu 1,9 milh\u00e3o de doses do imunizante para a doen\u00e7a este ano, de 6 milh\u00f5es que solicitou ao Minist\u00e9rio da Sa\u00fade nas primeiras semanas de 2025.\u00a0<\/p>\n<p>Com a proximidade do carnaval, feriado em que o n\u00famero de viagens costuma aumentar, h\u00e1 recomenda\u00e7\u00e3o, da secretaria, para que aqueles que v\u00e3o para regi\u00f5es rurais ou de mata busquem a imuniza\u00e7\u00e3o.<\/p>\n<p>Os sintomas iniciais da febre amarela s\u00e3o o in\u00edcio s\u00fabito de febre, calafrios, dor de cabe\u00e7a intensa, dores musculares, dores no corpo em geral, n\u00e1useas e v\u00f4mitos, fadiga e fraqueza.<\/p>\n<p>      <!-- Relacionada --><\/p>\n<p>            <!-- Relacionada -->\n    <\/div>\n<p><br \/>\n<br \/><a href=\"https:\/\/agenciabrasil.ebc.com.br\/saude\/noticia\/2025-02\/sao-paulo-registra-seis-mortes-por-febre-amarela\" rel=\"noopener\">Ag\u00eancia Brasil <\/a><\/p>\n","protected":false},"excerpt":{"rendered":"<p>A secretaria estadual de Sa\u00fade de S\u00e3o Paulo informou o registro de dez casos de febre amarela em moradores do estado, dos quais seis morreram. A atualiza\u00e7\u00e3o pela pasta veio com a confirma\u00e7\u00e3o de que nenhuma das v\u00edtimas da doen\u00e7a havia sido imunizada antes. Tamb\u00e9m houve registro de 30 macacos encontrados com a doen\u00e7a nas [&hellip;]<\/p>\n","protected":false},"author":1,"featured_media":23509,"comment_status":"open","ping_status":"open","sticky":false,"template":"","format":"standard","meta":{"_jetpack_newsletter_access":"","_jetpack_dont_email_post_to_subs":false,"_jetpack_newsletter_tier_id":0,"_jetpack_memberships_contains_paywalled_content":false,"_mbp_banners":[],"_jetpack_feature_clip_id":0,"_jetpack_memberships_contains_paid_content":false,"footnotes":"","jetpack_publicize_message":"","jetpack_publicize_feature_enabled":true,"jetpack_social_post_already_shared":true,"jetpack_social_options":{"image_generator_settings":{"template":"highway","default_image_id":0,"font":"","enabled":false},"version":2},"jetpack_post_was_ever_published":false},"categories":[15],"tags":[],"class_list":["post-23508","post","type-post","status-publish","format-standard","has-post-thumbnail","category-saude"],"jetpack_publicize_connections":[],"jetpack-related-posts":[],"jetpack_shortlink":"https:\/\/wp.me\/p7Eq1F-67a","jetpack_sharing_enabled":true,"jetpack_featured_media_url":"https:\/\/i0.wp.com\/guialimeira.com.br\/news\/wp-content\/uploads\/2025\/02\/1105857-dsc_5723.jpg?fit=1600%2C800&ssl=1","_links":{"self":[{"href":"https:\/\/guialimeira.com.br\/news\/wp-json\/wp\/v2\/posts\/23508","targetHints":{"allow":["GET"]}}],"collection":[{"href":"https:\/\/guialimeira.com.br\/news\/wp-json\/wp\/v2\/posts"}],"about":[{"href":"https:\/\/guialimeira.com.br\/news\/wp-json\/wp\/v2\/types\/post"}],"author":[{"embeddable":true,"href":"https:\/\/guialimeira.com.br\/news\/wp-json\/wp\/v2\/users\/1"}],"replies":[{"embeddable":true,"href":"https:\/\/guialimeira.com.br\/news\/wp-json\/wp\/v2\/comments?post=23508"}],"version-history":[{"count":0,"href":"https:\/\/guialimeira.com.br\/news\/wp-json\/wp\/v2\/posts\/23508\/revisions"}],"wp:featuredmedia":[{"embeddable":true,"href":"https:\/\/guialimeira.com.br\/news\/wp-json\/wp\/v2\/media\/23509"}],"wp:attachment":[{"href":"https:\/\/guialimeira.com.br\/news\/wp-json\/wp\/v2\/media?parent=23508"}],"wp:term":[{"taxonomy":"category","embeddable":true,"href":"https:\/\/guialimeira.com.br\/news\/wp-json\/wp\/v2\/categories?post=23508"},{"taxonomy":"post_tag","embeddable":true,"href":"https:\/\/guialimeira.com.br\/news\/wp-json\/wp\/v2\/tags?post=23508"}],"curies":[{"name":"wp","href":"https:\/\/api.w.org\/{rel}","templated":true}]}}