{"id":23485,"date":"2025-02-13T15:09:06","date_gmt":"2025-02-13T18:09:06","guid":{"rendered":"https:\/\/guialimeira.com.br\/2025\/02\/13\/conab-estima-safra-recorde-de-3257-milhoes-de-toneladas\/"},"modified":"2025-02-13T15:09:06","modified_gmt":"2025-02-13T18:09:06","slug":"conab-estima-safra-recorde-de-3257-milhoes-de-toneladas","status":"publish","type":"post","link":"https:\/\/guialimeira.com.br\/news\/conab-estima-safra-recorde-de-3257-milhoes-de-toneladas\/","title":{"rendered":"Conab estima safra recorde de 325,7 milh\u00f5es de toneladas"},"content":{"rendered":"<p> <br \/>\n<\/p>\n<div>\n<p>A Companhia Nacional de Abastecimento (Conab) estima\u00a0que a produ\u00e7\u00e3o da safra de gr\u00e3os brasileira 2024\/25 ser\u00e1 a maior j\u00e1 produzida no pa\u00eds, ficando em 325,7 milh\u00f5es de toneladas de gr\u00e3os. O volume representa o\u00a0crescimento de 9,4% acima da safra anterior. Os dados est\u00e3o no 5\u00ba Levantamento da Safra de Gr\u00e3os 2024\/25, divulgado pela companhia nesta quinta-feira (13).<img data-recalc-dims=\"1\" decoding=\"async\" src=\"https:\/\/i0.wp.com\/agenciabrasil.ebc.com.br\/ebc.png?w=696&#038;ssl=1\" style=\"width:1px; height:1px; display:inline;\"\/><img data-recalc-dims=\"1\" decoding=\"async\" src=\"https:\/\/i0.wp.com\/agenciabrasil.ebc.com.br\/ebc.gif?w=696&#038;ssl=1\" style=\"width:1px; height:1px; display:inline;\"\/><\/p>\n<p>O desempenho \u00e9 decorrente, principalmente, do aumento de 2,1% na \u00e1rea cultivada, estimada em 81,6 milh\u00f5es de hectares, e da recupera\u00e7\u00e3o de 7,1% na produtividade m\u00e9dia das lavouras, que deve chegar a\u00a03.990 quilos por hectare.<\/p>\n<p>Os dados apontam para aumento na produ\u00e7\u00e3o total de milho, com expectativa de produ\u00e7\u00e3o de 122 milh\u00f5es de toneladas, alta de 5,5% sobre a colheita no ciclo anterior. A colheita da primeira safra do cereal j\u00e1 atinge 13,3% da \u00e1rea plantada.<\/p>\n<p>&#8220;Nesta temporada, houve uma redu\u00e7\u00e3o de 6,6% na \u00e1rea semeada para o milho 1\u00aa safra. Mas a queda foi compensada pelo ganho da produtividade m\u00e9dia,\u00a09,9% maior\u00a0do que na safra anterior.Com isso, a proje\u00e7\u00e3o \u00e9 que sejam colhidas 23,6 milh\u00f5es de toneladas apenas neste primeiro ciclo&#8221;, disse a Conab.<\/p>\n<p>Em rela\u00e7\u00e3o \u00e0 segunda safra do milho, a Conab informou que a semeadura\u00a0foi feita em 18,8% da \u00e1rea e que as condi\u00e7\u00f5es clim\u00e1ticas s\u00e3o favor\u00e1veis. Em raz\u00e3o disso, a proje\u00e7\u00e3o \u00e9 de crescimento de 2,4% para a \u00e1rea de plantio, com expectativa de uma produ\u00e7\u00e3o de 96 milh\u00f5es de toneladas, o que representa um crescimento de 6,4%.<\/p>\n<p>A soja\u00a0j\u00e1 est\u00e1\u00a0com 14,8% da \u00e1rea j\u00e1 colhida. A expectativa \u00e9 que a produ\u00e7\u00e3o da oleaginosa chegue a 166 milh\u00f5es de toneladas, ou seja, 18,3 milh\u00f5es de toneladas acima do total produzido na safra anterior.<\/p>\n<p>&#8220;O resultado reflete aumento na \u00e1rea destinada \u00e0 cultura, combinada com a recupera\u00e7\u00e3o da produtividade m\u00e9dia nas lavouras do pa\u00eds. As condi\u00e7\u00f5es clim\u00e1ticas foram favor\u00e1veis, principalmente no Paran\u00e1, em Santa Catarina e na maioria dos estados do Centro-Oeste. As exce\u00e7\u00f5es ficam para Mato Grosso do Sul e Rio Grande do Sul, que registraram restri\u00e7\u00e3o h\u00eddrica a partir de meados de dezembro&#8221;, informou\u00a0a Conab.<\/p>\n<p>A \u00e1rea destinada ao plantio de arroz deve atingir 1,7 milh\u00e3o de hectares,\u00a0volume 6,4% superior \u00e0 \u00e1rea cultivada na safra anterior. Com a semeadura praticamente conclu\u00edda, a Conab alerta que\u00a0 \u00a0as altas temperaturas e a redu\u00e7\u00e3o h\u00eddrica dos reservat\u00f3rios\u00a0em algumas regi\u00f5es do Rio Grande do Sul, maior produtor do pa\u00eds, causam preocupa\u00e7\u00f5es aos produtores, embora n\u00e3o indiquem redu\u00e7\u00e3o da produtividade m\u00e9dia.<\/p>\n<p>A Conab estima que a produ\u00e7\u00e3o chegue a 11,8 milh\u00f5es de toneladas, alta de 11,4% quando comparada \u00e0 colheita da safra passada.<\/p>\n<p>Segundo o boletim divulgado pela Conab, \u00e9 esperado\u00a0um aumento na safra do feij\u00e3o, com as tr\u00eas safras da leguminosa chegando a 3,3 milh\u00f5es de toneladas. A primeira safra do produto j\u00e1 estava com 47% da \u00e1rea colhida em 10 de fevereiro. Houve aumento de produtividade, com a produ\u00e7\u00e3o estimada em 1,1 milh\u00e3o de toneladas.<\/p>\n<p>Para a segunda safra de feij\u00e3o, o plantio est\u00e1 em fase inicial e a expectativa \u00e9 que a colheita chegue a 1,46 milh\u00e3o de toneladas. Para a\u00a0terceira safra, a proje\u00e7\u00e3o \u00e9 que sejam colhidas 778,9 mil toneladas.<\/p>\n<p>No caso do algod\u00e3o, a \u00e1rea de plantio foi estimada em 2 milh\u00f5es de hectares, com expectativa de\u00a0crescimento de 4,8%.<\/p>\n<p>&#8220;A semeadura da fibra j\u00e1 passa de 87% da \u00e1rea prevista e a perspectiva aponta para uma produ\u00e7\u00e3o de pluma em 3,8 milh\u00f5es de toneladas, um novo recorde para a cultura caso o resultado se confirme&#8221;, disse a companhia.<\/p>\n<p>J\u00e1 para as culturas de inverno, as primeiras estimativas, resultantes de modelos estat\u00edsticos, an\u00e1lise de mercado, previs\u00f5es clim\u00e1ticas e informa\u00e7\u00f5es preliminares, indicam a produ\u00e7\u00e3o de trigo, principal produto cultivado, em 9,1 milh\u00f5es de toneladas. O in\u00edcio do plantio no Paran\u00e1 tem in\u00edcio a partir de meados de abril e no Rio Grande do Sul em maio. Os estados representam 80% da produ\u00e7\u00e3o trit\u00edcola do pa\u00eds.\u00a0<\/p>\n<p>      <!-- Relacionada --><\/p>\n<p>            <!-- Relacionada -->\n    <\/div>\n<p><br \/>\n<br \/><a href=\"https:\/\/agenciabrasil.ebc.com.br\/economia\/noticia\/2025-02\/conab-estima-safra-recorde-de-3257-milhoes-de-toneladas\" rel=\"noopener\">Ag\u00eancia Brasil<\/a><\/p>\n","protected":false},"excerpt":{"rendered":"<p>A Companhia Nacional de Abastecimento (Conab) estima\u00a0que a produ\u00e7\u00e3o da safra de gr\u00e3os brasileira 2024\/25 ser\u00e1 a maior j\u00e1 produzida no pa\u00eds, ficando em 325,7 milh\u00f5es de toneladas de gr\u00e3os. O volume representa o\u00a0crescimento de 9,4% acima da safra anterior. Os dados est\u00e3o no 5\u00ba Levantamento da Safra de Gr\u00e3os 2024\/25, divulgado pela companhia nesta [&hellip;]<\/p>\n","protected":false},"author":1,"featured_media":12218,"comment_status":"open","ping_status":"open","sticky":false,"template":"","format":"standard","meta":{"_jetpack_newsletter_access":"","_jetpack_dont_email_post_to_subs":false,"_jetpack_newsletter_tier_id":0,"_jetpack_memberships_contains_paywalled_content":false,"_mbp_banners":[],"_jetpack_feature_clip_id":0,"_jetpack_memberships_contains_paid_content":false,"footnotes":"","jetpack_publicize_message":"","jetpack_publicize_feature_enabled":true,"jetpack_social_post_already_shared":true,"jetpack_social_options":{"image_generator_settings":{"template":"highway","default_image_id":0,"font":"","enabled":false},"version":2},"jetpack_post_was_ever_published":false},"categories":[24],"tags":[],"class_list":["post-23485","post","type-post","status-publish","format-standard","has-post-thumbnail","category-economia"],"jetpack_publicize_connections":[],"jetpack-related-posts":[],"jetpack_shortlink":"https:\/\/wp.me\/p7Eq1F-66N","jetpack_sharing_enabled":true,"jetpack_featured_media_url":"https:\/\/i0.wp.com\/guialimeira.com.br\/news\/wp-content\/uploads\/2024\/08\/cna_banco_de_imagens_0806220289.jpg?fit=1600%2C800&ssl=1","_links":{"self":[{"href":"https:\/\/guialimeira.com.br\/news\/wp-json\/wp\/v2\/posts\/23485","targetHints":{"allow":["GET"]}}],"collection":[{"href":"https:\/\/guialimeira.com.br\/news\/wp-json\/wp\/v2\/posts"}],"about":[{"href":"https:\/\/guialimeira.com.br\/news\/wp-json\/wp\/v2\/types\/post"}],"author":[{"embeddable":true,"href":"https:\/\/guialimeira.com.br\/news\/wp-json\/wp\/v2\/users\/1"}],"replies":[{"embeddable":true,"href":"https:\/\/guialimeira.com.br\/news\/wp-json\/wp\/v2\/comments?post=23485"}],"version-history":[{"count":0,"href":"https:\/\/guialimeira.com.br\/news\/wp-json\/wp\/v2\/posts\/23485\/revisions"}],"wp:featuredmedia":[{"embeddable":true,"href":"https:\/\/guialimeira.com.br\/news\/wp-json\/wp\/v2\/media\/12218"}],"wp:attachment":[{"href":"https:\/\/guialimeira.com.br\/news\/wp-json\/wp\/v2\/media?parent=23485"}],"wp:term":[{"taxonomy":"category","embeddable":true,"href":"https:\/\/guialimeira.com.br\/news\/wp-json\/wp\/v2\/categories?post=23485"},{"taxonomy":"post_tag","embeddable":true,"href":"https:\/\/guialimeira.com.br\/news\/wp-json\/wp\/v2\/tags?post=23485"}],"curies":[{"name":"wp","href":"https:\/\/api.w.org\/{rel}","templated":true}]}}