{"id":2346,"date":"2024-04-22T18:14:42","date_gmt":"2024-04-22T21:14:42","guid":{"rendered":"https:\/\/guialimeira.com.br\/2024\/04\/22\/forca-nacional-reforcara-seguranca-do-concurso-unificado-em-9-cidades\/"},"modified":"2024-04-22T18:14:42","modified_gmt":"2024-04-22T21:14:42","slug":"forca-nacional-reforcara-seguranca-do-concurso-unificado-em-9-cidades","status":"publish","type":"post","link":"https:\/\/guialimeira.com.br\/news\/forca-nacional-reforcara-seguranca-do-concurso-unificado-em-9-cidades\/","title":{"rendered":"For\u00e7a Nacional refor\u00e7ar\u00e1 seguran\u00e7a do concurso unificado em 9 cidades"},"content":{"rendered":"<p> <br \/>\n<\/p>\n<div>\n<p>O ministro da Justi\u00e7a e Seguran\u00e7a P\u00fablica, Ricardo Lewandowski, autorizou nesta segunda-feira (22) o emprego da For\u00e7a Nacional para garantir a seguran\u00e7a do Concurso P\u00fablico Nacional Unificado (CPNU), conhecido como Enem dos Concursos.<img data-recalc-dims=\"1\" decoding=\"async\" src=\"https:\/\/i0.wp.com\/agenciabrasil.ebc.com.br\/ebc.png?w=696&#038;ssl=1\" style=\"width:1px; height:1px; display:inline;\"\/><img data-recalc-dims=\"1\" decoding=\"async\" src=\"https:\/\/i0.wp.com\/agenciabrasil.ebc.com.br\/ebc.gif?w=696&#038;ssl=1\" style=\"width:1px; height:1px; display:inline;\"\/><\/p>\n<p>Os policiais ser\u00e3o enviados a nove munic\u00edpios de cinco estados. A prova ser\u00e1 realizada em todo o pa\u00eds no dia 5 de maio.<\/p>\n<p>As tropas v\u00e3o desembarcar no dia 3 de maio em Cruzeiro do Sul, no Acre; Alta Floresta, em Mato\u00a0 Grosso; Corumb\u00e1, em Mato Grosso do Sul; Rorain\u00f3polis, em Roraima; S\u00e3o F\u00e9lix do Xingu, Oriximin\u00e1, Santana do Araguaia, Monte Alegre e Reden\u00e7\u00e3o, todos no Par\u00e1. Os policiais permanecer\u00e3o nas cidades at\u00e9 6 de maio.<\/p>\n<p>De acordo com as portarias assinadas pelo ministro, a For\u00e7a Nacional ser\u00e1 empregada na garantia da ordem p\u00fablica e na seguran\u00e7a de pessoas e do patrim\u00f4nio.<\/p>\n<p>O CPNU \u00e9 o concurso com o maior n\u00famero de candidatos j\u00e1 realizado no pa\u00eds, com 2,1 milh\u00f5es de inscritos. O chamado Enem dos Concursos vai selecionar 6.640 servidores para 21 \u00f3rg\u00e3os p\u00fablicos federais. A prova, constitu\u00edda de quest\u00f5es objetivas espec\u00edficas e dissertativas, por \u00e1rea de atua\u00e7\u00e3o, ser\u00e1 aplicada no dia 5 de maio em 228 cidades de todas as unidades federativas.<\/p>\n<div class=\"dnd-widget-wrapper context-cheio_8colunas type-image\">\n<div class=\"dnd-atom-rendered\"><!-- scald=373471:cheio_8colunas --><\/p>\n<div class=\"shadow overflow-hidden rounded-lg d-block w-100\">\n            <img data-recalc-dims=\"1\" decoding=\"async\" src=\"https:\/\/i0.wp.com\/agenciabrasil.ebc.com.br\/sites\/default\/files\/thumbnails\/image\/loading_v2.gif?w=696&#038;ssl=1\" data-echo=\"https:\/\/imagens.ebc.com.br\/bioP5rlLGiG1aSJBJ6Y3UvaThuI=\/754x0\/smart\/https:\/\/agenciabrasil.ebc.com.br\/sites\/default\/files\/thumbnails\/image\/2024\/02\/23\/concurso_unificado_-_novas_datas.png?itok=HBeYDZT5\" alt=\"Novas datas do concurso unificado\" title=\"Arte\/EBC\" class=\"flex-fill img-cover\"\/><br \/>\n        <img data-recalc-dims=\"1\" decoding=\"async\" src=\"https:\/\/i0.wp.com\/imagens.ebc.com.br\/bioP5rlLGiG1aSJBJ6Y3UvaThuI%3D\/754x0\/smart\/https%3A\/\/agenciabrasil.ebc.com.br\/sites\/default\/files\/thumbnails\/image\/2024\/02\/23\/concurso_unificado_-_novas_datas.png?w=696&#038;ssl=1\" alt=\"Novas datas do concurso unificado\" title=\"Arte\/EBC\" class=\"flex-fill img-cover\"\/>\n    <\/div>\n<p><!-- END scald=373471 --><\/div>\n<\/div><\/div>\n<p><br \/>\n<br \/><a href=\"https:\/\/agenciabrasil.ebc.com.br\/justica\/noticia\/2024-04\/forca-nacional-reforcara-seguranca-do-concurso-unificado-em-9-cidades\" rel=\"noopener\">Ag\u00eancia Brasil<\/a><\/p>\n","protected":false},"excerpt":{"rendered":"<p>O ministro da Justi\u00e7a e Seguran\u00e7a P\u00fablica, Ricardo Lewandowski, autorizou nesta segunda-feira (22) o emprego da For\u00e7a Nacional para garantir a seguran\u00e7a do Concurso P\u00fablico Nacional Unificado (CPNU), conhecido como Enem dos Concursos. Os policiais ser\u00e3o enviados a nove munic\u00edpios de cinco estados. A prova ser\u00e1 realizada em todo o pa\u00eds no dia 5 de [&hellip;]<\/p>\n","protected":false},"author":1,"featured_media":2347,"comment_status":"open","ping_status":"open","sticky":false,"template":"","format":"standard","meta":{"_jetpack_newsletter_access":"","_jetpack_dont_email_post_to_subs":false,"_jetpack_newsletter_tier_id":0,"_jetpack_memberships_contains_paywalled_content":false,"_mbp_banners":[],"_jetpack_feature_clip_id":0,"_jetpack_memberships_contains_paid_content":false,"footnotes":"","jetpack_publicize_message":"","jetpack_publicize_feature_enabled":true,"jetpack_social_post_already_shared":true,"jetpack_social_options":{"image_generator_settings":{"template":"highway","default_image_id":0,"font":"","enabled":false},"version":2},"jetpack_post_was_ever_published":false},"categories":[22],"tags":[],"class_list":["post-2346","post","type-post","status-publish","format-standard","has-post-thumbnail","category-nacional"],"jetpack_publicize_connections":[],"jetpack-related-posts":[],"jetpack_shortlink":"https:\/\/wp.me\/p7Eq1F-BQ","jetpack_sharing_enabled":true,"jetpack_featured_media_url":"https:\/\/i0.wp.com\/guialimeira.com.br\/news\/wp-content\/uploads\/2024\/04\/sesdec_acao-conjunta-forca-nacional_coletiva_21.06.21-foto_daiane-mendonca-21-scaled.jpg?fit=1600%2C800&ssl=1","_links":{"self":[{"href":"https:\/\/guialimeira.com.br\/news\/wp-json\/wp\/v2\/posts\/2346","targetHints":{"allow":["GET"]}}],"collection":[{"href":"https:\/\/guialimeira.com.br\/news\/wp-json\/wp\/v2\/posts"}],"about":[{"href":"https:\/\/guialimeira.com.br\/news\/wp-json\/wp\/v2\/types\/post"}],"author":[{"embeddable":true,"href":"https:\/\/guialimeira.com.br\/news\/wp-json\/wp\/v2\/users\/1"}],"replies":[{"embeddable":true,"href":"https:\/\/guialimeira.com.br\/news\/wp-json\/wp\/v2\/comments?post=2346"}],"version-history":[{"count":0,"href":"https:\/\/guialimeira.com.br\/news\/wp-json\/wp\/v2\/posts\/2346\/revisions"}],"wp:featuredmedia":[{"embeddable":true,"href":"https:\/\/guialimeira.com.br\/news\/wp-json\/wp\/v2\/media\/2347"}],"wp:attachment":[{"href":"https:\/\/guialimeira.com.br\/news\/wp-json\/wp\/v2\/media?parent=2346"}],"wp:term":[{"taxonomy":"category","embeddable":true,"href":"https:\/\/guialimeira.com.br\/news\/wp-json\/wp\/v2\/categories?post=2346"},{"taxonomy":"post_tag","embeddable":true,"href":"https:\/\/guialimeira.com.br\/news\/wp-json\/wp\/v2\/tags?post=2346"}],"curies":[{"name":"wp","href":"https:\/\/api.w.org\/{rel}","templated":true}]}}