{"id":23440,"date":"2025-02-13T08:50:18","date_gmt":"2025-02-13T11:50:18","guid":{"rendered":"https:\/\/guialimeira.com.br\/2025\/02\/13\/medicos-discutem-uso-da-ia-em-beneficio-de-deficientes-visuais\/"},"modified":"2025-02-13T08:50:18","modified_gmt":"2025-02-13T11:50:18","slug":"medicos-discutem-uso-da-ia-em-beneficio-de-deficientes-visuais","status":"publish","type":"post","link":"https:\/\/guialimeira.com.br\/news\/medicos-discutem-uso-da-ia-em-beneficio-de-deficientes-visuais\/","title":{"rendered":"M\u00e9dicos discutem uso da IA em benef\u00edcio de deficientes visuais"},"content":{"rendered":"<p> <br \/>\n<\/p>\n<p><p style=\"text-align:center\"><a class=\"\" href=\"https:\/\/agenciabrasil.ebc.com.br\/saude\/noticia\/2025-02\/medicos-discutem-uso-da-ia-em-beneficio-de-deficientes-visuais\" rel=\"noopener\"><br \/>\n                    <img decoding=\"async\" src=\"https:\/\/cdn.jsdelivr.net\/gh\/sergiosdlima\/assets-ebc@1.0.0\/abr\/assets\/images\/logo-agenciabrasil.svg\" alt=\"Logo Ag\u00eancia Brasil\" style=\"height: 54px\"><br \/>\n\t\t\t\t<\/a><\/p>\n<p>Bengalas inteligentes e sistemas de audiodescri\u00e7\u00e3o de objetos e ambientes s\u00e3o exemplos da aplica\u00e7\u00e3o da intelig\u00eancia artificial (IA) no intuito de melhorar a autonomia de pessoas com defici\u00eancia visual. O tema ser\u00e1 discutido na 8\u00aa Conven\u00e7\u00e3o do Conselho Brasileiro de Oftalmologia (CBO), nesta sexta-feira (14) e neste s\u00e1bado (15), em S\u00e3o Paulo.<img data-recalc-dims=\"1\" decoding=\"async\" src=\"https:\/\/i0.wp.com\/agenciabrasil.ebc.com.br\/ebc.png?w=696&#038;ssl=1\" style=\"width:1px;height:1px\" \/><img data-recalc-dims=\"1\" decoding=\"async\" src=\"https:\/\/i0.wp.com\/agenciabrasil.ebc.com.br\/ebc.gif?w=696&#038;ssl=1\" style=\"width:1px;height:1px\" \/><\/p>\n<p>Na conven\u00e7\u00e3o, especialistas e gestores de sa\u00fade debater\u00e3o a aplica\u00e7\u00e3o da IA em tecnologias que auxiliam na comunica\u00e7\u00e3o, locomo\u00e7\u00e3o e acessibilidade de pessoas cegas ou com baixa vis\u00e3o. O encontro deve abordar ainda desafios \u00e9ticos e t\u00e9cnicos associados ao uso dessas tecnologias, como garantir a privacidade e a imparcialidade no uso de dados dos usu\u00e1rios.<\/p>\n<h2>Entenda<\/h2>\n<p><h3>Not\u00edcias relacionadas:<\/h3>\n<ul>\n<li><a href=\"https:\/\/agenciabrasil.ebc.com.br\/geral\/noticia\/2025-01\/brasil-esta-entre-os-paises-que-mais-usam-inteligencia-artificial\" rel=\"noopener\">Brasil est\u00e1 entre os pa\u00edses que mais usam intelig\u00eancia artificial.<\/a><\/li>\n<li><a href=\"https:\/\/agenciabrasil.ebc.com.br\/economia\/noticia\/2025-02\/multinacionais-apoiam-iniciativa-para-impulsionar-uso-de-ia-na-europa\" rel=\"noopener\">Multinacionais apoiam iniciativa para impulsionar uso de IA na Europa.<\/a><\/li>\n<li><a href=\"https:\/\/agenciabrasil.ebc.com.br\/geral\/noticia\/2025-02\/modelo-mais-economico-de-ia-pode-gerar-oportunidades-para-o-brasil\" rel=\"noopener\">Modelo mais econ\u00f4mico de IA pode gerar oportunidades para o Brasil.<\/a><\/li>\n<\/ul>\n<p>De acordo com o CBO, tecnologias assistivas na oftalmologia englobam desde recursos at\u00e9 dispositivos, equipamentos e sistemas desenvolvidos para melhorar a independ\u00eancia e a qualidade de vida de pessoas com defici\u00eancia visual. Na maioria das vezes, s\u00e3o desenvolvidas para tarefas espec\u00edficas, com fun\u00e7\u00f5es bastante definidas para cada recurso.<\/p>\n<p>\u201cSolu\u00e7\u00f5es baseadas em IA t\u00eam oferecido assist\u00eancia visual a pessoas com defici\u00eancia, permitindo descri\u00e7\u00f5es de imagens, objetos e textos sem a necessidade de um volunt\u00e1rio, o que aumenta sua autonomia. Esses sistemas analisam fotos enviadas pelos usu\u00e1rios e fornecem descri\u00e7\u00f5es detalhadas, auxiliando em tarefas do dia a dia, como leitura de r\u00f3tulos, identifica\u00e7\u00e3o de objetos e reconhecimento de ambientes\u201d, explica a entidade m\u00e9dica.<\/p>\n<p>Combinando sensores e a conectividade com smartphones, as bengalas inteligentes, por exemplo, s\u00e3o capazes de detectar obst\u00e1culos e dar orienta\u00e7\u00f5es por meio de comandos de voz, permitindo que os usu\u00e1rios se desloquem com mais seguran\u00e7a em ambientes urbanos.\u00a0<\/p>\n<p>\u201cNessas tecnologias, a IA auxilia na identifica\u00e7\u00e3o de pontos de interesse e na adapta\u00e7\u00e3o a novos ambientes, facilitando a mobilidade\u201d, diz o CBO.<\/p>\n<p>Apesar do avan\u00e7o na acessibilidade dos pacientes, o CBO destaca que o desenvolvimento e a aplica\u00e7\u00e3o desse tipo de ferramenta requerem aten\u00e7\u00e3o a desafios \u00e9ticos e t\u00e9cnicos. \u201cDispositivos de audiodescri\u00e7\u00e3o gerados por IA podem, eventualmente, potencializar preconceitos se n\u00e3o forem alimentados ou moderados com uma base objetiva e imparcial\u201d, alerta o conselho.<\/p>\n<p><br \/>\n<br \/><a href=\"https:\/\/agenciabrasil.ebc.com.br\/saude\/noticia\/2025-02\/medicos-discutem-uso-da-ia-em-beneficio-de-deficientes-visuais\" rel=\"noopener\">Ag\u00eancia Brasil <\/a><\/p>\n","protected":false},"excerpt":{"rendered":"<p>Bengalas inteligentes e sistemas de audiodescri\u00e7\u00e3o de objetos e ambientes s\u00e3o exemplos da aplica\u00e7\u00e3o da intelig\u00eancia artificial (IA) no intuito de melhorar a autonomia de pessoas com defici\u00eancia visual. O tema ser\u00e1 discutido na 8\u00aa Conven\u00e7\u00e3o do Conselho Brasileiro de Oftalmologia (CBO), nesta sexta-feira (14) e neste s\u00e1bado (15), em S\u00e3o Paulo. Na conven\u00e7\u00e3o, especialistas [&hellip;]<\/p>\n","protected":false},"author":1,"featured_media":23441,"comment_status":"open","ping_status":"open","sticky":false,"template":"","format":"standard","meta":{"_jetpack_newsletter_access":"","_jetpack_dont_email_post_to_subs":false,"_jetpack_newsletter_tier_id":0,"_jetpack_memberships_contains_paywalled_content":false,"_mbp_banners":[],"_jetpack_feature_clip_id":0,"_jetpack_memberships_contains_paid_content":false,"footnotes":"","jetpack_publicize_message":"","jetpack_publicize_feature_enabled":true,"jetpack_social_post_already_shared":true,"jetpack_social_options":{"image_generator_settings":{"template":"highway","default_image_id":0,"font":"","enabled":false},"version":2},"jetpack_post_was_ever_published":false},"categories":[15],"tags":[],"class_list":["post-23440","post","type-post","status-publish","format-standard","has-post-thumbnail","category-saude"],"jetpack_publicize_connections":[],"jetpack-related-posts":[],"jetpack_shortlink":"https:\/\/wp.me\/p7Eq1F-664","jetpack_sharing_enabled":true,"jetpack_featured_media_url":"https:\/\/i0.wp.com\/guialimeira.com.br\/news\/wp-content\/uploads\/2025\/02\/jfcrz_abr_27081921471.jpg?fit=1600%2C800&ssl=1","_links":{"self":[{"href":"https:\/\/guialimeira.com.br\/news\/wp-json\/wp\/v2\/posts\/23440","targetHints":{"allow":["GET"]}}],"collection":[{"href":"https:\/\/guialimeira.com.br\/news\/wp-json\/wp\/v2\/posts"}],"about":[{"href":"https:\/\/guialimeira.com.br\/news\/wp-json\/wp\/v2\/types\/post"}],"author":[{"embeddable":true,"href":"https:\/\/guialimeira.com.br\/news\/wp-json\/wp\/v2\/users\/1"}],"replies":[{"embeddable":true,"href":"https:\/\/guialimeira.com.br\/news\/wp-json\/wp\/v2\/comments?post=23440"}],"version-history":[{"count":0,"href":"https:\/\/guialimeira.com.br\/news\/wp-json\/wp\/v2\/posts\/23440\/revisions"}],"wp:featuredmedia":[{"embeddable":true,"href":"https:\/\/guialimeira.com.br\/news\/wp-json\/wp\/v2\/media\/23441"}],"wp:attachment":[{"href":"https:\/\/guialimeira.com.br\/news\/wp-json\/wp\/v2\/media?parent=23440"}],"wp:term":[{"taxonomy":"category","embeddable":true,"href":"https:\/\/guialimeira.com.br\/news\/wp-json\/wp\/v2\/categories?post=23440"},{"taxonomy":"post_tag","embeddable":true,"href":"https:\/\/guialimeira.com.br\/news\/wp-json\/wp\/v2\/tags?post=23440"}],"curies":[{"name":"wp","href":"https:\/\/api.w.org\/{rel}","templated":true}]}}