{"id":23390,"date":"2025-02-12T17:48:08","date_gmt":"2025-02-12T20:48:08","guid":{"rendered":"https:\/\/guialimeira.com.br\/2025\/02\/12\/decreto-institui-desenrola-rural-que-ajudara-13-milhao-de-familias\/"},"modified":"2025-02-12T17:48:08","modified_gmt":"2025-02-12T20:48:08","slug":"decreto-institui-desenrola-rural-que-ajudara-13-milhao-de-familias","status":"publish","type":"post","link":"https:\/\/guialimeira.com.br\/news\/decreto-institui-desenrola-rural-que-ajudara-13-milhao-de-familias\/","title":{"rendered":"Decreto institui Desenrola Rural que ajudar\u00e1 1,3 milh\u00e3o de fam\u00edlias"},"content":{"rendered":"<p> <br \/>\n<\/p>\n<div>\n<p>Nos pr\u00f3ximos dez dias, as institui\u00e7\u00f5es de cr\u00e9dito ter\u00e3o de oferecer renegocia\u00e7\u00f5es a agricultores familiares endividados por meio do Desenrola Rural. O <a href=\"https:\/\/www.in.gov.br\/en\/web\/dou\/-\/decreto-n-12.381-de-11-de-fevereiro-de-2025-612353586\" target=\"_blank\" rel=\"noopener\">decreto<\/a> que institui o programa foi publicado nesta quarta-feira (12) no <em>Di\u00e1rio Oficial da Uni\u00e3o<\/em>.<img data-recalc-dims=\"1\" decoding=\"async\" src=\"https:\/\/i0.wp.com\/agenciabrasil.ebc.com.br\/ebc.png?w=696&#038;ssl=1\" style=\"width:1px; height:1px; display:inline;\"\/><img data-recalc-dims=\"1\" decoding=\"async\" src=\"https:\/\/i0.wp.com\/agenciabrasil.ebc.com.br\/ebc.gif?w=696&#038;ssl=1\" style=\"width:1px; height:1px; display:inline;\"\/><\/p>\n<p>A partir da publica\u00e7\u00e3o do decreto, as institui\u00e7\u00f5es de cr\u00e9dito t\u00eam at\u00e9 10 dias para atualizar os sistemas. Ap\u00f3s esse prazo, os agricultores familiares, assentados da reforma agr\u00e1ria, quilombolas e demais povos e comunidades tradicionais, poder\u00e3o ter acesso a melhores condi\u00e7\u00f5es de renegocia\u00e7\u00e3o e liquida\u00e7\u00e3o de suas d\u00edvidas.<\/p>\n<p>O programa abrange tanto d\u00edvidas de cr\u00e9dito rural como d\u00e9bitos inscritos na D\u00edvida Ativa da Uni\u00e3o ou com cr\u00e9ditos de instala\u00e7\u00e3o do Instituto Nacional de Coloniza\u00e7\u00e3o e Reforma Agr\u00e1ria (incra). Segundo o Minist\u00e9rio do Desenvolvimento Agr\u00e1rio e Agricultura Familiar (MDA), a vers\u00e3o do Desenrola para pequenos produtores rurais poder\u00e1 beneficiar at\u00e9 1,35 milh\u00e3o de pessoas com d\u00e9bitos em atraso h\u00e1 mais de um ano, de um total de 5,43 milh\u00f5es de agricultores familiares no pa\u00eds.<\/p>\n<p>Um levantamento do minist\u00e9rio constatou que, das fam\u00edlias endividadas, 70% est\u00e3o com restri\u00e7\u00f5es nos bancos e 30% com restri\u00e7\u00f5es nos servi\u00e7os de prote\u00e7\u00e3o ao cr\u00e9dito, muitos por atrasos nas contas de \u00e1gua, luz e telefone. Em rela\u00e7\u00e3o \u00e0s institui\u00e7\u00f5es de cr\u00e9dito, 69% dos d\u00e9bitos dos agricultores familiares t\u00eam valor inferior a R$ 10 mil. Entre as pessoas com restri\u00e7\u00e3o de cr\u00e9dito, 47% t\u00eam d\u00edvidas de at\u00e9 R$ 1 mil.<\/p>\n<h2>Ades\u00e3o<\/h2>\n<p>A ades\u00e3o poder\u00e1 ser feita de tr\u00eas formas. Quem estiver inscrito na D\u00edvida Ativa da Uni\u00e3o poder\u00e1 acessar, a partir de 24 de fevereiro, a p\u00e1gina <a href=\"https:\/\/www.regularize.pgfn.gov.br\" target=\"_blank\" rel=\"noopener\">Regularize<\/a>, da Procuradoria-Geral da Fazenda Nacional (PGFN), digitar o Cadastro de Pessoas F\u00edsicas (CPF), clicar em Consultar D\u00edvida e escolher uma op\u00e7\u00e3o de pagamento.<\/p>\n<p>Para d\u00edvidas do Programa Nacional de Fortalecimento da Agricultura Familiar (Pronaf), ou d\u00edvidas banc\u00e1rias de qualquer natureza, o produtor familiar dever\u00e1 procurar a institui\u00e7\u00e3o financeira para regularizar a situa\u00e7\u00e3o tamb\u00e9m a partir do dia 24, primeiro dia \u00fatil ap\u00f3s o prazo de dez dias da publica\u00e7\u00e3o do decreto. Se a d\u00edvida for de cr\u00e9dito de instala\u00e7\u00e3o de benefici\u00e1rios da reforma agr\u00e1ria, o pequeno agricultor deve ir ao Incra para quitar os d\u00e9bitos com desconto.<\/p>\n<p>O MDA tamb\u00e9m orienta os agricultores familiares a procurar os sindicatos, as associa\u00e7\u00f5es e as entidades representativas para receberem ajuda. A ades\u00e3o vai at\u00e9 31 de dezembro.<\/p>\n<h2>Condi\u00e7\u00f5es<\/h2>\n<p>As condi\u00e7\u00f5es de renegocia\u00e7\u00e3o e os descontos variam conforme o tipo de d\u00edvida. No caso de d\u00edvidas do Pronaf com riscos totalmente cobertos pelos fundos constitucionais (do Norte, do Nordeste e do Centro-Oeste), o decreto estabelece duas condi\u00e7\u00f5es de negocia\u00e7\u00e3o: sem e com amortiza\u00e7\u00e3o das parcelas inadimplentes. Apenas opera\u00e7\u00f5es contratadas entre 1\u00ba de janeiro de 2012 e 31 de dezembro de 2022 poder\u00e3o ser renegociadas.<\/p>\n<p>No primeiro caso, o desconto variar\u00e1 de 40% mais um valor fixo de R$ 6 mil para d\u00e9bitos acima de R$ 50 mil at\u00e9 80% sem adicional fixo para d\u00e9bitos de at\u00e9 R$ 10 mil. No segundo caso, em que ocorre a amortiza\u00e7\u00e3o e a capacidade de pagamento na defini\u00e7\u00e3o do valor das parcelas n\u00e3o ocorre, o desconto variar\u00e1 de 25% mais um desconto fixo de R$ 8 mil para d\u00edvidas acima de R$ 50 mil at\u00e9 65% para d\u00e9bitos de at\u00e9 R$ 10 mil.<\/p>\n<p>Para as d\u00edvidas de benefici\u00e1rios da reforma agr\u00e1ria contratadas de 27 de maio de 2014 a 29 de junho de 2022, haver\u00e1 descontos de 50% para as modalidades cacau e recupera\u00e7\u00e3o ambiental; de 80% nas modalidades fomento, fomento mulher, semi\u00e1rido e florestal; de 90% na modalidade apoio inicial e de 96% nas modalidades habitacional e reforma habitacional.<\/p>\n<p>      <!-- Relacionada --><\/p>\n<p>            <!-- Relacionada -->\n    <\/div>\n<p><br \/>\n<br \/><a href=\"https:\/\/agenciabrasil.ebc.com.br\/economia\/noticia\/2025-02\/decreto-institui-desenrola-rural-para-ajudar-13-milhao-de-familias\" rel=\"noopener\">Ag\u00eancia Brasil<\/a><\/p>\n","protected":false},"excerpt":{"rendered":"<p>Nos pr\u00f3ximos dez dias, as institui\u00e7\u00f5es de cr\u00e9dito ter\u00e3o de oferecer renegocia\u00e7\u00f5es a agricultores familiares endividados por meio do Desenrola Rural. O decreto que institui o programa foi publicado nesta quarta-feira (12) no Di\u00e1rio Oficial da Uni\u00e3o. A partir da publica\u00e7\u00e3o do decreto, as institui\u00e7\u00f5es de cr\u00e9dito t\u00eam at\u00e9 10 dias para atualizar os sistemas. [&hellip;]<\/p>\n","protected":false},"author":1,"featured_media":23391,"comment_status":"open","ping_status":"open","sticky":false,"template":"","format":"standard","meta":{"_jetpack_newsletter_access":"","_jetpack_dont_email_post_to_subs":false,"_jetpack_newsletter_tier_id":0,"_jetpack_memberships_contains_paywalled_content":false,"_mbp_banners":[],"_jetpack_feature_clip_id":0,"_jetpack_memberships_contains_paid_content":false,"footnotes":"","jetpack_publicize_message":"","jetpack_publicize_feature_enabled":true,"jetpack_social_post_already_shared":true,"jetpack_social_options":{"image_generator_settings":{"template":"highway","default_image_id":0,"font":"","enabled":false},"version":2},"jetpack_post_was_ever_published":false},"categories":[24],"tags":[],"class_list":["post-23390","post","type-post","status-publish","format-standard","has-post-thumbnail","category-economia"],"jetpack_publicize_connections":[],"jetpack-related-posts":[],"jetpack_shortlink":"https:\/\/wp.me\/p7Eq1F-65g","jetpack_sharing_enabled":true,"jetpack_featured_media_url":"https:\/\/i0.wp.com\/guialimeira.com.br\/news\/wp-content\/uploads\/2025\/02\/agricultura_familiar.jpg?fit=1600%2C800&ssl=1","_links":{"self":[{"href":"https:\/\/guialimeira.com.br\/news\/wp-json\/wp\/v2\/posts\/23390","targetHints":{"allow":["GET"]}}],"collection":[{"href":"https:\/\/guialimeira.com.br\/news\/wp-json\/wp\/v2\/posts"}],"about":[{"href":"https:\/\/guialimeira.com.br\/news\/wp-json\/wp\/v2\/types\/post"}],"author":[{"embeddable":true,"href":"https:\/\/guialimeira.com.br\/news\/wp-json\/wp\/v2\/users\/1"}],"replies":[{"embeddable":true,"href":"https:\/\/guialimeira.com.br\/news\/wp-json\/wp\/v2\/comments?post=23390"}],"version-history":[{"count":0,"href":"https:\/\/guialimeira.com.br\/news\/wp-json\/wp\/v2\/posts\/23390\/revisions"}],"wp:featuredmedia":[{"embeddable":true,"href":"https:\/\/guialimeira.com.br\/news\/wp-json\/wp\/v2\/media\/23391"}],"wp:attachment":[{"href":"https:\/\/guialimeira.com.br\/news\/wp-json\/wp\/v2\/media?parent=23390"}],"wp:term":[{"taxonomy":"category","embeddable":true,"href":"https:\/\/guialimeira.com.br\/news\/wp-json\/wp\/v2\/categories?post=23390"},{"taxonomy":"post_tag","embeddable":true,"href":"https:\/\/guialimeira.com.br\/news\/wp-json\/wp\/v2\/tags?post=23390"}],"curies":[{"name":"wp","href":"https:\/\/api.w.org\/{rel}","templated":true}]}}