{"id":2338,"date":"2024-04-22T17:13:30","date_gmt":"2024-04-22T20:13:30","guid":{"rendered":"https:\/\/guialimeira.com.br\/2024\/04\/22\/pedidos-de-isencao-da-taxa-do-enem-podem-ser-feitos-ate-sexta-feira\/"},"modified":"2024-04-22T17:13:30","modified_gmt":"2024-04-22T20:13:30","slug":"pedidos-de-isencao-da-taxa-do-enem-podem-ser-feitos-ate-sexta-feira","status":"publish","type":"post","link":"https:\/\/guialimeira.com.br\/news\/pedidos-de-isencao-da-taxa-do-enem-podem-ser-feitos-ate-sexta-feira\/","title":{"rendered":"Pedidos de isen\u00e7\u00e3o da taxa do Enem podem ser feitos at\u00e9 sexta-feira"},"content":{"rendered":"<p> <br \/>\n<\/p>\n<div>\n<p>Termina na pr\u00f3xima sexta-feira (26) o prazo para pedir a isen\u00e7\u00e3o de pagamento da taxa de inscri\u00e7\u00e3o para a realiza\u00e7\u00e3o do Exame Nacional do Ensino M\u00e9dio (Enem). Os pedidos devem ser feitos pela <a href=\"https:\/\/enem.inep.gov.br\/participante\/#!\/\" target=\"_blank\" rel=\"noopener\">P\u00e1gina do Participante<\/a>, com o <em>login<\/em> \u00fanico do Gov.br.<img data-recalc-dims=\"1\" decoding=\"async\" src=\"https:\/\/i0.wp.com\/agenciabrasil.ebc.com.br\/ebc.png?w=696&#038;ssl=1\" style=\"width:1px; height:1px; display:inline;\"\/><img data-recalc-dims=\"1\" decoding=\"async\" src=\"https:\/\/i0.wp.com\/agenciabrasil.ebc.com.br\/ebc.gif?w=696&#038;ssl=1\" style=\"width:1px; height:1px; display:inline;\"\/><\/p>\n<p>T\u00eam direito a fazer o Enem de gra\u00e7a os alunos matriculados no\u00a03\u00ba ano\u00a0 do ensino m\u00e9dio em 2024, em escola p\u00fablica, e quem fez todo o ensino m\u00e9dio em escola p\u00fablica ou como bolsista integral em escola privada. Tamb\u00e9m podem ser beneficiados participantes do programa P\u00e9-de-Meia, do Minist\u00e9rio da Educa\u00e7\u00e3o, e alunos de fam\u00edlias de baixa renda \u2013 com registro no Cadastro \u00danico para programas sociais do governo federal (Cad\u00danico).<\/p>\n<p>O estudante que teve isen\u00e7\u00e3o no Enem 2023, mas n\u00e3o compareceu aos dois dias do\u00a0exame, e quer participar da edi\u00e7\u00e3o de 2024 gratuitamente precisa justificar a aus\u00eancia. O prazo para a justificativa tamb\u00e9m encerra em 26 de abril.<\/p>\n<p>O Enem \u00e9 a principal porta de entrada para a educa\u00e7\u00e3o superior no Brasil, por meio do Sistema de Sele\u00e7\u00e3o Unificada (Sisu) e do Programa Universidade para Todos (Prouni). Os resultados do Exame s\u00e3o utilizados como crit\u00e9rio \u00fanico ou complementar dos processos seletivos, al\u00e9m de servirem de par\u00e2metro para acesso a aux\u00edlios governamentais, como o proporcionado pelo Fundo de Financiamento Estudantil (Fies).<\/p>\n<\/p><\/div>\n<p><br \/>\n<br \/><a href=\"https:\/\/agenciabrasil.ebc.com.br\/educacao\/noticia\/2024-04\/pedidos-de-isencao-da-taxa-do-enem-podem-ser-feitos-ate-sexta-feira\" rel=\"noopener\">Ag\u00eancia Brasil<\/a><\/p>\n","protected":false},"excerpt":{"rendered":"<p>Termina na pr\u00f3xima sexta-feira (26) o prazo para pedir a isen\u00e7\u00e3o de pagamento da taxa de inscri\u00e7\u00e3o para a realiza\u00e7\u00e3o do Exame Nacional do Ensino M\u00e9dio (Enem). Os pedidos devem ser feitos pela P\u00e1gina do Participante, com o login \u00fanico do Gov.br. T\u00eam direito a fazer o Enem de gra\u00e7a os alunos matriculados no\u00a03\u00ba ano\u00a0 [&hellip;]<\/p>\n","protected":false},"author":1,"featured_media":2339,"comment_status":"open","ping_status":"open","sticky":false,"template":"","format":"standard","meta":{"_jetpack_newsletter_access":"","_jetpack_dont_email_post_to_subs":false,"_jetpack_newsletter_tier_id":0,"_jetpack_memberships_contains_paywalled_content":false,"_mbp_banners":[],"_jetpack_feature_clip_id":0,"_jetpack_memberships_contains_paid_content":false,"footnotes":"","jetpack_publicize_message":"","jetpack_publicize_feature_enabled":true,"jetpack_social_post_already_shared":true,"jetpack_social_options":{"image_generator_settings":{"template":"highway","default_image_id":0,"font":"","enabled":false},"version":2},"jetpack_post_was_ever_published":false},"categories":[22],"tags":[],"class_list":["post-2338","post","type-post","status-publish","format-standard","has-post-thumbnail","category-nacional"],"jetpack_publicize_connections":[],"jetpack-related-posts":[],"jetpack_shortlink":"https:\/\/wp.me\/p7Eq1F-BI","jetpack_sharing_enabled":true,"jetpack_featured_media_url":"https:\/\/i0.wp.com\/guialimeira.com.br\/news\/wp-content\/uploads\/2024\/04\/1713816810_raf08821.jpg?fit=1600%2C800&ssl=1","_links":{"self":[{"href":"https:\/\/guialimeira.com.br\/news\/wp-json\/wp\/v2\/posts\/2338","targetHints":{"allow":["GET"]}}],"collection":[{"href":"https:\/\/guialimeira.com.br\/news\/wp-json\/wp\/v2\/posts"}],"about":[{"href":"https:\/\/guialimeira.com.br\/news\/wp-json\/wp\/v2\/types\/post"}],"author":[{"embeddable":true,"href":"https:\/\/guialimeira.com.br\/news\/wp-json\/wp\/v2\/users\/1"}],"replies":[{"embeddable":true,"href":"https:\/\/guialimeira.com.br\/news\/wp-json\/wp\/v2\/comments?post=2338"}],"version-history":[{"count":0,"href":"https:\/\/guialimeira.com.br\/news\/wp-json\/wp\/v2\/posts\/2338\/revisions"}],"wp:featuredmedia":[{"embeddable":true,"href":"https:\/\/guialimeira.com.br\/news\/wp-json\/wp\/v2\/media\/2339"}],"wp:attachment":[{"href":"https:\/\/guialimeira.com.br\/news\/wp-json\/wp\/v2\/media?parent=2338"}],"wp:term":[{"taxonomy":"category","embeddable":true,"href":"https:\/\/guialimeira.com.br\/news\/wp-json\/wp\/v2\/categories?post=2338"},{"taxonomy":"post_tag","embeddable":true,"href":"https:\/\/guialimeira.com.br\/news\/wp-json\/wp\/v2\/tags?post=2338"}],"curies":[{"name":"wp","href":"https:\/\/api.w.org\/{rel}","templated":true}]}}