{"id":23378,"date":"2025-02-12T16:47:20","date_gmt":"2025-02-12T19:47:20","guid":{"rendered":"https:\/\/guialimeira.com.br\/2025\/02\/12\/alckmin-defende-cotas-de-importacao-de-aco-pelos-estados-unidos\/"},"modified":"2025-02-12T16:47:20","modified_gmt":"2025-02-12T19:47:20","slug":"alckmin-defende-cotas-de-importacao-de-aco-pelos-estados-unidos","status":"publish","type":"post","link":"https:\/\/guialimeira.com.br\/news\/alckmin-defende-cotas-de-importacao-de-aco-pelos-estados-unidos\/","title":{"rendered":"Alckmin defende cotas de importa\u00e7\u00e3o de a\u00e7o pelos Estados Unidos"},"content":{"rendered":"<p> <br \/>\n<\/p>\n<div>\n<p>O vice-presidente e ministro do Desenvolvimento, Ind\u00fastria, Com\u00e9rcio e Servi\u00e7os, Geraldo Alckmin, defendeu, nesta quarta-feira (12), o estabelecimento de cotas de isen\u00e7\u00e3o para o a\u00e7o e alum\u00ednio enviados para os Estados Unidos. Dessa forma, o Brasil poderia\u00a0exportar determinada quantidade de a\u00e7o e alum\u00ednio sem pagar a \u00edntegra da taxa\u00e7\u00e3o.\u00a0<img data-recalc-dims=\"1\" decoding=\"async\" src=\"https:\/\/i0.wp.com\/agenciabrasil.ebc.com.br\/ebc.png?w=696&#038;ssl=1\" style=\"width:1px; height:1px; display:inline;\"\/><img data-recalc-dims=\"1\" decoding=\"async\" src=\"https:\/\/i0.wp.com\/agenciabrasil.ebc.com.br\/ebc.gif?w=696&#038;ssl=1\" style=\"width:1px; height:1px; display:inline;\"\/><\/p>\n<p>Alckmin disse ainda que\u00a0vai procurar as autoridades norte-americanas para negociar os termos da taxa\u00e7\u00e3o de <a href=\"https:\/\/agenciabrasil.ebc.com.br\/internacional\/noticia\/2025-02\/trump-eleva-para-25-tarifas-sobre-importacoes-de-aco-e-aluminio\" target=\"_blank\" rel=\"noopener\">25% sobre as importa\u00e7\u00f5es impostas pelo presidente Donald Trump<\/a>.<\/p>\n<p>\u201cSempre \u00e9 um bom caminho a gente buscar o ganha-ganha\u201d, defendeu Alckmin ap\u00f3s evento no Pal\u00e1cio do Planalto.<\/p>\n<p>O vice-presidente lembrou que os Estados Unidos t\u00eam um super\u00e1vit de US$ 7,2 bilh\u00f5es com o Brasil, ou seja, vendem mais bens e servi\u00e7os do que compram. Al\u00e9m disso, segundo ele, a taxa de importa\u00e7\u00e3o final do Brasil para produtos norte-americanos \u00e9 baix\u00edssima, de 2,7%, j\u00e1 que muitos produtos importados t\u00eam al\u00edquota zero, como m\u00e1quinas e equipamentos.<\/p>\n<p>\u201cEnt\u00e3o, n\u00f3s vamos dialogar para buscar um bom entendimento. N\u00e3o tem guerra tribut\u00e1ria, tem entendimento baseado no interesse p\u00fablico\u201d, reafirmou.<\/p>\n<p><strong><a href=\"https:\/\/agenciabrasil.ebc.com.br\/economia\/noticia\/2025-02\/entenda-como-a-taxacao-do-aco-e-aluminio-pelos-eua-impactar-exportacoes-do-brasil\" target=\"_blank\" rel=\"noopener\">&gt;&gt; Entenda como a taxa\u00e7\u00e3o do a\u00e7o pelos EUA impacta exporta\u00e7\u00f5es do Brasil<\/a><\/strong><\/p>\n<p>\u201c[A taxa\u00e7\u00e3o] n\u00e3o foi contra o Brasil. A al\u00edquota que foi imposta foi para o mundo inteiro. Ent\u00e3o, ela n\u00e3o foi discriminat\u00f3ria. Estados Unidos s\u00e3o um importante parceiro comercial do Brasil, n\u00e3o \u00e9 o maior, o maior \u00e9 a China, mas \u00e9 para ele que n\u00f3s exportamos [equipamentos com] valor agregado, avi\u00e3o, equipamentos, e de outro lado, \u00e9 o maior investidor no Brasil\u201d, ponderou Alckmin.<\/p>\n<p>Durante o seu primeiro mandato, Donald Trump imp\u00f4s tarifas sobre o a\u00e7o e o alum\u00ednio, mas depois concedeu cotas de isen\u00e7\u00e3o para parceiros, incluindo Canad\u00e1, M\u00e9xico e Brasil, que s\u00e3o os principais fornecedores desses produtos para os Estados Unidos.\u00a0<\/p>\n<p>Segundo o vice-presidente, a inten\u00e7\u00e3o \u00e9 tentar manter as cotas como o Brasil tem hoje.<\/p>\n<p>\u201cIsso \u00e9 do cotidiano. Todo dia voc\u00ea tem essas quest\u00f5es de altera\u00e7\u00e3o tarif\u00e1ria. O caminho \u00e9 o di\u00e1logo e n\u00f3s vamos procurar o governo norte-americano para buscar a melhor solu\u00e7\u00e3o&#8221;, afirmou Alckmin.<\/p>\n<h2>Reciprocidade<\/h2>\n<p>J\u00e1 o presidente Luiz In\u00e1cio Lula da Silva disse, na semana passada, que o <a href=\"https:\/\/agenciabrasil.ebc.com.br\/politica\/noticia\/2025-02\/brasil-vai-aplicar-reciprocidade-em-caso-de-taxacao-dos-eua-diz-lula\" target=\"_blank\" rel=\"noopener\">Brasil pode aplicar a lei da reciprocidade<\/a>, aumentando as taxas de produtos estadunidenses consumidos pelo Brasil. &#8220;O m\u00ednimo de dec\u00eancia que merece um governo \u00e9 utilizar a lei da reciprocidade\u201d, disse em entrevista a r\u00e1dios de Minas Gerais.<\/p>\n<p>Segundo dados da Administra\u00e7\u00e3o de Com\u00e9rcio Internacional do governo dos EUA, o Brasil foi o segundo maior fornecedor de a\u00e7o para o pa\u00eds em 2024, perdendo apenas para o Canad\u00e1. J\u00e1 um levantamento do Instituto do A\u00e7o Brasil, com base em dados oficiais do governo brasileiro, mostra que os EUA foram o principal destino do a\u00e7o do pa\u00eds, representando 49% de todo o a\u00e7o exportado pelo pa\u00eds em 2023.<\/p>\n<p>      <!-- Relacionada --><\/p>\n<p>            <!-- Relacionada -->\n    <\/div>\n<p><br \/>\n<br \/><a href=\"https:\/\/agenciabrasil.ebc.com.br\/economia\/noticia\/2025-02\/alckmin-defende-cotas-de-importacao-de-aco-pelos-estados-unidos\" rel=\"noopener\">Ag\u00eancia Brasil<\/a><\/p>\n","protected":false},"excerpt":{"rendered":"<p>O vice-presidente e ministro do Desenvolvimento, Ind\u00fastria, Com\u00e9rcio e Servi\u00e7os, Geraldo Alckmin, defendeu, nesta quarta-feira (12), o estabelecimento de cotas de isen\u00e7\u00e3o para o a\u00e7o e alum\u00ednio enviados para os Estados Unidos. Dessa forma, o Brasil poderia\u00a0exportar determinada quantidade de a\u00e7o e alum\u00ednio sem pagar a \u00edntegra da taxa\u00e7\u00e3o.\u00a0 Alckmin disse ainda que\u00a0vai procurar as [&hellip;]<\/p>\n","protected":false},"author":1,"featured_media":23379,"comment_status":"open","ping_status":"open","sticky":false,"template":"","format":"standard","meta":{"_jetpack_newsletter_access":"","_jetpack_dont_email_post_to_subs":false,"_jetpack_newsletter_tier_id":0,"_jetpack_memberships_contains_paywalled_content":false,"_mbp_banners":[],"_jetpack_feature_clip_id":0,"_jetpack_memberships_contains_paid_content":false,"footnotes":"","jetpack_publicize_message":"","jetpack_publicize_feature_enabled":true,"jetpack_social_post_already_shared":true,"jetpack_social_options":{"image_generator_settings":{"template":"highway","default_image_id":0,"font":"","enabled":false},"version":2},"jetpack_post_was_ever_published":false},"categories":[24],"tags":[],"class_list":["post-23378","post","type-post","status-publish","format-standard","has-post-thumbnail","category-economia"],"jetpack_publicize_connections":[],"jetpack-related-posts":[],"jetpack_shortlink":"https:\/\/wp.me\/p7Eq1F-654","jetpack_sharing_enabled":true,"jetpack_featured_media_url":"https:\/\/i0.wp.com\/guialimeira.com.br\/news\/wp-content\/uploads\/2025\/02\/54285226754_9f5076e6cf_o.jpg?fit=1600%2C800&ssl=1","_links":{"self":[{"href":"https:\/\/guialimeira.com.br\/news\/wp-json\/wp\/v2\/posts\/23378","targetHints":{"allow":["GET"]}}],"collection":[{"href":"https:\/\/guialimeira.com.br\/news\/wp-json\/wp\/v2\/posts"}],"about":[{"href":"https:\/\/guialimeira.com.br\/news\/wp-json\/wp\/v2\/types\/post"}],"author":[{"embeddable":true,"href":"https:\/\/guialimeira.com.br\/news\/wp-json\/wp\/v2\/users\/1"}],"replies":[{"embeddable":true,"href":"https:\/\/guialimeira.com.br\/news\/wp-json\/wp\/v2\/comments?post=23378"}],"version-history":[{"count":0,"href":"https:\/\/guialimeira.com.br\/news\/wp-json\/wp\/v2\/posts\/23378\/revisions"}],"wp:featuredmedia":[{"embeddable":true,"href":"https:\/\/guialimeira.com.br\/news\/wp-json\/wp\/v2\/media\/23379"}],"wp:attachment":[{"href":"https:\/\/guialimeira.com.br\/news\/wp-json\/wp\/v2\/media?parent=23378"}],"wp:term":[{"taxonomy":"category","embeddable":true,"href":"https:\/\/guialimeira.com.br\/news\/wp-json\/wp\/v2\/categories?post=23378"},{"taxonomy":"post_tag","embeddable":true,"href":"https:\/\/guialimeira.com.br\/news\/wp-json\/wp\/v2\/tags?post=23378"}],"curies":[{"name":"wp","href":"https:\/\/api.w.org\/{rel}","templated":true}]}}