{"id":2336,"date":"2024-04-22T17:12:15","date_gmt":"2024-04-22T20:12:15","guid":{"rendered":"https:\/\/guialimeira.com.br\/2024\/04\/22\/comerciantes-aprovam-feira-livre-noturna-proxima-edicao-e-nesta-terca-23\/"},"modified":"2024-04-22T17:12:15","modified_gmt":"2024-04-22T20:12:15","slug":"comerciantes-aprovam-feira-livre-noturna-proxima-edicao-e-nesta-terca-23","status":"publish","type":"post","link":"https:\/\/guialimeira.com.br\/news\/comerciantes-aprovam-feira-livre-noturna-proxima-edicao-e-nesta-terca-23\/","title":{"rendered":"Comerciantes aprovam Feira Livre Noturna; pr\u00f3xima edi\u00e7\u00e3o \u00e9 nesta ter\u00e7a (23)"},"content":{"rendered":"<p> <br \/>\n<\/p>\n<div id=\"\">&#13;<br \/>\n                &#13;<br \/>\n&#13;<br \/>\n&#13;<br \/>\n&#13;<br \/>\n    <img data-recalc-dims=\"1\" decoding=\"async\" src=\"https:\/\/i0.wp.com\/ecrie.com.br\/sistema\/conteudos\/imagem\/m_137_0_1_22042024162229.jpg?w=696&#038;ssl=1\" alt=\"Comerciantes aprovam Feira Livre Noturna; pr\u00f3xima edi\u00e7\u00e3o \u00e9 nesta ter\u00e7a (23)\"\/>&#13;<br \/>\n&#13;<\/p>\n<p>A Feira Livre Noturna, iniciativa da Prefeitura de Limeira, por meio da Secretaria de Meio Ambiente e Agricultura, em parceria com a Associa\u00e7\u00e3o dos Feirantes (Asfel), contar\u00e1 com 40 barracas no Parque Cidade, nesta ter\u00e7a-feira (23), das 17h \u00e0s 22h. Ser\u00e3o comercializados produtos como legumes, verduras, frutas, roupas, brinquedos, pastel, espetinhos, lanches, bolos, entre outras op\u00e7\u00f5es.\u00a0<\/p>\n<p>&#13;<\/p>\n<p>Lan\u00e7ada em novembro pela administra\u00e7\u00e3o Mario Botion, a Feira Livre Noturna tem agradado a comerciantes e consumidores. Presente desde a primeira edi\u00e7\u00e3o, a feirante Vanusa Maria das Dores comemora os resultados da iniciativa. \u201cGra\u00e7as a Deus, as vendas s\u00f3 aumentam\u201d, comentou. Ao lado da irm\u00e3, ela apostou na venda de baguetes ao creme de alho. Em m\u00e9dia, comercializa de 70 a 80 lanches por dia.<\/p>\n<p>&#13;<\/p>\n<p>Segundo Vanusa, um dos motivos do sucesso de p\u00fablico est\u00e1 no hor\u00e1rio alternativo da proposta, no per\u00edodo noturno, estrat\u00e9gia que facilita a presen\u00e7a dos consumidores. \u201cHoje em dia, a dona de casa trabalha muito e quase n\u00e3o tem tempo de ir \u00e0 feira. Al\u00e9m disso, a edi\u00e7\u00e3o noturna proporciona uma op\u00e7\u00e3o de lazer \u00e0s fam\u00edlias\u201d, disse. A feirante, que est\u00e1 h\u00e1 30 anos no ramo, tamb\u00e9m falou sobre a negocia\u00e7\u00e3o da Asfel\u00a0para concretiza\u00e7\u00e3o do projeto. \u201cFoi uma grande conquista para n\u00f3s, feirantes, que h\u00e1 anos reivindic\u00e1vamos a realiza\u00e7\u00e3o de uma Feira Noturna\u201d, disse.<\/p>\n<p>&#13;<\/p>\n<p>Outro feirante que tamb\u00e9m participa desde a primeira edi\u00e7\u00e3o da Feira Noturna \u00e9 Anderson Luis Pandolfi Borges, de 42, dono de uma barraca de milho e derivados, como cuscuz, pamonha, curau, entre outros. \u201c\u00c9 uma experi\u00eancia a qual esper\u00e1vamos h\u00e1 muito tempo, os resultados a cada dia se tornam melhores\u201d, comentou. H\u00e1 26 anos atuando como feirante, ele est\u00e1 otimista com o an\u00fancio de um segundo espa\u00e7o de realiza\u00e7\u00e3o da Feira Noturna. A\u00a0partir de 9 de maio, a feira tamb\u00e9m ser\u00e1 levada, quinzenalmente, ao Limeir\u00e3o. \u201cGenial, al\u00e9m de mais uma oportunidade para os feirantes apresentarem produtos de qualidade, a Feira Noturna no Limeir\u00e3o far\u00e1 a economia da cidade girar\u201d, frisou.<\/p>\n<p>&#13;<\/p>\n<p>\u201c\u00c9 uma a\u00e7\u00e3o que apresentou resultados positivos e que agora vamos ampliar,\u00a0a partir de maio, para\u00a0novo dia e local&#8221;, afirmou\u00a0Botion. \u201cO projeto atende um desejo dos feirantes e, sem d\u00favida, cria uma nova op\u00e7\u00e3o para os consumidores\u201d, refor\u00e7ou\u00a0a vice-prefeita Erika Tank.\u00a0<\/p>\n<p>&#13;<\/p>\n<p>\u00a0<\/p>\n<p>&#13;<\/p>\n<p><strong>SERVI\u00c7O:<\/strong><\/p>\n<p>&#13;<\/p>\n<p>Feira Livre Noturna<\/p>\n<p>&#13;<\/p>\n<p>Local: Parque Cidade de Limeira &#8211; Rua Jo\u00e3o K\u00fchl Filho, s\/n\u00ba<\/p>\n<p>&#13;<\/p>\n<p>Data: 23\/4 (amanh\u00e3)<\/p>\n<p>&#13;<\/p>\n<p>Hor\u00e1rio: das 17h \u00e0s 22h<\/p>\n<p>&#13;<\/p>\n<p>\u00a0<\/p>\n<p>&#13;<br \/>\n&#13;<br \/>\n&#13;<br \/>\n&#13;<\/p>\n<aside class=\"list-related no-print\">&#13;<br \/>\n        &#13;<br \/>\n&#13;<\/p>\n<article class=\"list-item noticias \">&#13;<br \/>\n                    <a class=\"list-item__img\" href=\"https:\/\/limeira.sp.gov.br\/imprensa\/noticias\/meio-ambiente-e-agricultura\/publico-atendido-pela-alicc-visita-viveiro-de-mudas-e-conhece-processo-de-producao-de-mudas\" tabindex=\"-1\" aria-hidden=\"true\" rel=\"noopener\">&#13;<br \/>\n                        <img data-recalc-dims=\"1\" decoding=\"async\" src=\"https:\/\/i0.wp.com\/ecrie.com.br\/sistema\/conteudos\/imagem\/m_137_0_1_22042024122756.jpg?w=696&#038;ssl=1\" alt=\"P\u00fablico atendido pela Alicc visita Viveiro de Mudas e conhece processo de produ\u00e7\u00e3o de mudas\"\/>&#13;<br \/>\n                    <\/a>&#13;<br \/>\n&#13;<br \/>\n                &#13;<br \/>\n            <\/article>\n<p>&#13;<\/p>\n<article class=\"list-item noticias \">&#13;<br \/>\n                    <a class=\"list-item__img\" href=\"https:\/\/limeira.sp.gov.br\/imprensa\/noticias\/gabinete-do-prefeito\/prefeito-mario-botion-e-vice-prefeita-erika-tank-acompanham-final-da-copa-limeira\" tabindex=\"-1\" aria-hidden=\"true\" rel=\"noopener\">&#13;<br \/>\n                        <img data-recalc-dims=\"1\" decoding=\"async\" src=\"https:\/\/i0.wp.com\/ecrie.com.br\/sistema\/conteudos\/imagem\/m_137_2_1_21042024165058.jpg?w=696&#038;ssl=1\" alt=\"Prefeito Mario Botion e vice-prefeita Erika Tank acompanham final da Copa Limeira\"\/>&#13;<br \/>\n                    <\/a>&#13;<br \/>\n&#13;<br \/>\n                &#13;<br \/>\n            <\/article>\n<p>&#13;<\/p>\n<article class=\"list-item noticias \">&#13;<br \/>\n                    <a class=\"list-item__img\" href=\"https:\/\/limeira.sp.gov.br\/imprensa\/noticias\/gabinete-do-prefeito\/no-cras-ceu-erika-tank-confere-projeto-cidadania-itinerante\" tabindex=\"-1\" aria-hidden=\"true\" rel=\"noopener\">&#13;<br \/>\n                        <img data-recalc-dims=\"1\" decoding=\"async\" src=\"https:\/\/i0.wp.com\/ecrie.com.br\/sistema\/conteudos\/imagem\/m_137_0_1_19042024150503.jpg?w=696&#038;ssl=1\" alt=\"No Cras CEU, Erika Tank confere projeto Cidadania Itinerante\"\/>&#13;<br \/>\n                    <\/a>&#13;<br \/>\n&#13;<br \/>\n                &#13;<br \/>\n            <\/article>\n<p>&#13;<br \/>\n    <\/aside>\n<p>&#13;<br \/>\n&#13;\n            <\/p><\/div>\n<p><br \/>\n<br \/><a href=\"https:\/\/limeira.sp.gov.br\/comerciantes-aprovam-feira-livre-noturna-proxima-edicao-e-nesta-terca-23\" rel=\"noopener\">Informa\u00e7\u00f5es da PML <\/a><\/p>\n","protected":false},"excerpt":{"rendered":"<p>&#13; &#13; &#13; &#13; &#13; &#13; &#13; A Feira Livre Noturna, iniciativa da Prefeitura de Limeira, por meio da Secretaria de Meio Ambiente e Agricultura, em parceria com a Associa\u00e7\u00e3o dos Feirantes (Asfel), contar\u00e1 com 40 barracas no Parque Cidade, nesta ter\u00e7a-feira (23), das 17h \u00e0s 22h. Ser\u00e3o comercializados produtos como legumes, verduras, frutas, roupas, [&hellip;]<\/p>\n","protected":false},"author":1,"featured_media":2337,"comment_status":"open","ping_status":"open","sticky":false,"template":"","format":"standard","meta":{"_jetpack_newsletter_access":"","_jetpack_dont_email_post_to_subs":false,"_jetpack_newsletter_tier_id":0,"_jetpack_memberships_contains_paywalled_content":false,"_mbp_banners":[],"_jetpack_feature_clip_id":0,"_jetpack_memberships_contains_paid_content":false,"footnotes":"","jetpack_publicize_message":"","jetpack_publicize_feature_enabled":true,"jetpack_social_post_already_shared":true,"jetpack_social_options":{"image_generator_settings":{"template":"highway","default_image_id":0,"font":"","enabled":false},"version":2},"jetpack_post_was_ever_published":false},"categories":[16],"tags":[],"class_list":["post-2336","post","type-post","status-publish","format-standard","has-post-thumbnail","category-local"],"jetpack_publicize_connections":[],"jetpack-related-posts":[],"jetpack_shortlink":"https:\/\/wp.me\/p7Eq1F-BG","jetpack_sharing_enabled":true,"jetpack_featured_media_url":"https:\/\/i0.wp.com\/guialimeira.com.br\/news\/wp-content\/uploads\/2024\/04\/m_137_0_1_22042024162229.jpg?fit=1280%2C852&ssl=1","_links":{"self":[{"href":"https:\/\/guialimeira.com.br\/news\/wp-json\/wp\/v2\/posts\/2336","targetHints":{"allow":["GET"]}}],"collection":[{"href":"https:\/\/guialimeira.com.br\/news\/wp-json\/wp\/v2\/posts"}],"about":[{"href":"https:\/\/guialimeira.com.br\/news\/wp-json\/wp\/v2\/types\/post"}],"author":[{"embeddable":true,"href":"https:\/\/guialimeira.com.br\/news\/wp-json\/wp\/v2\/users\/1"}],"replies":[{"embeddable":true,"href":"https:\/\/guialimeira.com.br\/news\/wp-json\/wp\/v2\/comments?post=2336"}],"version-history":[{"count":0,"href":"https:\/\/guialimeira.com.br\/news\/wp-json\/wp\/v2\/posts\/2336\/revisions"}],"wp:featuredmedia":[{"embeddable":true,"href":"https:\/\/guialimeira.com.br\/news\/wp-json\/wp\/v2\/media\/2337"}],"wp:attachment":[{"href":"https:\/\/guialimeira.com.br\/news\/wp-json\/wp\/v2\/media?parent=2336"}],"wp:term":[{"taxonomy":"category","embeddable":true,"href":"https:\/\/guialimeira.com.br\/news\/wp-json\/wp\/v2\/categories?post=2336"},{"taxonomy":"post_tag","embeddable":true,"href":"https:\/\/guialimeira.com.br\/news\/wp-json\/wp\/v2\/tags?post=2336"}],"curies":[{"name":"wp","href":"https:\/\/api.w.org\/{rel}","templated":true}]}}