{"id":23349,"date":"2025-02-12T11:29:23","date_gmt":"2025-02-12T14:29:23","guid":{"rendered":"https:\/\/guialimeira.com.br\/2025\/02\/12\/sao-paulo-tem-primeiro-caso-de-morte-por-chikungunya\/"},"modified":"2025-02-12T11:29:23","modified_gmt":"2025-02-12T14:29:23","slug":"sao-paulo-tem-primeiro-caso-de-morte-por-chikungunya","status":"publish","type":"post","link":"https:\/\/guialimeira.com.br\/news\/sao-paulo-tem-primeiro-caso-de-morte-por-chikungunya\/","title":{"rendered":"S\u00e3o Paulo tem primeiro caso de morte por Chikungunya"},"content":{"rendered":"<p> <br \/>\n<\/p>\n<div>\n<p>O primeiro caso de morte por <em>Chikungunya<\/em> no estado de S\u00e3o Paulo foi confirmado com o \u00f3bito de uma pessoa em Tup\u00e3, cidade a 435,9 km da capital. Segundo a Secretaria de Sa\u00fade de Tup\u00e3, trata-se de um homem, de 60 anos, com registro de comorbidades (diabetes).<img data-recalc-dims=\"1\" decoding=\"async\" src=\"https:\/\/i0.wp.com\/agenciabrasil.ebc.com.br\/ebc.png?w=696&#038;ssl=1\" style=\"width:1px; height:1px; display:inline;\"\/><img data-recalc-dims=\"1\" decoding=\"async\" src=\"https:\/\/i0.wp.com\/agenciabrasil.ebc.com.br\/ebc.gif?w=696&#038;ssl=1\" style=\"width:1px; height:1px; display:inline;\"\/><\/p>\n<p>A prefeitura de Tup\u00e3 informou que o homem come\u00e7ou a sentir os sintomas da doen\u00e7a \u2013 febre alta e dores nas articula\u00e7\u00f5es \u2013 no primeiro dia de janeiro deste ano, foi internado dois dias depois e morreu no dia 11 do mesmo m\u00eas.<\/p>\n<p>Conforme o painel de arboviroses da Secretaria de Sa\u00fade de S\u00e3o Paulo, a cidade j\u00e1 registrou 1.283 prov\u00e1veis casos de contamina\u00e7\u00e3o pela doen\u00e7a, com 613 ocorr\u00eancias confirmadas e outros 670 em confirma\u00e7\u00e3o.<\/p>\n<p>No estado, j\u00e1 s\u00e3o 3.523 casos prov\u00e1veis, 1.064 confirma\u00e7\u00f5es e 2.549 registros em investiga\u00e7\u00e3o. Al\u00e9m do \u00f3bito de Tup\u00e3, outros quatro casos em S\u00e3o Paulo est\u00e3o em investiga\u00e7\u00e3o. A <em>Chikungunya<\/em> \u00e9 transmitida pelo <em>aedes aegypti<\/em>, o mesmo mosquito (foto) transmissor da dengue.<\/p>\n<h2>Dengue<\/h2>\n<p>Nesta segunda-feira, foi confirmado pela Coordenadoria de Vigil\u00e2ncia em Sa\u00fade (Covisa), da Secretaria Municipal de Sa\u00fade de S\u00e3o Paulo, a morte de uma menina de 11 anos por dengue. Ela morava na regi\u00e3o de Hermelino Matarazzo, na zona leste.<\/p>\n<p>S\u00f3 na cidade de S\u00e3o Paulo j\u00e1 s\u00e3o registrados 2.851 casos de dengue. Com o aumento das ocorr\u00eancias, a prefeitura est\u00e1 executando a busca ativa para aplicar a segunda dose da vacina\u00e7\u00e3o contra a doen\u00e7a, uma vez que a maioria das pessoas tomou a primeira dose, mas n\u00e3o a complementar.<\/p>\n<p>Segundo o Minist\u00e9rio da Sa\u00fade, o Brasil registra at\u00e9 o momento 269.919 casos prov\u00e1veis de dengue, sendo 303 \u00f3bitos em investiga\u00e7\u00e3o e 85 mortes confirmadas. No caso da <em>chikungunya <\/em>s\u00e3o 19.605 casos prov\u00e1veis, 12 \u00f3bitos em investiga\u00e7\u00e3o e 11 confirma\u00e7\u00f5es de falecimento pela doen\u00e7a.<\/p>\n<p>      <!-- Relacionada --><\/p>\n<p>            <!-- Relacionada -->\n    <\/div>\n<p><br \/>\n<br \/><a href=\"https:\/\/agenciabrasil.ebc.com.br\/saude\/noticia\/2025-02\/sao-paulo-tem-primeiro-caso-de-morte-por-chikungunya\" rel=\"noopener\">Ag\u00eancia Brasil <\/a><\/p>\n","protected":false},"excerpt":{"rendered":"<p>O primeiro caso de morte por Chikungunya no estado de S\u00e3o Paulo foi confirmado com o \u00f3bito de uma pessoa em Tup\u00e3, cidade a 435,9 km da capital. Segundo a Secretaria de Sa\u00fade de Tup\u00e3, trata-se de um homem, de 60 anos, com registro de comorbidades (diabetes). A prefeitura de Tup\u00e3 informou que o homem [&hellip;]<\/p>\n","protected":false},"author":1,"featured_media":3095,"comment_status":"open","ping_status":"open","sticky":false,"template":"","format":"standard","meta":{"_jetpack_newsletter_access":"","_jetpack_dont_email_post_to_subs":false,"_jetpack_newsletter_tier_id":0,"_jetpack_memberships_contains_paywalled_content":false,"_mbp_banners":[],"_jetpack_feature_clip_id":0,"_jetpack_memberships_contains_paid_content":false,"footnotes":"","jetpack_publicize_message":"","jetpack_publicize_feature_enabled":true,"jetpack_social_post_already_shared":true,"jetpack_social_options":{"image_generator_settings":{"template":"highway","default_image_id":0,"font":"","enabled":false},"version":2},"jetpack_post_was_ever_published":false},"categories":[15],"tags":[],"class_list":["post-23349","post","type-post","status-publish","format-standard","has-post-thumbnail","category-saude"],"jetpack_publicize_connections":[],"jetpack-related-posts":[],"jetpack_shortlink":"https:\/\/wp.me\/p7Eq1F-64B","jetpack_sharing_enabled":true,"jetpack_featured_media_url":"https:\/\/i0.wp.com\/guialimeira.com.br\/news\/wp-content\/uploads\/2024\/04\/mosquito-1548947.jpg?fit=1600%2C800&ssl=1","_links":{"self":[{"href":"https:\/\/guialimeira.com.br\/news\/wp-json\/wp\/v2\/posts\/23349","targetHints":{"allow":["GET"]}}],"collection":[{"href":"https:\/\/guialimeira.com.br\/news\/wp-json\/wp\/v2\/posts"}],"about":[{"href":"https:\/\/guialimeira.com.br\/news\/wp-json\/wp\/v2\/types\/post"}],"author":[{"embeddable":true,"href":"https:\/\/guialimeira.com.br\/news\/wp-json\/wp\/v2\/users\/1"}],"replies":[{"embeddable":true,"href":"https:\/\/guialimeira.com.br\/news\/wp-json\/wp\/v2\/comments?post=23349"}],"version-history":[{"count":0,"href":"https:\/\/guialimeira.com.br\/news\/wp-json\/wp\/v2\/posts\/23349\/revisions"}],"wp:featuredmedia":[{"embeddable":true,"href":"https:\/\/guialimeira.com.br\/news\/wp-json\/wp\/v2\/media\/3095"}],"wp:attachment":[{"href":"https:\/\/guialimeira.com.br\/news\/wp-json\/wp\/v2\/media?parent=23349"}],"wp:term":[{"taxonomy":"category","embeddable":true,"href":"https:\/\/guialimeira.com.br\/news\/wp-json\/wp\/v2\/categories?post=23349"},{"taxonomy":"post_tag","embeddable":true,"href":"https:\/\/guialimeira.com.br\/news\/wp-json\/wp\/v2\/tags?post=23349"}],"curies":[{"name":"wp","href":"https:\/\/api.w.org\/{rel}","templated":true}]}}