{"id":2332,"date":"2024-04-22T16:47:50","date_gmt":"2024-04-22T19:47:50","guid":{"rendered":"https:\/\/guialimeira.com.br\/2024\/04\/22\/semac-convoca-artistas-na-quarta-feira-24-04-para-apresentar-a-lei-aldir-blanc-ii-portal-do-municipio-de-piracicaba\/"},"modified":"2024-04-22T16:47:50","modified_gmt":"2024-04-22T19:47:50","slug":"semac-convoca-artistas-na-quarta-feira-24-04-para-apresentar-a-lei-aldir-blanc-ii-portal-do-municipio-de-piracicaba","status":"publish","type":"post","link":"https:\/\/guialimeira.com.br\/news\/semac-convoca-artistas-na-quarta-feira-24-04-para-apresentar-a-lei-aldir-blanc-ii-portal-do-municipio-de-piracicaba\/","title":{"rendered":"Semac convoca artistas na quarta-feira, 24\/04, para apresentar a Lei Aldir Blanc II \u2013 Portal do Munic\u00edpio de Piracicaba"},"content":{"rendered":"<p> <br \/>\n<\/p>\n<div itemprop=\"articleBody\">\n<div class=\"m-auto col-lg-8\">\n<figure class=\"text-center\">\n<img data-recalc-dims=\"1\" width=\"696\" height=\"522\" src=\"https:\/\/i0.wp.com\/piracicaba.sp.gov.br\/wp-content\/uploads\/2024\/04\/Reuniao-da-proxima-quarta-feira-sera-nos-moldes-daquelas-realizadas-ao-longo-de-2023-para-debater-a-Lei-Paulo-Gustavo-1024x768.jpeg?resize=696%2C522&#038;ssl=1\" class=\"img-fluid img-thumbnail border-1 wp-post-image\" alt=\"Reuni\u00e3o da pr\u00f3xima quarta-feira ser\u00e1 nos moldes daquelas realizadas ao longo de 2023 para debater a Lei Paulo Gustavo\" itemprop=\"image\" decoding=\"async\" fetchpriority=\"high\" srcset=\"https:\/\/piracicaba.sp.gov.br\/wp-content\/uploads\/2024\/04\/Reuniao-da-proxima-quarta-feira-sera-nos-moldes-daquelas-realizadas-ao-longo-de-2023-para-debater-a-Lei-Paulo-Gustavo-1024x768.jpeg 1024w, https:\/\/piracicaba.sp.gov.br\/wp-content\/uploads\/2024\/04\/Reuniao-da-proxima-quarta-feira-sera-nos-moldes-daquelas-realizadas-ao-longo-de-2023-para-debater-a-Lei-Paulo-Gustavo-300x225.jpeg 300w, https:\/\/piracicaba.sp.gov.br\/wp-content\/uploads\/2024\/04\/Reuniao-da-proxima-quarta-feira-sera-nos-moldes-daquelas-realizadas-ao-longo-de-2023-para-debater-a-Lei-Paulo-Gustavo-768x576.jpeg 768w, https:\/\/piracicaba.sp.gov.br\/wp-content\/uploads\/2024\/04\/Reuniao-da-proxima-quarta-feira-sera-nos-moldes-daquelas-realizadas-ao-longo-de-2023-para-debater-a-Lei-Paulo-Gustavo-1536x1152.jpeg 1536w, https:\/\/piracicaba.sp.gov.br\/wp-content\/uploads\/2024\/04\/Reuniao-da-proxima-quarta-feira-sera-nos-moldes-daquelas-realizadas-ao-longo-de-2023-para-debater-a-Lei-Paulo-Gustavo.jpeg 1600w\" sizes=\"(max-width: 1024px) 100vw, 1024px\"\/><figcaption class=\"text-center small fw-bold fst-italic mt-1\">Reuni\u00e3o da pr\u00f3xima quarta-feira ser\u00e1 nos moldes daquelas realizadas ao longo de 2023 para debater a Lei Paulo Gustavo<\/figcaption><\/figure>\n<p>A Prefeitura, por meio da Semac (Secretaria Municipal da A\u00e7\u00e3o Cultural), realizar\u00e1 na pr\u00f3xima quarta-feira, 24\/04, \u00e0s 19h, no Armaz\u00e9m 14 do Engenho Central, uma reuni\u00e3o com artistas, produtores e fazedores de cultura do munic\u00edpio para apresentar as diretrizes da Lei Aldir Blanc II, mais uma lei emergencial de fomento \u00e0 cultura que ser\u00e1 aplicada em todo o Brasil. Piracicaba recebeu recursos no valor de R$ 2.695.934,03, que ser\u00e3o divididos em diferentes editais.<\/p>\n<p>A Lei n\u00ba 14.399 de julho de 2022, conhecida como Pol\u00edtica Nacional Aldir Blanc de Fomento \u00e0 Cultura, tem vig\u00eancia de cinco anos. A Uni\u00e3o vai remeter aos estados e munic\u00edpios o valor global de R$ 3 bilh\u00f5es anuais at\u00e9 2027.<\/p>\n<p>O dinheiro dever\u00e1 ser usado para o financiamento de projetos culturais, montagem de cursos, pesquisas e estudos no setor e preserva\u00e7\u00e3o de patrim\u00f4nio cultural, entre outras finalidades.<\/p>\n<p>Na reuni\u00e3o da pr\u00f3xima quarta-feira, nos moldes daquelas realizadas ao longo de 2023 para debater a Lei Paulo Gustavo, a\u00a0Semac vai detalhar o Plano de A\u00e7\u00e3o da Lei Aldir Blanc II, para aprecia\u00e7\u00e3o e eventuais altera\u00e7\u00f5es em discuss\u00f5es com os presentes. O encontro tamb\u00e9m vai definir a realiza\u00e7\u00e3o de mais duas oitivas para definir o que a pasta vai incluir no Paar (Plano Anual de Aplica\u00e7\u00e3o dos Recursos) referente a esta lei emergencial, que deve ser inserida no sistema da Uni\u00e3o at\u00e9 31\/05.<\/p>\n<p>Na Lei Aldir\u00a0Banc\u00a0I, Piracicaba executou, entre 2020 e 2021, aproximadamente\u00a0R$\u00a02,5 milh\u00f5es\u00a0em editais\u00a0de fomento \u00e0 cultura e manuten\u00e7\u00e3o de espa\u00e7os culturais.<\/p>\n<\/div>\n<\/div>\n<p><br \/>\n<br \/><a href=\"https:\/\/piracicaba.sp.gov.br\/noticias\/semac-convoca-artistas-na-quarta-feira-24-04-para-apresentar-a-lei-aldir-blanc-ii\/\" rel=\"noopener\">Informa\u00e7\u00f5es PMP <\/a><\/p>\n","protected":false},"excerpt":{"rendered":"<p>Reuni\u00e3o da pr\u00f3xima quarta-feira ser\u00e1 nos moldes daquelas realizadas ao longo de 2023 para debater a Lei Paulo Gustavo A Prefeitura, por meio da Semac (Secretaria Municipal da A\u00e7\u00e3o Cultural), realizar\u00e1 na pr\u00f3xima quarta-feira, 24\/04, \u00e0s 19h, no Armaz\u00e9m 14 do Engenho Central, uma reuni\u00e3o com artistas, produtores e fazedores de cultura do munic\u00edpio para [&hellip;]<\/p>\n","protected":false},"author":1,"featured_media":2333,"comment_status":"open","ping_status":"open","sticky":false,"template":"","format":"standard","meta":{"_jetpack_newsletter_access":"","_jetpack_dont_email_post_to_subs":false,"_jetpack_newsletter_tier_id":0,"_jetpack_memberships_contains_paywalled_content":false,"_mbp_banners":[],"_jetpack_feature_clip_id":0,"_jetpack_memberships_contains_paid_content":false,"footnotes":"","jetpack_publicize_message":"","jetpack_publicize_feature_enabled":true,"jetpack_social_post_already_shared":true,"jetpack_social_options":{"image_generator_settings":{"template":"highway","default_image_id":0,"font":"","enabled":false},"version":2},"jetpack_post_was_ever_published":false},"categories":[20],"tags":[],"class_list":["post-2332","post","type-post","status-publish","format-standard","has-post-thumbnail","category-regiao"],"jetpack_publicize_connections":[],"jetpack-related-posts":[],"jetpack_shortlink":"https:\/\/wp.me\/p7Eq1F-BC","jetpack_sharing_enabled":true,"jetpack_featured_media_url":"https:\/\/i0.wp.com\/guialimeira.com.br\/news\/wp-content\/uploads\/2024\/04\/Reuniao-da-proxima-quarta-feira-sera-nos-moldes-daquelas-realizadas-ao-longo-de-2023-para-debater-a-Lei-Paulo-Gustavo.jpeg?fit=1600%2C1200&ssl=1","_links":{"self":[{"href":"https:\/\/guialimeira.com.br\/news\/wp-json\/wp\/v2\/posts\/2332","targetHints":{"allow":["GET"]}}],"collection":[{"href":"https:\/\/guialimeira.com.br\/news\/wp-json\/wp\/v2\/posts"}],"about":[{"href":"https:\/\/guialimeira.com.br\/news\/wp-json\/wp\/v2\/types\/post"}],"author":[{"embeddable":true,"href":"https:\/\/guialimeira.com.br\/news\/wp-json\/wp\/v2\/users\/1"}],"replies":[{"embeddable":true,"href":"https:\/\/guialimeira.com.br\/news\/wp-json\/wp\/v2\/comments?post=2332"}],"version-history":[{"count":0,"href":"https:\/\/guialimeira.com.br\/news\/wp-json\/wp\/v2\/posts\/2332\/revisions"}],"wp:featuredmedia":[{"embeddable":true,"href":"https:\/\/guialimeira.com.br\/news\/wp-json\/wp\/v2\/media\/2333"}],"wp:attachment":[{"href":"https:\/\/guialimeira.com.br\/news\/wp-json\/wp\/v2\/media?parent=2332"}],"wp:term":[{"taxonomy":"category","embeddable":true,"href":"https:\/\/guialimeira.com.br\/news\/wp-json\/wp\/v2\/categories?post=2332"},{"taxonomy":"post_tag","embeddable":true,"href":"https:\/\/guialimeira.com.br\/news\/wp-json\/wp\/v2\/tags?post=2332"}],"curies":[{"name":"wp","href":"https:\/\/api.w.org\/{rel}","templated":true}]}}