{"id":23314,"date":"2025-02-11T21:28:12","date_gmt":"2025-02-12T00:28:12","guid":{"rendered":"https:\/\/guialimeira.com.br\/2025\/02\/11\/medidas-unilaterais-sao-ruins-para-economia-global-diz-haddad\/"},"modified":"2025-02-11T21:28:12","modified_gmt":"2025-02-12T00:28:12","slug":"medidas-unilaterais-sao-ruins-para-economia-global-diz-haddad","status":"publish","type":"post","link":"https:\/\/guialimeira.com.br\/news\/medidas-unilaterais-sao-ruins-para-economia-global-diz-haddad\/","title":{"rendered":"Medidas unilaterais s\u00e3o ruins para economia global, diz Haddad"},"content":{"rendered":"<p> <br \/>\n<\/p>\n<div>\n<p>Medidas unilaterais como as tarifas comerciais impostas pelo presidente norte-americano, Donald Trump, s\u00e3o ruins para a economia global, disse nesta ter\u00e7a-feira (11) o ministro da Fazenda, Fernando Haddad. Segundo ele, o impacto sobre a economia brasileira ainda n\u00e3o foi avaliado e o governo ainda est\u00e1 levantando informa\u00e7\u00f5es para decidir se reagir\u00e1 \u00e0 <a href=\"http:\/\/agenciabrasil.ebc.com.br\/internacional\/noticia\/2025-02\/trump-eleva-para-25-tarifas-sobre-importacoes-de-aco-e-aluminio\" rel=\"noopener\">sobretaxa\u00e7\u00e3o em 25% do a\u00e7o<\/a> e do alum\u00ednio importados pelos Estados Unidos.<img data-recalc-dims=\"1\" decoding=\"async\" src=\"https:\/\/i0.wp.com\/agenciabrasil.ebc.com.br\/ebc.png?w=696&#038;ssl=1\" style=\"width:1px; height:1px; display:inline;\"\/><img data-recalc-dims=\"1\" decoding=\"async\" src=\"https:\/\/i0.wp.com\/agenciabrasil.ebc.com.br\/ebc.gif?w=696&#038;ssl=1\" style=\"width:1px; height:1px; display:inline;\"\/><\/p>\n<p>\u201cA avalia\u00e7\u00e3o \u00e9 de que medidas unilaterais desse tipo s\u00e3o contraproducentes para a melhoria da economia global. A economia global perde com isso, com essa retra\u00e7\u00e3o, a desglobaliza\u00e7\u00e3o que est\u00e1 acontecendo. Isso n\u00e3o significa defender a velha globaliza\u00e7\u00e3o que trouxe outros desequil\u00edbrios, mas defender um tipo de globaliza\u00e7\u00e3o sustent\u00e1vel do ponto de vista social, do ponto de vista ambiental\u201d, declarou Haddad.<\/p>\n<p>Haddad informou que o Minist\u00e9rio do Desenvolvimento, Ind\u00fastria, Com\u00e9rcio e Servi\u00e7os (Mdic) est\u00e1 organizando as informa\u00e7\u00f5es sobre a decis\u00e3o de Trump. Segundo o ministro, os dados sobre o <a href=\"http:\/\/agenciabrasil.ebc.com.br\/economia\/noticia\/2025-02\/entenda-como-a-taxacao-do-aco-e-aluminio-pelos-eua-impactar-exportacoes-do-brasil\" rel=\"noopener\">impacto na economia brasileira<\/a> ser\u00e3o levados ao presidente Luiz In\u00e1cio Lula da Silva, que tomar\u00e1 uma decis\u00e3o.<\/p>\n<p>Ressaltando que a tarifa sobre o a\u00e7o e o alum\u00ednio n\u00e3o se refletem apenas sobre o Brasil, Haddad disse que h\u00e1 espa\u00e7o para o governo brasileiro negociar, com base nas diretrizes do G20 (grupo das 19 maiores economias do planeta, mais Uni\u00e3o Europeia e Uni\u00e3o Africana).<\/p>\n<p>\u201cN\u00e3o \u00e9 uma decis\u00e3o contra o Brasil. [A sobretaxa\u00e7\u00e3o do a\u00e7o e do alum\u00ednio] \u00e9 uma coisa gen\u00e9rica para todo mundo. Ent\u00e3o, observamos as rea\u00e7\u00f5es do M\u00e9xico, do Canad\u00e1, da China a esse respeito\u201d, declarou Haddad. \u201cNa linha do que n\u00f3s propusemos no G20, estamos imaginando voltar para a mesa de negocia\u00e7\u00e3o com propostas nessa dire\u00e7\u00e3o. Acho que h\u00e1 espa\u00e7o ent\u00e3o para negociar.\u201d<\/p>\n<p>O ministro comentou que o Itamaraty tamb\u00e9m est\u00e1 participando das discuss\u00f5es e que n\u00e3o h\u00e1, at\u00e9 agora, avalia\u00e7\u00f5es sobre os impactos na economia brasileira. Sobre as rea\u00e7\u00f5es das ind\u00fastrias de alum\u00ednio e de a\u00e7o, Haddad informou que deve se reunir com os setores afetados pelo tarifa\u00e7o ap\u00f3s voltar da viagem que far\u00e1 ao Oriente M\u00e9dio, nesta e na pr\u00f3xima semana.<\/p>\n<h2>CNI<\/h2>\n<p>Em nota, a Confedera\u00e7\u00e3o Nacional da Ind\u00fastria (CNI) lamentou a decis\u00e3o de Trump. Segundo a entidade, a decis\u00e3o atinge diretamente a ind\u00fastria brasileira porque o Brasil \u00e9 o quarto maior exportador de ferro e de a\u00e7o aos Estados Unidos, destino de 54% das vendas externas dos dois produtos.<\/p>\n<p>A confedera\u00e7\u00e3o ressaltou que o Brasil n\u00e3o representa uma amea\u00e7a comercial aos Estados Unidos. \u201cA balan\u00e7a comercial entre os pa\u00edses \u00e9, desde 2008, favor\u00e1vel aos americanos, ao contr\u00e1rio do que ocorre entre os EUA e Canad\u00e1, China e M\u00e9xico. Em 2024, o Brasil exportou US$ 40,4 bilh\u00f5es e importou US$ 40,7 bilh\u00f5es\u201d, prosseguiu o comunicado.<\/p>\n<p>A CNI informou que buscar\u00e1 di\u00e1logo e negociar\u00e1 alternativas para reverter a eleva\u00e7\u00e3o das tarifas. \u201cO caminho do di\u00e1logo, portanto, \u00e9 preferencial a medidas de retalia\u00e7\u00e3o que podem prejudicar outros setores produtivos cuja importa\u00e7\u00e3o de produtos norte-americanos seja importante para a produ\u00e7\u00e3o brasileira\u201d, destacou o presidente da CNI, Ricardo Alban, na nota.<\/p>\n<p>      <!-- Relacionada --><\/p>\n<p>            <!-- Relacionada -->\n    <\/div>\n<p><br \/>\n<br \/><a href=\"https:\/\/agenciabrasil.ebc.com.br\/economia\/noticia\/2025-02\/medidas-unilaterais-sao-ruins-para-economia-global-diz-haddad\" rel=\"noopener\">Ag\u00eancia Brasil<\/a><\/p>\n","protected":false},"excerpt":{"rendered":"<p>Medidas unilaterais como as tarifas comerciais impostas pelo presidente norte-americano, Donald Trump, s\u00e3o ruins para a economia global, disse nesta ter\u00e7a-feira (11) o ministro da Fazenda, Fernando Haddad. Segundo ele, o impacto sobre a economia brasileira ainda n\u00e3o foi avaliado e o governo ainda est\u00e1 levantando informa\u00e7\u00f5es para decidir se reagir\u00e1 \u00e0 sobretaxa\u00e7\u00e3o em 25% [&hellip;]<\/p>\n","protected":false},"author":1,"featured_media":23315,"comment_status":"open","ping_status":"open","sticky":false,"template":"","format":"standard","meta":{"_jetpack_newsletter_access":"","_jetpack_dont_email_post_to_subs":false,"_jetpack_newsletter_tier_id":0,"_jetpack_memberships_contains_paywalled_content":false,"_mbp_banners":[],"_jetpack_feature_clip_id":0,"_jetpack_memberships_contains_paid_content":false,"footnotes":"","jetpack_publicize_message":"","jetpack_publicize_feature_enabled":true,"jetpack_social_post_already_shared":true,"jetpack_social_options":{"image_generator_settings":{"template":"highway","default_image_id":0,"font":"","enabled":false},"version":2},"jetpack_post_was_ever_published":false},"categories":[24],"tags":[],"class_list":["post-23314","post","type-post","status-publish","format-standard","has-post-thumbnail","category-economia"],"jetpack_publicize_connections":[],"jetpack-related-posts":[],"jetpack_shortlink":"https:\/\/wp.me\/p7Eq1F-642","jetpack_sharing_enabled":true,"jetpack_featured_media_url":"https:\/\/i0.wp.com\/guialimeira.com.br\/news\/wp-content\/uploads\/2025\/02\/0d4a3964_0.jpg?fit=1600%2C800&ssl=1","_links":{"self":[{"href":"https:\/\/guialimeira.com.br\/news\/wp-json\/wp\/v2\/posts\/23314","targetHints":{"allow":["GET"]}}],"collection":[{"href":"https:\/\/guialimeira.com.br\/news\/wp-json\/wp\/v2\/posts"}],"about":[{"href":"https:\/\/guialimeira.com.br\/news\/wp-json\/wp\/v2\/types\/post"}],"author":[{"embeddable":true,"href":"https:\/\/guialimeira.com.br\/news\/wp-json\/wp\/v2\/users\/1"}],"replies":[{"embeddable":true,"href":"https:\/\/guialimeira.com.br\/news\/wp-json\/wp\/v2\/comments?post=23314"}],"version-history":[{"count":0,"href":"https:\/\/guialimeira.com.br\/news\/wp-json\/wp\/v2\/posts\/23314\/revisions"}],"wp:featuredmedia":[{"embeddable":true,"href":"https:\/\/guialimeira.com.br\/news\/wp-json\/wp\/v2\/media\/23315"}],"wp:attachment":[{"href":"https:\/\/guialimeira.com.br\/news\/wp-json\/wp\/v2\/media?parent=23314"}],"wp:term":[{"taxonomy":"category","embeddable":true,"href":"https:\/\/guialimeira.com.br\/news\/wp-json\/wp\/v2\/categories?post=23314"},{"taxonomy":"post_tag","embeddable":true,"href":"https:\/\/guialimeira.com.br\/news\/wp-json\/wp\/v2\/tags?post=23314"}],"curies":[{"name":"wp","href":"https:\/\/api.w.org\/{rel}","templated":true}]}}