{"id":23301,"date":"2025-02-11T19:26:16","date_gmt":"2025-02-11T22:26:16","guid":{"rendered":"https:\/\/guialimeira.com.br\/2025\/02\/11\/ao-lado-de-ministros-alcolumbre-promete-colaboracao-com-o-governo\/"},"modified":"2025-02-11T19:26:16","modified_gmt":"2025-02-11T22:26:16","slug":"ao-lado-de-ministros-alcolumbre-promete-colaboracao-com-o-governo","status":"publish","type":"post","link":"https:\/\/guialimeira.com.br\/news\/ao-lado-de-ministros-alcolumbre-promete-colaboracao-com-o-governo\/","title":{"rendered":"Ao lado de ministros, Alcolumbre promete colabora\u00e7\u00e3o com o governo"},"content":{"rendered":"<p> <br \/>\n<\/p>\n<div>\n<p>O novo presidente do Senado, Davi Alcolumbre, prometeu colabora\u00e7\u00e3o com o governo ap\u00f3s reuni\u00e3o com os ministros da Fazenda, Fernando Haddad; do Planejamento e Or\u00e7amento, Simone Tebet; e das Rela\u00e7\u00f5es Institucionais, Alexandre Padilha. Os tr\u00eas ministros entregaram nesta ter\u00e7a-feira (11) a Alcolumbre as prioridades da equipe econ\u00f4mica para 2025.<img data-recalc-dims=\"1\" decoding=\"async\" src=\"https:\/\/i0.wp.com\/agenciabrasil.ebc.com.br\/ebc.png?w=696&#038;ssl=1\" style=\"width:1px; height:1px; display:inline;\"\/><img data-recalc-dims=\"1\" decoding=\"async\" src=\"https:\/\/i0.wp.com\/agenciabrasil.ebc.com.br\/ebc.gif?w=696&#038;ssl=1\" style=\"width:1px; height:1px; display:inline;\"\/><\/p>\n<p>A lista \u00e9 a mesma apresentada semana passada ao novo presidente da C\u00e2mara, Hugo Motta. A <a href=\"https:\/\/agenciabrasil.ebc.com.br\/economia\/noticia\/2025-02\/reforma-do-ir-e-supersalarios-sao-prioridades-de-haddad-no-congresso\" rel=\"noopener\">rela\u00e7\u00e3o tem 25 itens<\/a>, dos quais 15 dependem de aprova\u00e7\u00e3o do Congresso Nacional. Entre os destaques, est\u00e3o a reforma do Imposto de Renda, a limita\u00e7\u00e3o a supersal\u00e1rios no servi\u00e7o p\u00fablico, as mudan\u00e7as na Previd\u00eancia dos militares e a regulamenta\u00e7\u00e3o das <em>big techs <\/em>(grandes empresas de tecnologia).<\/p>\n<p>\u201cEsse \u00e9 o esp\u00edrito de colabora\u00e7\u00e3o que o parlamento tem em rela\u00e7\u00e3o \u00e0 agenda do governo. O parlamento precisa estar ladeado \u00e0s agendas do governo. Colaborando e contribuindo para melhorar e aperfei\u00e7oar essa agenda com o olhar do parlamento\u201d, disse Alcolumbre, acompanhado dos tr\u00eas ministros no fim do encontro, na resid\u00eancia oficial do presidente do Senado.<\/p>\n<p>Segundo Alcolumbre, o parlamento ajudar\u00e1 a definir as prioridades para a equipe econ\u00f4mica e buscar\u00e1 melhorar as propostas do governo. \u201cTodos n\u00f3s ficamos debatendo, fazendo pondera\u00e7\u00f5es desse ou daquele assunto para que a gente possa encaminhar essa agenda priorit\u00e1ria do governo logo agora no primeiro semestre. Quero fazer um registro da nossa disposi\u00e7\u00e3o ao lado do presidente da C\u00e2mara, de unirmos o Legislativo brasileiro em prol de uma agenda comum de pa\u00eds\u201d, acrescentou.<\/p>\n<p>Com a presen\u00e7a dos l\u00edderes do governo no Congresso, senador Jaques Wagner (PT-BA), e no Senado, Randolfe Rodrigues (PT-AP), o encontro tamb\u00e9m reuniu l\u00edderes partid\u00e1rios, inclusive da oposi\u00e7\u00e3o. O presidente do Senado pediu que os parlamentares abandonem as diferen\u00e7as partid\u00e1rias para impulsionar a agenda econ\u00f4mica do pa\u00eds.<\/p>\n<p>\u201cVamos deixar as diverg\u00eancias de lado e, com esse esp\u00edrito, estamos aqui para fazer a diferen\u00e7a enquanto Parlamento na agenda do Brasil, mas principalmente dos brasileiros\u201d, disse Alcolumbre.<\/p>\n<p>Segundo o ministro Fernando Haddad, as propostas do governo pretendem contribuir para o crescimento sustentado da economia. \u201cSe o Brasil n\u00e3o crescer de forma s\u00f3lida e sustent\u00e1vel, tudo fica mais dif\u00edcil. Creio que vamos ter um ano muito produtivo do ponto de vista do Legislativo. As duas Casas est\u00e3o unidas nos prop\u00f3sitos de ajudar o Brasil e com projetos bastante amadurecidos para melhorar ainda mais o ambiente de neg\u00f3cios\u201d, declarou Haddad.<\/p>\n<p>      <!-- Relacionada --><\/p>\n<p>            <!-- Relacionada -->\n    <\/div>\n<p><br \/>\n<br \/><a href=\"https:\/\/agenciabrasil.ebc.com.br\/economia\/noticia\/2025-02\/ao-lado-de-ministros-alcolumbre-promete-colaboracao-com-o-governo\" rel=\"noopener\">Ag\u00eancia Brasil<\/a><\/p>\n","protected":false},"excerpt":{"rendered":"<p>O novo presidente do Senado, Davi Alcolumbre, prometeu colabora\u00e7\u00e3o com o governo ap\u00f3s reuni\u00e3o com os ministros da Fazenda, Fernando Haddad; do Planejamento e Or\u00e7amento, Simone Tebet; e das Rela\u00e7\u00f5es Institucionais, Alexandre Padilha. Os tr\u00eas ministros entregaram nesta ter\u00e7a-feira (11) a Alcolumbre as prioridades da equipe econ\u00f4mica para 2025. A lista \u00e9 a mesma apresentada [&hellip;]<\/p>\n","protected":false},"author":1,"featured_media":23302,"comment_status":"open","ping_status":"open","sticky":false,"template":"","format":"standard","meta":{"_jetpack_newsletter_access":"","_jetpack_dont_email_post_to_subs":false,"_jetpack_newsletter_tier_id":0,"_jetpack_memberships_contains_paywalled_content":false,"_mbp_banners":[],"_jetpack_feature_clip_id":0,"_jetpack_memberships_contains_paid_content":false,"footnotes":"","jetpack_publicize_message":"","jetpack_publicize_feature_enabled":true,"jetpack_social_post_already_shared":true,"jetpack_social_options":{"image_generator_settings":{"template":"highway","default_image_id":0,"font":"","enabled":false},"version":2},"jetpack_post_was_ever_published":false},"categories":[24],"tags":[],"class_list":["post-23301","post","type-post","status-publish","format-standard","has-post-thumbnail","category-economia"],"jetpack_publicize_connections":[],"jetpack-related-posts":[],"jetpack_shortlink":"https:\/\/wp.me\/p7Eq1F-63P","jetpack_sharing_enabled":true,"jetpack_featured_media_url":"https:\/\/i0.wp.com\/guialimeira.com.br\/news\/wp-content\/uploads\/2025\/02\/0d4a3831_0.jpg?fit=1600%2C800&ssl=1","_links":{"self":[{"href":"https:\/\/guialimeira.com.br\/news\/wp-json\/wp\/v2\/posts\/23301","targetHints":{"allow":["GET"]}}],"collection":[{"href":"https:\/\/guialimeira.com.br\/news\/wp-json\/wp\/v2\/posts"}],"about":[{"href":"https:\/\/guialimeira.com.br\/news\/wp-json\/wp\/v2\/types\/post"}],"author":[{"embeddable":true,"href":"https:\/\/guialimeira.com.br\/news\/wp-json\/wp\/v2\/users\/1"}],"replies":[{"embeddable":true,"href":"https:\/\/guialimeira.com.br\/news\/wp-json\/wp\/v2\/comments?post=23301"}],"version-history":[{"count":0,"href":"https:\/\/guialimeira.com.br\/news\/wp-json\/wp\/v2\/posts\/23301\/revisions"}],"wp:featuredmedia":[{"embeddable":true,"href":"https:\/\/guialimeira.com.br\/news\/wp-json\/wp\/v2\/media\/23302"}],"wp:attachment":[{"href":"https:\/\/guialimeira.com.br\/news\/wp-json\/wp\/v2\/media?parent=23301"}],"wp:term":[{"taxonomy":"category","embeddable":true,"href":"https:\/\/guialimeira.com.br\/news\/wp-json\/wp\/v2\/categories?post=23301"},{"taxonomy":"post_tag","embeddable":true,"href":"https:\/\/guialimeira.com.br\/news\/wp-json\/wp\/v2\/tags?post=23301"}],"curies":[{"name":"wp","href":"https:\/\/api.w.org\/{rel}","templated":true}]}}