{"id":2329,"date":"2024-04-22T16:12:11","date_gmt":"2024-04-22T19:12:11","guid":{"rendered":"https:\/\/guialimeira.com.br\/2024\/04\/22\/funai-solicita-forca-de-seguranca-nacional-para-ti-uru-eu-wau-wau\/"},"modified":"2024-04-22T16:12:11","modified_gmt":"2024-04-22T19:12:11","slug":"funai-solicita-forca-de-seguranca-nacional-para-ti-uru-eu-wau-wau","status":"publish","type":"post","link":"https:\/\/guialimeira.com.br\/news\/funai-solicita-forca-de-seguranca-nacional-para-ti-uru-eu-wau-wau\/","title":{"rendered":"Funai solicita For\u00e7a de Seguran\u00e7a Nacional para TI Uru-Eu-Wau-Wau"},"content":{"rendered":"<p> <br \/>\n<\/p>\n<div>\n<p>A Funda\u00e7\u00e3o Nacional dos Povos Ind\u00edgenas voltou a solicitar o apoio da For\u00e7a Nacional de Seguran\u00e7a P\u00fablica para atuar na Terra Ind\u00edgena Uru-Eu-Wau-Wau, no Estado de Rond\u00f4nia. Mesmo homologada desde 1991, a reserva, com 1,8 milh\u00e3o de hectares, enfrenta conflitos e seguidas invas\u00f5es de terras por n\u00e3o ind\u00edgenas.<img data-recalc-dims=\"1\" decoding=\"async\" src=\"https:\/\/i0.wp.com\/agenciabrasil.ebc.com.br\/ebc.png?w=696&#038;ssl=1\" style=\"width:1px; height:1px; display:inline;\"\/><img data-recalc-dims=\"1\" decoding=\"async\" src=\"https:\/\/i0.wp.com\/agenciabrasil.ebc.com.br\/ebc.gif?w=696&#038;ssl=1\" style=\"width:1px; height:1px; display:inline;\"\/><\/p>\n<p>Em janeiro deste ano, os agentes foram autorizados a participar de uma opera\u00e7\u00e3o em conjunto com a Pol\u00edtica Federal e a Funai, que cumpriu dois mandados de busca e apreens\u00e3o expedidos pela 1\u00aa Vara Federal da Subse\u00e7\u00e3o Judici\u00e1ria de Ji-Paran\u00e1, para retirada de invasores. As investiga\u00e7\u00f5es apontaram que os invasores desmataram uma \u00e1rea nos munic\u00edpios de Governador Jorge Teixeira e Theobroma, para cometer crimes relacionados a contrabando de produtos veterin\u00e1rios.<\/p>\n<p>Segundo a indigenista Ivaneide Bandeira Cardozo, conhecida como Neidinha Surui, que atua em Rond\u00f4nia h\u00e1 50 anos, logo ap\u00f3s a atua\u00e7\u00e3o das for\u00e7as federais na regi\u00e3o, os invasores voltaram a ocupar \u00e1reas da TI.<\/p>\n<p>Neidinha explica que a press\u00e3o sobre os ind\u00edgenas da regi\u00e3o ficou mais acirrada ap\u00f3s a condena\u00e7\u00e3o de Jo\u00e3o Carlos da Silva, em 16 de abril, pelo assassinato do professor e <a href=\"https:\/\/agenciabrasil.ebc.com.br\/en\/node\/1590541\" target=\"_blank\" rel=\"noopener\">l\u00edder ind\u00edgena Ari Uru-Eu-Wau-Wau<\/a>. \u201cEles est\u00e3o brabos porque os ind\u00edgenas est\u00e3o protegendo suas terras e n\u00e3o deixando eles avan\u00e7arem. Principalmente na regi\u00e3o do Burareiro onde eles (os invasores) ficam fazendo campanha pela redu\u00e7\u00e3o do que j\u00e1 est\u00e1 demarcado e destinado aos ind\u00edgenas\u201d, diz.<\/p>\n<p>O conflito na regi\u00e3o ocorre desde que o Instituto Nacional de Coloniza\u00e7\u00e3o e Reforma Agr\u00e1ria (Incra) sobrep\u00f4s parte da TI homologada com o Projeto de Assentamento Dirigido (PAD), ainda no governo militar, em 1975. A indigenista explica que a Justi\u00e7a j\u00e1 reconheceu o erro e determinou que os assentados sejam indenizados e retirados. \u201cO maior problema n\u00e3o s\u00e3o os agricultores que ser\u00e3o retirados e sim os grileiros que se aproveitam da situa\u00e7\u00e3o para invadir e desmatar principalmente pra criar gado\u201d, explica.<\/p>\n<p>Uma decis\u00e3o do Supremo Tribunal Federal em mar\u00e7o deste ano, sobre a Argui\u00e7\u00e3o de Descumprimento de Preceito Fundamental 709, determinou o cumprimento pelas autoridades federais de seguran\u00e7a p\u00fablica da desintrus\u00e3o de sete terras ind\u00edgenas, entre elas a TI Uru-Eu-Wau-Wau.<\/p>\n<p>A TI Uru-Eu-Wau-Wau fica localizada em uma regi\u00e3o que abrange 12 munic\u00edpios do estado de Rond\u00f4nia, onde vivem os povos os Jupa\u00fa (ou Uru-eu-wau-wau), os Oro Win, os Amondawa e os Cabixi, al\u00e9m de outros quatro povos isolados. Por manter povos ainda sem contato, a Funai atua na TI por meio da Frente de Prote\u00e7\u00e3o Etnoambiental (FPE). De acordo com Neidinha, o \u00f3rg\u00e3o enfrenta dificuldades de atuar na regi\u00e3o. \u201cEles n\u00e3o t\u00eam estrutura para apoiar os ind\u00edgenas e enfrentar os invasores\u201d, afirma.<\/p>\n<p>O Minist\u00e9rio da Justi\u00e7a e Seguran\u00e7a P\u00fablica autorizou o emprego da For\u00e7a Nacional de Seguran\u00e7a P\u00fablica na TI nesta segunda-feira, por meio de uma portaria publicada no <a href=\"https:\/\/www.in.gov.br\/en\/web\/dou\/-\/portaria-mjsp-n-666-de-19-de-abril-de-2024-555219417\" target=\"_blank\" rel=\"noopener\"><em>Di\u00e1rio Oficial da Uni\u00e3o<\/em><\/a>. E durante esta tarde, a Funai se reunir\u00e1 com as lideran\u00e7as daTI Uru-Eu-Wau-Wau para tratar das reivindica\u00e7\u00f5es para a regi\u00e3o.<\/p>\n<\/p><\/div>\n<p><br \/>\n<br \/><a href=\"https:\/\/agenciabrasil.ebc.com.br\/direitos-humanos\/noticia\/2024-04\/funai-solicita-forca-de-seguranca-nacional-para-ti-uru-eu-wau-wau\" rel=\"noopener\">Ag\u00eancia Brasil<\/a><\/p>\n","protected":false},"excerpt":{"rendered":"<p>A Funda\u00e7\u00e3o Nacional dos Povos Ind\u00edgenas voltou a solicitar o apoio da For\u00e7a Nacional de Seguran\u00e7a P\u00fablica para atuar na Terra Ind\u00edgena Uru-Eu-Wau-Wau, no Estado de Rond\u00f4nia. Mesmo homologada desde 1991, a reserva, com 1,8 milh\u00e3o de hectares, enfrenta conflitos e seguidas invas\u00f5es de terras por n\u00e3o ind\u00edgenas. Em janeiro deste ano, os agentes foram [&hellip;]<\/p>\n","protected":false},"author":1,"featured_media":2330,"comment_status":"open","ping_status":"open","sticky":false,"template":"","format":"standard","meta":{"_jetpack_newsletter_access":"","_jetpack_dont_email_post_to_subs":false,"_jetpack_newsletter_tier_id":0,"_jetpack_memberships_contains_paywalled_content":false,"_mbp_banners":[],"_jetpack_feature_clip_id":0,"_jetpack_memberships_contains_paid_content":false,"footnotes":"","jetpack_publicize_message":"","jetpack_publicize_feature_enabled":true,"jetpack_social_post_already_shared":true,"jetpack_social_options":{"image_generator_settings":{"template":"highway","default_image_id":0,"font":"","enabled":false},"version":2},"jetpack_post_was_ever_published":false},"categories":[22],"tags":[],"class_list":["post-2329","post","type-post","status-publish","format-standard","has-post-thumbnail","category-nacional"],"jetpack_publicize_connections":[],"jetpack-related-posts":[],"jetpack_shortlink":"https:\/\/wp.me\/p7Eq1F-Bz","jetpack_sharing_enabled":true,"jetpack_featured_media_url":"https:\/\/i0.wp.com\/guialimeira.com.br\/news\/wp-content\/uploads\/2024\/04\/sesdec_acao-conjunta-forca-nacional_coletiva_21.06.21-foto_daiane-mendonca-12-scaled.jpg?fit=1600%2C800&ssl=1","_links":{"self":[{"href":"https:\/\/guialimeira.com.br\/news\/wp-json\/wp\/v2\/posts\/2329","targetHints":{"allow":["GET"]}}],"collection":[{"href":"https:\/\/guialimeira.com.br\/news\/wp-json\/wp\/v2\/posts"}],"about":[{"href":"https:\/\/guialimeira.com.br\/news\/wp-json\/wp\/v2\/types\/post"}],"author":[{"embeddable":true,"href":"https:\/\/guialimeira.com.br\/news\/wp-json\/wp\/v2\/users\/1"}],"replies":[{"embeddable":true,"href":"https:\/\/guialimeira.com.br\/news\/wp-json\/wp\/v2\/comments?post=2329"}],"version-history":[{"count":0,"href":"https:\/\/guialimeira.com.br\/news\/wp-json\/wp\/v2\/posts\/2329\/revisions"}],"wp:featuredmedia":[{"embeddable":true,"href":"https:\/\/guialimeira.com.br\/news\/wp-json\/wp\/v2\/media\/2330"}],"wp:attachment":[{"href":"https:\/\/guialimeira.com.br\/news\/wp-json\/wp\/v2\/media?parent=2329"}],"wp:term":[{"taxonomy":"category","embeddable":true,"href":"https:\/\/guialimeira.com.br\/news\/wp-json\/wp\/v2\/categories?post=2329"},{"taxonomy":"post_tag","embeddable":true,"href":"https:\/\/guialimeira.com.br\/news\/wp-json\/wp\/v2\/tags?post=2329"}],"curies":[{"name":"wp","href":"https:\/\/api.w.org\/{rel}","templated":true}]}}