{"id":23274,"date":"2025-02-11T17:10:13","date_gmt":"2025-02-11T20:10:13","guid":{"rendered":"https:\/\/guialimeira.com.br\/2025\/02\/11\/ans-sugere-criar-planos-estritamente-para-consultas-eletivas-e-exames\/"},"modified":"2025-02-11T17:10:13","modified_gmt":"2025-02-11T20:10:13","slug":"ans-sugere-criar-planos-estritamente-para-consultas-eletivas-e-exames","status":"publish","type":"post","link":"https:\/\/guialimeira.com.br\/news\/ans-sugere-criar-planos-estritamente-para-consultas-eletivas-e-exames\/","title":{"rendered":"ANS sugere criar planos estritamente para consultas eletivas e exames"},"content":{"rendered":"<p> <br \/>\n<\/p>\n<div>\n<p>A Ag\u00eancia Nacional deProposta da Ag\u00eancia Nacional de Sa\u00fade Suplementar prev\u00ea cobertura em todas as especialidades m\u00e9dicas para os usu\u00e1rios, mas sem acesso a pronto-socorro, interna\u00e7\u00e3o e terapias.(ANS) elaborou proposta voltada para a cria\u00e7\u00e3o de planos de sa\u00fade voltados estritamente para consultas eletivas e exames. Os usu\u00e1rios teriam cobertura em todas as especialidades m\u00e9dicas, mas sem acesso a pronto-socorro, interna\u00e7\u00e3o e terapias.<img data-recalc-dims=\"1\" decoding=\"async\" src=\"https:\/\/i0.wp.com\/agenciabrasil.ebc.com.br\/ebc.png?w=696&#038;ssl=1\" style=\"width:1px; height:1px; display:inline;\"\/><img data-recalc-dims=\"1\" decoding=\"async\" src=\"https:\/\/i0.wp.com\/agenciabrasil.ebc.com.br\/ebc.gif?w=696&#038;ssl=1\" style=\"width:1px; height:1px; display:inline;\"\/><\/p>\n<p>A realiza\u00e7\u00e3o de consulta p\u00fablica para colher opini\u00f5es da sociedade sobre a proposta foi aprovada na segunda-feira (12). Os interessados poder\u00e3o apresentar contribui\u00e7\u00f5es entre os dias 18 de fevereiro e 4 de abril. Os documentos que detalham a proposta devem ser disponibilizados ainda nesta semana. Al\u00e9m disso, foi marcada para o dia 25 deste m\u00eas uma audi\u00eancia p\u00fablica sobre o tema.<\/p>\n<p>De acordo com a ANS, os novos planos seriam uma alternativa mais barata para os consumidores e n\u00e3o afetarim os que j\u00e1 existem no mercado. A expectativa \u00e9 que tais planos sejam capazes de ampliar o acesso ao atendimento na aten\u00e7\u00e3o prim\u00e1ria e secund\u00e1ria.<\/p>\n<p>A ANS estima que 10 milh\u00f5es de brasileiros poderiam ser inclu\u00eddos com os novos planos, desafogando filas de exames no \u00e2mbito do Sistema \u00danico de Sa\u00fade (SUS) e acelerando diagn\u00f3sticos. &#8220;De acordo com dados do Minist\u00e9rio da Sa\u00fade e da Organiza\u00e7\u00e3o Pan-Americana da Sa\u00fade, a aten\u00e7\u00e3o prim\u00e1ria tem capacidade de resolver de 80% a 90% das necessidades de sa\u00fade de uma pessoa ao longo da vida&#8221;, destaca a ag\u00eancia.<\/p>\n<p>Os novos planos seriam inicialmente criados em um <em>sandbox <\/em>regulat\u00f3rio. Isso significa que, nos primeiros dois anos, a oferta se daria em car\u00e1ter experimental sob acompanhamento minucioso. Ao final desse per\u00edodo, a ANS far\u00e1 uma avalia\u00e7\u00e3o para decidir se o modelo deve ser mantido ou descontinuado. As operadoras que quiserem participar do ambiente experimental precisar\u00e3o criar e registrar o novo plano de sa\u00fade, que poder\u00e1 ter coparticipa\u00e7\u00e3o at\u00e9 o limite de 30%.<\/p>\n<p>      <!-- Relacionada --><\/p>\n<p>            <!-- Relacionada -->\n    <\/div>\n<p><br \/>\n<br \/><a href=\"https:\/\/agenciabrasil.ebc.com.br\/saude\/noticia\/2025-02\/ans-sugere-criar-planos-estritamente-para-consultas-eletivas-e-exames\" rel=\"noopener\">Ag\u00eancia Brasil <\/a><\/p>\n","protected":false},"excerpt":{"rendered":"<p>A Ag\u00eancia Nacional deProposta da Ag\u00eancia Nacional de Sa\u00fade Suplementar prev\u00ea cobertura em todas as especialidades m\u00e9dicas para os usu\u00e1rios, mas sem acesso a pronto-socorro, interna\u00e7\u00e3o e terapias.(ANS) elaborou proposta voltada para a cria\u00e7\u00e3o de planos de sa\u00fade voltados estritamente para consultas eletivas e exames. Os usu\u00e1rios teriam cobertura em todas as especialidades m\u00e9dicas, mas [&hellip;]<\/p>\n","protected":false},"author":1,"featured_media":7433,"comment_status":"open","ping_status":"open","sticky":false,"template":"","format":"standard","meta":{"_jetpack_newsletter_access":"","_jetpack_dont_email_post_to_subs":false,"_jetpack_newsletter_tier_id":0,"_jetpack_memberships_contains_paywalled_content":false,"_mbp_banners":[],"_jetpack_feature_clip_id":0,"_jetpack_memberships_contains_paid_content":false,"footnotes":"","jetpack_publicize_message":"","jetpack_publicize_feature_enabled":true,"jetpack_social_post_already_shared":true,"jetpack_social_options":{"image_generator_settings":{"template":"highway","default_image_id":0,"font":"","enabled":false},"version":2},"jetpack_post_was_ever_published":false},"categories":[15],"tags":[],"class_list":["post-23274","post","type-post","status-publish","format-standard","has-post-thumbnail","category-saude"],"jetpack_publicize_connections":[],"jetpack-related-posts":[],"jetpack_shortlink":"https:\/\/wp.me\/p7Eq1F-63o","jetpack_sharing_enabled":true,"jetpack_featured_media_url":"https:\/\/i0.wp.com\/guialimeira.com.br\/news\/wp-content\/uploads\/2024\/06\/1017570-df_28112016-img_5565.jpg?fit=1600%2C800&ssl=1","_links":{"self":[{"href":"https:\/\/guialimeira.com.br\/news\/wp-json\/wp\/v2\/posts\/23274","targetHints":{"allow":["GET"]}}],"collection":[{"href":"https:\/\/guialimeira.com.br\/news\/wp-json\/wp\/v2\/posts"}],"about":[{"href":"https:\/\/guialimeira.com.br\/news\/wp-json\/wp\/v2\/types\/post"}],"author":[{"embeddable":true,"href":"https:\/\/guialimeira.com.br\/news\/wp-json\/wp\/v2\/users\/1"}],"replies":[{"embeddable":true,"href":"https:\/\/guialimeira.com.br\/news\/wp-json\/wp\/v2\/comments?post=23274"}],"version-history":[{"count":0,"href":"https:\/\/guialimeira.com.br\/news\/wp-json\/wp\/v2\/posts\/23274\/revisions"}],"wp:featuredmedia":[{"embeddable":true,"href":"https:\/\/guialimeira.com.br\/news\/wp-json\/wp\/v2\/media\/7433"}],"wp:attachment":[{"href":"https:\/\/guialimeira.com.br\/news\/wp-json\/wp\/v2\/media?parent=23274"}],"wp:term":[{"taxonomy":"category","embeddable":true,"href":"https:\/\/guialimeira.com.br\/news\/wp-json\/wp\/v2\/categories?post=23274"},{"taxonomy":"post_tag","embeddable":true,"href":"https:\/\/guialimeira.com.br\/news\/wp-json\/wp\/v2\/tags?post=23274"}],"curies":[{"name":"wp","href":"https:\/\/api.w.org\/{rel}","templated":true}]}}