{"id":23270,"date":"2025-02-11T16:23:08","date_gmt":"2025-02-11T19:23:08","guid":{"rendered":"https:\/\/guialimeira.com.br\/2025\/02\/11\/setor-de-fabricacao-de-motos-tem-melhor-janeiro-em-14-anos\/"},"modified":"2025-02-11T16:23:08","modified_gmt":"2025-02-11T19:23:08","slug":"setor-de-fabricacao-de-motos-tem-melhor-janeiro-em-14-anos","status":"publish","type":"post","link":"https:\/\/guialimeira.com.br\/news\/setor-de-fabricacao-de-motos-tem-melhor-janeiro-em-14-anos\/","title":{"rendered":"Setor de fabrica\u00e7\u00e3o de motos tem melhor janeiro em 14 anos"},"content":{"rendered":"<p> <br \/>\n<\/p>\n<div>\n<p>O volume de motocicletas produzidas pelo Polo Industrial de Manaus (PIM) em janeiro desde ano cresceu 34% na compara\u00e7\u00e3o com dezembro, conforme dados da Associa\u00e7\u00e3o Brasileira dos Fabricantes de Motocicletas, Ciclomotores, Motonetas, Bicicletas e Similiares (Abraciclo).<img data-recalc-dims=\"1\" decoding=\"async\" src=\"https:\/\/i0.wp.com\/agenciabrasil.ebc.com.br\/ebc.png?w=696&#038;ssl=1\" style=\"width:1px; height:1px; display:inline;\"\/><img data-recalc-dims=\"1\" decoding=\"async\" src=\"https:\/\/i0.wp.com\/agenciabrasil.ebc.com.br\/ebc.gif?w=696&#038;ssl=1\" style=\"width:1px; height:1px; display:inline;\"\/><\/p>\n<p>Os n\u00fameros mostram tamb\u00e9m uma produ\u00e7\u00e3o 17,6% superior \u00e0\u00a0de janeiro de 2024, melhor desempenho para o m\u00eas\u00a0desde 2014.<\/p>\n<p>\u201cEsse desempenho \u00e9 resultado da amplia\u00e7\u00e3o da capacidade produtiva e da cria\u00e7\u00e3o de 1.700 novos postos de trabalho no ano passado. As fabricantes est\u00e3o investindo no aumento da produtividade para atender \u00e0 crescente demanda do mercado\u201d, afirma o presidente da Abraciclo, Marcos Bento.<\/p>\n<p>Para este ano, a estimativa da entidade \u00e9 que a fabrica\u00e7\u00e3o de motos e similares fique em torno de 1, 88 milh\u00e3o de\u00a0unidades, ou seja, uma produ\u00e7\u00e3o 7,5% maior.<\/p>\n<p>A categoria mais\u00a0produzida em janeiro foi a Street, com 87.192 unidades. E, na sequ\u00eancia, a Trail e a Motoneta.<\/p>\n<h2>Licenciamentos<\/h2>\n<p>J\u00e1 os licenciamentos na categoria atingiram 151.983 unidades, alta de 14,4% em rela\u00e7\u00e3o a\u00a0janeiro de 2024 e de 3,3% em rela\u00e7\u00e3o a dezembro. A m\u00e9dia di\u00e1ria de vendas em janeiro foi de 6.908 unidades.<\/p>\n<p>As exporta\u00e7\u00f5es, por sua vez, registraram o embarque de 2.807 unidades, o que tamb\u00e9m significa alta de 12,5% na compara\u00e7\u00e3o com janeiro de 2024, e 11,5% a mais que dezembro passado.<\/p>\n<p>      <!-- Relacionada --><\/p>\n<p>            <!-- Relacionada -->\n    <\/div>\n<p><br \/>\n<br \/><a href=\"https:\/\/agenciabrasil.ebc.com.br\/economia\/noticia\/2025-02\/setor-de-fabricacao-de-motos-tem-melhor-janeiro-em-14-anos\" rel=\"noopener\">Ag\u00eancia Brasil<\/a><\/p>\n","protected":false},"excerpt":{"rendered":"<p>O volume de motocicletas produzidas pelo Polo Industrial de Manaus (PIM) em janeiro desde ano cresceu 34% na compara\u00e7\u00e3o com dezembro, conforme dados da Associa\u00e7\u00e3o Brasileira dos Fabricantes de Motocicletas, Ciclomotores, Motonetas, Bicicletas e Similiares (Abraciclo). Os n\u00fameros mostram tamb\u00e9m uma produ\u00e7\u00e3o 17,6% superior \u00e0\u00a0de janeiro de 2024, melhor desempenho para o m\u00eas\u00a0desde 2014. \u201cEsse [&hellip;]<\/p>\n","protected":false},"author":1,"featured_media":8112,"comment_status":"open","ping_status":"open","sticky":false,"template":"","format":"standard","meta":{"_jetpack_newsletter_access":"","_jetpack_dont_email_post_to_subs":false,"_jetpack_newsletter_tier_id":0,"_jetpack_memberships_contains_paywalled_content":false,"_mbp_banners":[],"_jetpack_feature_clip_id":0,"_jetpack_memberships_contains_paid_content":false,"footnotes":"","jetpack_publicize_message":"","jetpack_publicize_feature_enabled":true,"jetpack_social_post_already_shared":true,"jetpack_social_options":{"image_generator_settings":{"template":"highway","default_image_id":0,"font":"","enabled":false},"version":2},"jetpack_post_was_ever_published":false},"categories":[24],"tags":[],"class_list":["post-23270","post","type-post","status-publish","format-standard","has-post-thumbnail","category-economia"],"jetpack_publicize_connections":[],"jetpack-related-posts":[],"jetpack_shortlink":"https:\/\/wp.me\/p7Eq1F-63k","jetpack_sharing_enabled":true,"jetpack_featured_media_url":"https:\/\/i0.wp.com\/guialimeira.com.br\/news\/wp-content\/uploads\/2024\/06\/industrias_fabricas_de_motocicletas_industrias_fabricas_santos_fc2610100918.jpg?fit=1600%2C800&ssl=1","_links":{"self":[{"href":"https:\/\/guialimeira.com.br\/news\/wp-json\/wp\/v2\/posts\/23270","targetHints":{"allow":["GET"]}}],"collection":[{"href":"https:\/\/guialimeira.com.br\/news\/wp-json\/wp\/v2\/posts"}],"about":[{"href":"https:\/\/guialimeira.com.br\/news\/wp-json\/wp\/v2\/types\/post"}],"author":[{"embeddable":true,"href":"https:\/\/guialimeira.com.br\/news\/wp-json\/wp\/v2\/users\/1"}],"replies":[{"embeddable":true,"href":"https:\/\/guialimeira.com.br\/news\/wp-json\/wp\/v2\/comments?post=23270"}],"version-history":[{"count":0,"href":"https:\/\/guialimeira.com.br\/news\/wp-json\/wp\/v2\/posts\/23270\/revisions"}],"wp:featuredmedia":[{"embeddable":true,"href":"https:\/\/guialimeira.com.br\/news\/wp-json\/wp\/v2\/media\/8112"}],"wp:attachment":[{"href":"https:\/\/guialimeira.com.br\/news\/wp-json\/wp\/v2\/media?parent=23270"}],"wp:term":[{"taxonomy":"category","embeddable":true,"href":"https:\/\/guialimeira.com.br\/news\/wp-json\/wp\/v2\/categories?post=23270"},{"taxonomy":"post_tag","embeddable":true,"href":"https:\/\/guialimeira.com.br\/news\/wp-json\/wp\/v2\/tags?post=23270"}],"curies":[{"name":"wp","href":"https:\/\/api.w.org\/{rel}","templated":true}]}}