{"id":2327,"date":"2024-04-22T16:10:53","date_gmt":"2024-04-22T19:10:53","guid":{"rendered":"https:\/\/guialimeira.com.br\/2024\/04\/22\/publico-atendido-pela-alicc-visita-viveiro-de-mudas-e-conhece-processo-de-producao-de-mudas\/"},"modified":"2024-04-22T16:10:53","modified_gmt":"2024-04-22T19:10:53","slug":"publico-atendido-pela-alicc-visita-viveiro-de-mudas-e-conhece-processo-de-producao-de-mudas","status":"publish","type":"post","link":"https:\/\/guialimeira.com.br\/news\/publico-atendido-pela-alicc-visita-viveiro-de-mudas-e-conhece-processo-de-producao-de-mudas\/","title":{"rendered":"P\u00fablico atendido pela Alicc visita Viveiro de Mudas e conhece processo de produ\u00e7\u00e3o de mudas"},"content":{"rendered":"<p> <br \/>\n<\/p>\n<div>\n            <main class=\"\">&#13;<br \/>\n                &#13;<br \/>\n&#13;<br \/>\n&#13;<br \/>\n&#13;<br \/>\n    <img data-recalc-dims=\"1\" decoding=\"async\" src=\"https:\/\/i0.wp.com\/ecrie.com.br\/sistema\/conteudos\/imagem\/m_137_0_1_22042024122756.jpg?w=696&#038;ssl=1\" alt=\"P\u00fablico atendido pela Alicc visita Viveiro de Mudas e conhece processo de produ\u00e7\u00e3o de mudas\"\/>&#13;<br \/>\n&#13;<\/p>\n<p>Cerca de 20 pessoas atendidas pela Associa\u00e7\u00e3o Limeirense de Carinho e Cuidado (Alicc)\u00a0participaram na \u00faltima sexta-feira (19) de uma experi\u00eancia diferente ao visitarem o Viveiro de Mudas do Horto Florestal.<\/p>\n<p>&#13;<\/p>\n<p>\u00a0<\/p>\n<p>&#13;<\/p>\n<p>Os visitantes, guiados pelos t\u00e9cnicos da Secretaria do Meio Ambiente e Agricultura, conheceram todo o processo de produ\u00e7\u00e3o de mudas, desde a germina\u00e7\u00e3o das sementes, a semeadura, o preparo do substrato org\u00e2nico que nutre as mudas e o posterior plantio. Ao final da atividade, todos puderam escolher mudas das esp\u00e9cies produzidas no local. A cereja-do-Rio-Grande, frut\u00edfera nativa da Mata Atl\u00e2ntica, foi uma das preferidas pelos visitantes.<\/p>\n<p>&#13;<\/p>\n<p>\u00a0<\/p>\n<p>&#13;<\/p>\n<p>Com mais de 90 esp\u00e9cies nativas da Mata Atl\u00e2ntica e do Cerrado e 35 mil mudas com disponibilidade imediata para o plantio, o viveiro de mudas do Horto Florestal abastece a recomposi\u00e7\u00e3o de \u00e1reas degradadas, com vital import\u00e2ncia para a mitiga\u00e7\u00e3o dos efeitos das mudan\u00e7as clim\u00e1ticas e a regula\u00e7\u00e3o do clima.<\/p>\n<p>&#13;<\/p>\n<p>\u00a0<\/p>\n<p>&#13;<\/p>\n<p><strong>SERVI\u00c7O<\/strong><\/p>\n<p>&#13;<\/p>\n<p>Al\u00e9m das atividades educativas por meio das visitas t\u00e9cnicas monitoradas agendadas, a popula\u00e7\u00e3o pode retirar gratuitamente mudas de esp\u00e9cies nativas diretamente no Viveiro do Horto Florestal, localizado na Via Prefeito Jurandyr Paix\u00e3o de Campos Freire, km 4, das 9h \u00e0s 15h. Para mais informa\u00e7\u00f5es, o telefone \u00e9 3441-0005.<\/p>\n<p>&#13;<\/p>\n<p>\u00a0<\/p>\n<p>&#13;<\/p>\n<p>Para a \u00e1rea urbana do munic\u00edpio, a doa\u00e7\u00e3o de mudas ocorre no endere\u00e7o Rua Prof. Nestor Martins Lino, 206 (marginal do Ribeir\u00e3o Tatu), de segunda a sexta, das 8h \u00e0s 10h e das 12h \u00e0s 15h. Mais informa\u00e7\u00f5es pelo telefone 3442-9628.<\/p>\n<p>&#13;<br \/>\n&#13;<br \/>\n&#13;<br \/>\n&#13;<\/p>\n<aside class=\"list-related no-print\">&#13;<br \/>\n        &#13;<br \/>\n&#13;<\/p>\n<article class=\"list-item noticias \">&#13;<br \/>\n                    <a class=\"list-item__img\" href=\"https:\/\/limeira.sp.gov.br\/imprensa\/noticias\/meio-ambiente-e-agricultura\/projeto-cozinhalimento-realiza-oficinas-em-limeira\" tabindex=\"-1\" aria-hidden=\"true\" rel=\"noopener\">&#13;<br \/>\n                        <img data-recalc-dims=\"1\" decoding=\"async\" src=\"https:\/\/i0.wp.com\/ecrie.com.br\/sistema\/conteudos\/imagem\/m_137_0_1_19042024144326.jpg?w=696&#038;ssl=1\" alt=\"Projeto Cozinhalimento realiza oficinas em Limeira\"\/>&#13;<br \/>\n                    <\/a>&#13;<br \/>\n&#13;<br \/>\n                &#13;<br \/>\n            <\/article>\n<p>&#13;<\/p>\n<article class=\"list-item noticias \">&#13;<br \/>\n                    <a class=\"list-item__img\" href=\"https:\/\/limeira.sp.gov.br\/imprensa\/noticias\/meio-ambiente-e-agricultura\/feira-livre-noturna-acontece-em-mais-um-local-a-partir-de-maio\" tabindex=\"-1\" aria-hidden=\"true\" rel=\"noopener\">&#13;<br \/>\n                        <img data-recalc-dims=\"1\" decoding=\"async\" src=\"https:\/\/i0.wp.com\/ecrie.com.br\/sistema\/conteudos\/imagem\/m_137_0_1_17042024150500.jpg?w=696&#038;ssl=1\" alt=\"Feira Livre Noturna acontece em mais um local a partir de maio\"\/>&#13;<br \/>\n                    <\/a>&#13;<br \/>\n&#13;<br \/>\n                &#13;<br \/>\n            <\/article>\n<p>&#13;<\/p>\n<article class=\"list-item noticias \">&#13;<br \/>\n                    <a class=\"list-item__img\" href=\"https:\/\/limeira.sp.gov.br\/imprensa\/noticias\/meio-ambiente-e-agricultura\/parques-publicos-recebem-acao-de-conscientizacao-para-o-combate-a-dengue\" tabindex=\"-1\" aria-hidden=\"true\" rel=\"noopener\">&#13;<br \/>\n                        <img data-recalc-dims=\"1\" decoding=\"async\" src=\"https:\/\/i0.wp.com\/ecrie.com.br\/sistema\/conteudos\/imagem\/m_137_1_1_17042024143409.jpg?w=696&#038;ssl=1\" alt=\"Parques p\u00fablicos recebem a\u00e7\u00e3o de conscientiza\u00e7\u00e3o para o combate \u00e0 dengue\"\/>&#13;<br \/>\n                    <\/a>&#13;<br \/>\n&#13;<br \/>\n                &#13;<br \/>\n            <\/article>\n<p>&#13;<br \/>\n    <\/aside>\n<p>&#13;<br \/>\n&#13;<br \/>\n            <\/main><\/p><\/div>\n<p><br \/>\n<br \/><a href=\"https:\/\/limeira.sp.gov.br\/publico-atendido-pela-alicc-visita-viveiro-de-mudas-e-conhece-processo-de-producao-de-mudas\" rel=\"noopener\">Informa\u00e7\u00f5es da PML <\/a><\/p>\n","protected":false},"excerpt":{"rendered":"<p>&#13; &#13; &#13; &#13; &#13; &#13; &#13; Cerca de 20 pessoas atendidas pela Associa\u00e7\u00e3o Limeirense de Carinho e Cuidado (Alicc)\u00a0participaram na \u00faltima sexta-feira (19) de uma experi\u00eancia diferente ao visitarem o Viveiro de Mudas do Horto Florestal. &#13; \u00a0 &#13; Os visitantes, guiados pelos t\u00e9cnicos da Secretaria do Meio Ambiente e Agricultura, conheceram todo o [&hellip;]<\/p>\n","protected":false},"author":1,"featured_media":2328,"comment_status":"open","ping_status":"open","sticky":false,"template":"","format":"standard","meta":{"_jetpack_newsletter_access":"","_jetpack_dont_email_post_to_subs":false,"_jetpack_newsletter_tier_id":0,"_jetpack_memberships_contains_paywalled_content":false,"_mbp_banners":[],"_jetpack_feature_clip_id":0,"_jetpack_memberships_contains_paid_content":false,"footnotes":"","jetpack_publicize_message":"","jetpack_publicize_feature_enabled":true,"jetpack_social_post_already_shared":true,"jetpack_social_options":{"image_generator_settings":{"template":"highway","default_image_id":0,"font":"","enabled":false},"version":2},"jetpack_post_was_ever_published":false},"categories":[16],"tags":[],"class_list":["post-2327","post","type-post","status-publish","format-standard","has-post-thumbnail","category-local"],"jetpack_publicize_connections":[],"jetpack-related-posts":[],"jetpack_shortlink":"https:\/\/wp.me\/p7Eq1F-Bx","jetpack_sharing_enabled":true,"jetpack_featured_media_url":"https:\/\/i0.wp.com\/guialimeira.com.br\/news\/wp-content\/uploads\/2024\/04\/m_137_0_1_22042024122756.jpg?fit=900%2C581&ssl=1","_links":{"self":[{"href":"https:\/\/guialimeira.com.br\/news\/wp-json\/wp\/v2\/posts\/2327","targetHints":{"allow":["GET"]}}],"collection":[{"href":"https:\/\/guialimeira.com.br\/news\/wp-json\/wp\/v2\/posts"}],"about":[{"href":"https:\/\/guialimeira.com.br\/news\/wp-json\/wp\/v2\/types\/post"}],"author":[{"embeddable":true,"href":"https:\/\/guialimeira.com.br\/news\/wp-json\/wp\/v2\/users\/1"}],"replies":[{"embeddable":true,"href":"https:\/\/guialimeira.com.br\/news\/wp-json\/wp\/v2\/comments?post=2327"}],"version-history":[{"count":0,"href":"https:\/\/guialimeira.com.br\/news\/wp-json\/wp\/v2\/posts\/2327\/revisions"}],"wp:featuredmedia":[{"embeddable":true,"href":"https:\/\/guialimeira.com.br\/news\/wp-json\/wp\/v2\/media\/2328"}],"wp:attachment":[{"href":"https:\/\/guialimeira.com.br\/news\/wp-json\/wp\/v2\/media?parent=2327"}],"wp:term":[{"taxonomy":"category","embeddable":true,"href":"https:\/\/guialimeira.com.br\/news\/wp-json\/wp\/v2\/categories?post=2327"},{"taxonomy":"post_tag","embeddable":true,"href":"https:\/\/guialimeira.com.br\/news\/wp-json\/wp\/v2\/tags?post=2327"}],"curies":[{"name":"wp","href":"https:\/\/api.w.org\/{rel}","templated":true}]}}