{"id":23249,"date":"2025-02-11T13:20:06","date_gmt":"2025-02-11T16:20:06","guid":{"rendered":"https:\/\/guialimeira.com.br\/2025\/02\/11\/em-meio-a-acoes-de-trump-brasil-deve-diversificar-parcerias\/"},"modified":"2025-02-11T13:20:06","modified_gmt":"2025-02-11T16:20:06","slug":"em-meio-a-acoes-de-trump-brasil-deve-diversificar-parcerias","status":"publish","type":"post","link":"https:\/\/guialimeira.com.br\/news\/em-meio-a-acoes-de-trump-brasil-deve-diversificar-parcerias\/","title":{"rendered":"Em meio a a\u00e7\u00f5es de Trump, Brasil deve diversificar parcerias"},"content":{"rendered":"<p> <br \/>\n<\/p>\n<div>\n<p>Com menos de um m\u00eas de mandato, o presidente estadunidense, Donald Trump, n\u00e3o passa um dia de seu governo sem fazer\u00a0declara\u00e7\u00f5es que desagradam pa\u00edses vizinhos ou\u00a0parceiros estrat\u00e9gicos de longa data. Entre os an\u00fancios, est\u00e3o <a href=\"https:\/\/agenciabrasil.ebc.com.br\/internacional\/noticia\/2025-02\/casa-branca-confirma-taxas-aduaneiras-ao-canada-mexico-e-china\" target=\"_blank\" rel=\"noopener\">novas tarifas para produtos importados<\/a> de na\u00e7\u00f5es\u00a0como China, <a href=\"https:\/\/agenciabrasil.ebc.com.br\/internacional\/noticia\/2025-02\/canada-mexico-e-china-reagem-medidas-tarifarias-de-trump-0\" target=\"_blank\" rel=\"noopener\">M\u00e9xico e Canad\u00e1<\/a>, incluindo <a href=\"https:\/\/agenciabrasil.ebc.com.br\/internacional\/noticia\/2025-02\/trump-eleva-para-25-tarifas-sobre-importacoes-de-aco-e-aluminio\" target=\"_blank\" rel=\"noopener\">itens\u00a0como o a\u00e7o e o alum\u00ednio<\/a>.<img data-recalc-dims=\"1\" decoding=\"async\" src=\"https:\/\/i0.wp.com\/agenciabrasil.ebc.com.br\/ebc.png?w=696&#038;ssl=1\" style=\"width:1px; height:1px; display:inline;\"\/><img data-recalc-dims=\"1\" decoding=\"async\" src=\"https:\/\/i0.wp.com\/agenciabrasil.ebc.com.br\/ebc.gif?w=696&#038;ssl=1\" style=\"width:1px; height:1px; display:inline;\"\/><\/p>\n<p>Al\u00e9m disso, Trump tem feitos amea\u00e7as diretas aos Brics, em rela\u00e7\u00e3o \u00e0 implanta\u00e7\u00e3o de altas tarifas de importa\u00e7\u00e3o caso os pa\u00edses decidam fazer trocas comerciais em moeda pr\u00f3pria (em vez do d\u00f3lar).<\/p>\n<p>As atitudes pol\u00eamicas\u00a0passam por amea\u00e7ar a soberania de outros povos e na\u00e7\u00f5es, como as declara\u00e7\u00f5es acerca de retomar o Canal do Panam\u00e1, passar a controlar a Groenl\u00e2ndia (um territ\u00f3rio aut\u00f4nomo dentro do Reino da Dinamarca) e transformar o Canad\u00e1 em um estado norte-americano.<\/p>\n<p>Houve tamb\u00e9m afrontas ao multilateralismo e aos sistemas de governan\u00e7a global, ao retirar os Estados Unidos da Organiza\u00e7\u00e3o Mundial da Sa\u00fade (OMS) e do <a href=\"https:\/\/agenciabrasil.ebc.com.br\/internacional\/noticia\/2025-02\/trump-volta-retirar-eua-do-conselho-de-direitos-humanos-da-onu\" target=\"_blank\" rel=\"noopener\">Conselho de Direitos Humanos das Na\u00e7\u00f5es Unidas<\/a>.<\/p>\n<p>Trump decidiu opinar na quest\u00e3o palestina e declarou que pretende controlar a Faixa de Gaza, regi\u00e3o\u00a0devastada por bombardeios israelenses nos \u00faltimos meses, e <a href=\"https:\/\/agenciabrasil.ebc.com.br\/internacional\/noticia\/2025-02\/trump-propoe-deslocamento-permanente-dos-habitantes-de-gaza\" target=\"_blank\" rel=\"noopener\">expulsar os palestinos do territ\u00f3rio<\/a>, enviando-os for\u00e7adamente para pa\u00edses como o Egito e a Jord\u00e2nia.<\/p>\n<p>A \u00faltima declara\u00e7\u00e3o, que contraria o direito internacional, fez com que a relatora especial da UNHRC (a sigla, em portugu\u00eas, Alto Comissariado das Na\u00e7\u00f5es Unidas para Refugiados) para Israel e os Territ\u00f3rios Ocupados Palestinos, Francesca Albanese, encorajasse a comunidade internacional a isolar os Estados Unidos.<\/p>\n<p>\u201cA comunidade internacional \u00e9 feita por 193 pa\u00edses e \u00e9 hora de dar aos Estados Unidos o que ele tem buscado, que \u00e9 o isolamento\u201d, disse a relatora, em coletiva ap\u00f3s Trump fazer a proposta sobre Gaza.<\/p>\n<h2>Isolamento<\/h2>\n<p>Os EUA ainda s\u00e3o a maior economia do mundo. O pa\u00eds \u00e9 considerado a maior pot\u00eancia militar do mundo, o que inclui bases espalhadas por todo o planeta, e proporciona ajuda financeira a diversas na\u00e7\u00f5es.<\/p>\n<p>No entanto,\u00a0Evandro Carvalho, doutor em direito internacional e professor da Universidade Federal Fluminense (UFF), afirma que nenhum pa\u00eds \u00e9 autossuficiente a ponto de conseguir se manter isolado completamente das rela\u00e7\u00f5es internacionais, mesmo os Estados Unidos.<\/p>\n<p>\u201cA economia de um pa\u00eds depende das intera\u00e7\u00f5es com outras economias, dentro daquela l\u00f3gica de buscar oportunidades no mercado internacional para baratear custos. Tanto o importador quanto o exportador est\u00e3o atentos \u00e0s oportunidades que est\u00e3o fora das fronteiras do pa\u00eds onde sua empresa tem sede. Uma parte significativa da economia dos Estados Unidos depende das exporta\u00e7\u00f5es e importa\u00e7\u00f5es\u201d.<\/p>\n<p>Segundo o professor, na medida em que Trump adota essa postura \u201cpouco diplom\u00e1tica\u201d em rela\u00e7\u00e3o a outros pa\u00edses, ele pode gerar uma rea\u00e7\u00e3o dessas na\u00e7\u00f5es.<\/p>\n<p>\u201cAo verificar que os Estados Unidos se tornaram um pa\u00eds fora do controle, e isso, em parte, \u00e9 muito verdade, os pa\u00edses tendem a se reunir, n\u00e3o necessariamente em um consenso global contra os Estados Unidos, mas no sentido de convergir na dire\u00e7\u00e3o de conter esse pa\u00eds. Todos os pa\u00edses come\u00e7ar\u00e3o a tomar iniciativas, de maneira organizada ou com uma converg\u00eancia, para amarrar o \u2018gigante Gulliver\u2019. Essa atua\u00e7\u00e3o de Donald Trump, de fato, tende a isolar ainda mais os Estados Unidos, agravando a perda de credibilidade e a legitimidade da lideran\u00e7a do pa\u00eds no sistema internacional\u201d, explica Carvalho.<\/p>\n<p>A presidente da Comiss\u00e3o Europeia, Ursula Von der Leyen, por exemplo, usou suas redes sociais, nesta ter\u00e7a-feira (11), para criticar a decis\u00e3o de Trump de taxar o a\u00e7o e o alum\u00ednio e prometeu medidas para proteger os interesses dos pa\u00edses do bloco.<\/p>\n<p>\u201cLamento profundamente a decis\u00e3o dos EUA de impor tarifas nas exporta\u00e7\u00f5es de a\u00e7o e alum\u00ednio europeus. A Uni\u00e3o Europeia agir\u00e1 para salvaguardar seus interesses econ\u00f4micos. N\u00f3s protegeremos nossos trabalhadores, neg\u00f3cios e consumidores\u201d, escreveu.<\/p>\n<p>Ana Garcia, pesquisadora do Brics Policy Center, acredita, no entanto, que os Estados Unidos n\u00e3o podem ser facilmente isolados, por serem, entre outros motivos, o maior mercado consumidor e um importante centro de produ\u00e7\u00e3o.<\/p>\n<p>\u201cOs Estados Unidos n\u00e3o podem ser facilmente isolados por nenhum pa\u00eds ou bloco. Eles s\u00e3o ainda o epicentro das cadeias de produ\u00e7\u00e3o. Isso n\u00e3o \u00e9 poss\u00edvel, a n\u00e3o ser que os pa\u00edses agissem conjuntamente. N\u00e3o \u00e9 poss\u00edvel politicamente. Voc\u00ea n\u00e3o vai ter a Uni\u00e3o Europeia agindo conjuntamente com a China, por exemplo\u201d, afirma a pesquisadora.<\/p>\n<h2>Brasil\u00a0<\/h2>\n<p>Entretanto, \u00e9 poss\u00edvel que ocorram\u00a0substitui\u00e7\u00f5es dos EUA nas rela\u00e7\u00f5es bilaterais, ocorrendo ano ap\u00f3s ano, como no caso da China, que substituiu os Estados Unidos como principal parceiro comercial do Brasil nos \u00faltimos anos. \u201cA gente tem a ideia de que seria o mundo ideal, a gente poder prescindir dos americanos e ter um mundo mais multipolar, mas isso ainda n\u00e3o \u00e9 poss\u00edvel\u201d.<\/p>\n<p>Para o professor de Rela\u00e7\u00f5es Internacionais da Universidade de S\u00e3o Paulo (USP) Pedro Dallari, as agress\u00f5es dos EUA aos direitos humanos, em especial o tratamento dado aos imigrantes e aos palestinos, devem ser contrapostas firmemente pela comunidade internacional.<\/p>\n<p>Em rela\u00e7\u00e3o \u00e0s medidas econ\u00f4micas, esta \u00e9 uma oportunidade para os pa\u00edses, inclusive o Brasil, buscarem parceiros alternativos. \u201cNo que se refere \u00e0s medidas econ\u00f4micas adotadas pelo governo dos EUA, a posi\u00e7\u00e3o do Brasil deve ser pragm\u00e1tica, alinhada aos interesses da sociedade brasileira. Indiscutivelmente, uma a\u00e7\u00e3o prudente \u00e9 aumentar a diversidade de parceiros comerciais, sendo prioridade, neste momento, a entrada em vigor do acordo entre Mercosul e Uni\u00e3o Europeia\u201d, destaca Dallari.<\/p>\n<p>Os Brics podem ser um caminho para o Brasil, em uma situa\u00e7\u00e3o em que o com\u00e9rcio com os EUA se torne desvantajoso. A hegemonia da China, pa\u00eds com maior participa\u00e7\u00e3o no com\u00e9rcio global, dentro do Brics deve permanecer, segundo Dallari. Mas, para Eduardo Carvalho, o Brasil deve olhar para os outros pa\u00edses-membros.<\/p>\n<p>\u201cH\u00e1 uma imensa oportunidade na c\u00fapula que ocorrer\u00e1 este ano aqui no Brasil para se discutir o com\u00e9rcio intra Brics. Hoje h\u00e1 uma rela\u00e7\u00e3o comercial intensa de todos os pa\u00edses com a China. Mas a rela\u00e7\u00e3o do Brasil com a \u00cdndia, R\u00fassia, \u00c1frica do Sul e os novos membros, Egito, Eti\u00f3pia, Emirados \u00c1rabes Unidos e Ir\u00e3, tem espa\u00e7o para crescer. \u00c9 preciso identificar onde est\u00e3o as vantagens competitivas\u201d, afirma Carvalho.<\/p>\n<p>Ana Garcia lamenta que o com\u00e9rcio do Brasil com os outros pa\u00edses do Brics ainda seja muito pequeno e que todos os membros do grupo ainda dependam muito do com\u00e9rcio com a China.<\/p>\n<p>\u201cA China seria a \u00fanica pot\u00eancia que poderia vir a jogar esse papel de tentar contornar [as pol\u00edticas protecionistas dos EUA]. Cada vez que o Trump age de maneira a restringir com\u00e9rcio, investimento, ele est\u00e1 dando um passo contr\u00e1rio a si mesmo, de abrir espa\u00e7o para a China. Mas ainda assim n\u00e3o em todos os setores\u201d.<\/p>\n<p>Para a pesquisadora, o Brasil deveria diversificar suas rela\u00e7\u00f5es comerciais, de forma a n\u00e3o depender tanto de nenhum pa\u00eds, sejam os Estados Unidos seja a China. \u201cO mundo ideal seria uma diversifica\u00e7\u00e3o das rela\u00e7\u00f5es comerciais, incluindo, a Europa e outros pa\u00edses. Mas fortalecer primordialmente, as rela\u00e7\u00f5es sul-sul do Brasil. A\u00ed, sim, a gente teria talvez um diferencial para lidar com os parceiros de forma mais equ\u00e2nime\u201d.<\/p>\n<p>Ana Garcia lamenta que o Brasil tenha deixado de lado seu papel de lideran\u00e7a dentro da Am\u00e9rica Latina e as suas rela\u00e7\u00f5es com a \u00c1frica e o Oriente M\u00e9dio, que marcaram os primeiros mandatos do presidente Luiz\u00a0In\u00e1cio Lula da Silva, em prol de assuntos mais globais como os Brics e o G20. \u201cSeria importante a diversifica\u00e7\u00e3o e a busca de parcerias mais equ\u00e2nimes para as rela\u00e7\u00f5es comerciais, mas tamb\u00e9m para os f\u00f3runs multilaterais\u201d.<\/p>\n<p>      <!-- Relacionada --><\/p>\n<p>            <!-- Relacionada -->\n    <\/div>\n<p><br \/>\n<br \/><a href=\"https:\/\/agenciabrasil.ebc.com.br\/economia\/noticia\/2025-02\/em-meio-acoes-de-trump-brasil-deve-diversificar-parcerias\" rel=\"noopener\">Ag\u00eancia Brasil<\/a><\/p>\n","protected":false},"excerpt":{"rendered":"<p>Com menos de um m\u00eas de mandato, o presidente estadunidense, Donald Trump, n\u00e3o passa um dia de seu governo sem fazer\u00a0declara\u00e7\u00f5es que desagradam pa\u00edses vizinhos ou\u00a0parceiros estrat\u00e9gicos de longa data. Entre os an\u00fancios, est\u00e3o novas tarifas para produtos importados de na\u00e7\u00f5es\u00a0como China, M\u00e9xico e Canad\u00e1, incluindo itens\u00a0como o a\u00e7o e o alum\u00ednio. Al\u00e9m disso, Trump [&hellip;]<\/p>\n","protected":false},"author":1,"featured_media":23250,"comment_status":"open","ping_status":"open","sticky":false,"template":"","format":"standard","meta":{"_jetpack_newsletter_access":"","_jetpack_dont_email_post_to_subs":false,"_jetpack_newsletter_tier_id":0,"_jetpack_memberships_contains_paywalled_content":false,"_mbp_banners":[],"_jetpack_feature_clip_id":0,"_jetpack_memberships_contains_paid_content":false,"footnotes":"","jetpack_publicize_message":"","jetpack_publicize_feature_enabled":true,"jetpack_social_post_already_shared":true,"jetpack_social_options":{"image_generator_settings":{"template":"highway","default_image_id":0,"font":"","enabled":false},"version":2},"jetpack_post_was_ever_published":false},"categories":[24],"tags":[],"class_list":["post-23249","post","type-post","status-publish","format-standard","has-post-thumbnail","category-economia"],"jetpack_publicize_connections":[],"jetpack-related-posts":[],"jetpack_shortlink":"https:\/\/wp.me\/p7Eq1F-62Z","jetpack_sharing_enabled":true,"jetpack_featured_media_url":"https:\/\/i0.wp.com\/guialimeira.com.br\/news\/wp-content\/uploads\/2025\/02\/2025-02-10t224911z_2098558721_rc2wrcat3y6h_rtrmadp_3_usa-trump-tariffs.jpg?fit=1600%2C800&ssl=1","_links":{"self":[{"href":"https:\/\/guialimeira.com.br\/news\/wp-json\/wp\/v2\/posts\/23249","targetHints":{"allow":["GET"]}}],"collection":[{"href":"https:\/\/guialimeira.com.br\/news\/wp-json\/wp\/v2\/posts"}],"about":[{"href":"https:\/\/guialimeira.com.br\/news\/wp-json\/wp\/v2\/types\/post"}],"author":[{"embeddable":true,"href":"https:\/\/guialimeira.com.br\/news\/wp-json\/wp\/v2\/users\/1"}],"replies":[{"embeddable":true,"href":"https:\/\/guialimeira.com.br\/news\/wp-json\/wp\/v2\/comments?post=23249"}],"version-history":[{"count":0,"href":"https:\/\/guialimeira.com.br\/news\/wp-json\/wp\/v2\/posts\/23249\/revisions"}],"wp:featuredmedia":[{"embeddable":true,"href":"https:\/\/guialimeira.com.br\/news\/wp-json\/wp\/v2\/media\/23250"}],"wp:attachment":[{"href":"https:\/\/guialimeira.com.br\/news\/wp-json\/wp\/v2\/media?parent=23249"}],"wp:term":[{"taxonomy":"category","embeddable":true,"href":"https:\/\/guialimeira.com.br\/news\/wp-json\/wp\/v2\/categories?post=23249"},{"taxonomy":"post_tag","embeddable":true,"href":"https:\/\/guialimeira.com.br\/news\/wp-json\/wp\/v2\/tags?post=23249"}],"curies":[{"name":"wp","href":"https:\/\/api.w.org\/{rel}","templated":true}]}}