{"id":23246,"date":"2025-02-11T13:05:44","date_gmt":"2025-02-11T16:05:44","guid":{"rendered":"https:\/\/guialimeira.com.br\/2025\/02\/11\/menina-e-primeira-morte-por-dengue-confirmada-na-capital-de-sao-paulo\/"},"modified":"2025-02-11T13:05:44","modified_gmt":"2025-02-11T16:05:44","slug":"menina-e-primeira-morte-por-dengue-confirmada-na-capital-de-sao-paulo","status":"publish","type":"post","link":"https:\/\/guialimeira.com.br\/news\/menina-e-primeira-morte-por-dengue-confirmada-na-capital-de-sao-paulo\/","title":{"rendered":"Menina \u00e9 primeira morte por dengue confirmada na capital de S\u00e3o Paulo"},"content":{"rendered":"<p> <br \/>\n<\/p>\n<div>\n<p>A Coordenadoria de Vigil\u00e2ncia em Sa\u00fade (Covisa), da Secretaria Municipal de Sa\u00fade de S\u00e3o Paulo, confirmou a primeira morte por dengue na capital este ano. A v\u00edtima \u00e9 uma menina de 11 anos, moradora da regi\u00e3o de Hermelino Matarazzo, na zona leste. Ela\u00a0morreu em 30 de janeiro e teve a morte divulgada nessa segunda-feira (10)\u00a0pelo \u00f3rg\u00e3o da administra\u00e7\u00e3o municipal.<img data-recalc-dims=\"1\" decoding=\"async\" src=\"https:\/\/i0.wp.com\/agenciabrasil.ebc.com.br\/ebc.png?w=696&#038;ssl=1\" style=\"width:1px; height:1px; display:inline;\"\/><img data-recalc-dims=\"1\" decoding=\"async\" src=\"https:\/\/i0.wp.com\/agenciabrasil.ebc.com.br\/ebc.gif?w=696&#038;ssl=1\" style=\"width:1px; height:1px; display:inline;\"\/><\/p>\n<p>O caso foi investigado pela Instituto Adolfo Lutz. S\u00f3 neste ano, a cidade de S\u00e3o Paulo registrou at\u00e9 agora 2.851 casos de dengue. Com o aumento dos casos, a Secretaria Municipal informou que vai priorizar os <a href=\"https:\/\/agenciabrasil.ebc.com.br\/saude\/noticia\/2025-02\/sao-paulo-faz-busca-ativa-para-segunda-dose-da-vacina-contra-dengue\" target=\"_blank\" rel=\"noopener\">esfor\u00e7os de busca ativa<\/a> para aplicar a segunda dose da vacina contra a doen\u00e7a.\u00a0A imuniza\u00e7\u00e3o tem como p\u00fablico-alvo as crian\u00e7as e adolescentes de 10 a 14 anos.\u00a0<\/p>\n<p>At\u00e9 agora, apenas 38% do p\u00fablico-alvo, na faixa et\u00e1ria de 10 a\u00a014 anos, considerada priorit\u00e1ria ao \u00f3rg\u00e3o, tomaram as duas doses do imunizante. Estima-se que nessa faixa de idade vivam\u00a0600 mil pessoas na capital.<\/p>\n<h2>Estado e pa\u00eds<\/h2>\n<p>Conforme o Minist\u00e9rio da Sa\u00fade, o estado de S\u00e3o Paulo concentra a maior parte dos registros de contamina\u00e7\u00f5es. J\u00e1 s\u00e3o 150.272 casos prov\u00e1veis neste ano. Foram 54 \u00f3bitos (as estat\u00edsticas do governo do estado indicam\u00a057 mortes) e outros 204 casos est\u00e3o em investiga\u00e7\u00e3o no Instituto Adolfo Lutz. \u00a0No Brasil, o Minist\u00e9rio da Sa\u00fade registrou 257.284 casos, com 290 mortes em investiga\u00e7\u00e3o e 72 casos confirmados.<\/p>\n<p>      <!-- Relacionada --><\/p>\n<p>            <!-- Relacionada -->\n    <\/div>\n<p><br \/>\n<br \/><a href=\"https:\/\/agenciabrasil.ebc.com.br\/saude\/noticia\/2025-02\/menina-e-primeira-morte-por-dengue-confirmada-na-capital-de-sao-paulo\" rel=\"noopener\">Ag\u00eancia Brasil <\/a><\/p>\n","protected":false},"excerpt":{"rendered":"<p>A Coordenadoria de Vigil\u00e2ncia em Sa\u00fade (Covisa), da Secretaria Municipal de Sa\u00fade de S\u00e3o Paulo, confirmou a primeira morte por dengue na capital este ano. A v\u00edtima \u00e9 uma menina de 11 anos, moradora da regi\u00e3o de Hermelino Matarazzo, na zona leste. Ela\u00a0morreu em 30 de janeiro e teve a morte divulgada nessa segunda-feira (10)\u00a0pelo [&hellip;]<\/p>\n","protected":false},"author":1,"featured_media":23231,"comment_status":"open","ping_status":"open","sticky":false,"template":"","format":"standard","meta":{"_jetpack_newsletter_access":"","_jetpack_dont_email_post_to_subs":false,"_jetpack_newsletter_tier_id":0,"_jetpack_memberships_contains_paywalled_content":false,"_mbp_banners":[],"_jetpack_feature_clip_id":0,"_jetpack_memberships_contains_paid_content":false,"footnotes":"","jetpack_publicize_message":"","jetpack_publicize_feature_enabled":true,"jetpack_social_post_already_shared":true,"jetpack_social_options":{"image_generator_settings":{"template":"highway","default_image_id":0,"font":"","enabled":false},"version":2},"jetpack_post_was_ever_published":false},"categories":[15],"tags":[],"class_list":["post-23246","post","type-post","status-publish","format-standard","has-post-thumbnail","category-saude"],"jetpack_publicize_connections":[],"jetpack-related-posts":[],"jetpack_shortlink":"https:\/\/wp.me\/p7Eq1F-62W","jetpack_sharing_enabled":true,"jetpack_featured_media_url":"https:\/\/i0.wp.com\/guialimeira.com.br\/news\/wp-content\/uploads\/2025\/02\/20230330101501_mg_7168.jpg?fit=1600%2C800&ssl=1","_links":{"self":[{"href":"https:\/\/guialimeira.com.br\/news\/wp-json\/wp\/v2\/posts\/23246","targetHints":{"allow":["GET"]}}],"collection":[{"href":"https:\/\/guialimeira.com.br\/news\/wp-json\/wp\/v2\/posts"}],"about":[{"href":"https:\/\/guialimeira.com.br\/news\/wp-json\/wp\/v2\/types\/post"}],"author":[{"embeddable":true,"href":"https:\/\/guialimeira.com.br\/news\/wp-json\/wp\/v2\/users\/1"}],"replies":[{"embeddable":true,"href":"https:\/\/guialimeira.com.br\/news\/wp-json\/wp\/v2\/comments?post=23246"}],"version-history":[{"count":0,"href":"https:\/\/guialimeira.com.br\/news\/wp-json\/wp\/v2\/posts\/23246\/revisions"}],"wp:featuredmedia":[{"embeddable":true,"href":"https:\/\/guialimeira.com.br\/news\/wp-json\/wp\/v2\/media\/23231"}],"wp:attachment":[{"href":"https:\/\/guialimeira.com.br\/news\/wp-json\/wp\/v2\/media?parent=23246"}],"wp:term":[{"taxonomy":"category","embeddable":true,"href":"https:\/\/guialimeira.com.br\/news\/wp-json\/wp\/v2\/categories?post=23246"},{"taxonomy":"post_tag","embeddable":true,"href":"https:\/\/guialimeira.com.br\/news\/wp-json\/wp\/v2\/tags?post=23246"}],"curies":[{"name":"wp","href":"https:\/\/api.w.org\/{rel}","templated":true}]}}