{"id":23192,"date":"2025-02-10T20:49:12","date_gmt":"2025-02-10T23:49:12","guid":{"rendered":"https:\/\/guialimeira.com.br\/2025\/02\/10\/sao-paulo-faz-busca-ativa-para-segunda-dose-da-vacina-contra-a-dengue\/"},"modified":"2025-02-10T20:49:12","modified_gmt":"2025-02-10T23:49:12","slug":"sao-paulo-faz-busca-ativa-para-segunda-dose-da-vacina-contra-a-dengue","status":"publish","type":"post","link":"https:\/\/guialimeira.com.br\/news\/sao-paulo-faz-busca-ativa-para-segunda-dose-da-vacina-contra-a-dengue\/","title":{"rendered":"S\u00e3o Paulo faz busca ativa para segunda dose da vacina contra a dengue"},"content":{"rendered":"<p> <br \/>\n<\/p>\n<div>\n<p>Com a alta do n\u00famero de casos de dengue, entre as estrat\u00e9gias de combate \u00e0 doen\u00e7a a\u00a0Secretaria Municipal de Sa\u00fade de S\u00e3o Paulo ir\u00e1 priorizar os esfor\u00e7os de busca ativa para a segunda dose da vacina.<img data-recalc-dims=\"1\" decoding=\"async\" src=\"https:\/\/i0.wp.com\/agenciabrasil.ebc.com.br\/ebc.png?w=696&#038;ssl=1\" style=\"width:1px; height:1px; display:inline;\"\/><img data-recalc-dims=\"1\" decoding=\"async\" src=\"https:\/\/i0.wp.com\/agenciabrasil.ebc.com.br\/ebc.gif?w=696&#038;ssl=1\" style=\"width:1px; height:1px; display:inline;\"\/><\/p>\n<p>A imuniza\u00e7\u00e3o tem como p\u00fablico alvo as crian\u00e7as e adolescentes de 10 a 14 anos e as unidades b\u00e1sicas de sa\u00fade fazem o acompanhamento em suas regi\u00f5es, cabendo a elas a iniciativa do contato com os respons\u00e1veis, feito inicialmente por telefone. Em \u00e1reas cobertas pela Estrat\u00e9gia Sa\u00fade da Fam\u00edlia (ESF), o contato tamb\u00e9m pode ser feito pessoalmente nas casas, pelos agentes comunit\u00e1rios de sa\u00fade. Ser\u00e3o contatadas fam\u00edlias em que os jovens n\u00e3o tenham comparecido ap\u00f3s o prazo de retorno, que \u00e9 de tr\u00eas meses ap\u00f3s a primeira dose.<\/p>\n<p>O p\u00fablico na faixa et\u00e1ria dos 10 aos 14 anos \u00e9 estimado em 600 mil pessoas na capital, sendo que at\u00e9 o momento, 259 mil primeiras doses (38%) e 134 mil segundas doses (20%) foram aplicadas. A cidade de S\u00e3o Paulo n\u00e3o est\u00e1 entre as regi\u00f5es com maior incid\u00eancia de casos e \u00f3bitos, mas a densidade habitacional da regi\u00e3o a coloca como \u00e1rea potencial para surtos ainda mais intensos, inclusive pela presen\u00e7a, na regi\u00e3o, de casos dos sorotipos 1, 2 e 3.<\/p>\n<h2>Mortes<\/h2>\n<p>De acordo com as estat\u00edsticas da secretaria estadual de sa\u00fade, os \u00f3bitos por dengue em todo o estado\u00a0chegaram a 56 em 2025, com destaque para as cidades de Jaboticabal e S\u00e3o Jos\u00e9 do Rio Preto, com 6 mortes em cada. S\u00e3o Paulo registrou 79 mil casos confirmados e tem outros 150 mil prov\u00e1veis. O\u00a0Instituto Adolfo Lutz investiga se outros 204 \u00f3bitos em condi\u00e7\u00f5es similares \u00e0s da doen\u00e7a ocorreram devido ao v\u00edrus.<\/p>\n<p>As informa\u00e7\u00f5es do Minist\u00e9rio da Sa\u00fade s\u00e3o de 257 mil casos prov\u00e1veis no pa\u00eds e 72 \u00f3bitos registrados, al\u00e9m de 290 \u00f3bitos em investiga\u00e7\u00e3o, para o pa\u00eds todo.\u00a0<\/p>\n<p>      <!-- Relacionada --><\/p>\n<p>            <!-- Relacionada -->\n    <\/div>\n<p><br \/>\n<br \/><a href=\"https:\/\/agenciabrasil.ebc.com.br\/saude\/noticia\/2025-02\/sao-paulo-faz-busca-ativa-para-segunda-dose-da-vacina-contra-dengue\" rel=\"noopener\">Ag\u00eancia Brasil <\/a><\/p>\n","protected":false},"excerpt":{"rendered":"<p>Com a alta do n\u00famero de casos de dengue, entre as estrat\u00e9gias de combate \u00e0 doen\u00e7a a\u00a0Secretaria Municipal de Sa\u00fade de S\u00e3o Paulo ir\u00e1 priorizar os esfor\u00e7os de busca ativa para a segunda dose da vacina. A imuniza\u00e7\u00e3o tem como p\u00fablico alvo as crian\u00e7as e adolescentes de 10 a 14 anos e as unidades b\u00e1sicas [&hellip;]<\/p>\n","protected":false},"author":1,"featured_media":23193,"comment_status":"open","ping_status":"open","sticky":false,"template":"","format":"standard","meta":{"_jetpack_newsletter_access":"","_jetpack_dont_email_post_to_subs":false,"_jetpack_newsletter_tier_id":0,"_jetpack_memberships_contains_paywalled_content":false,"_mbp_banners":[],"_jetpack_feature_clip_id":0,"_jetpack_memberships_contains_paid_content":false,"footnotes":"","jetpack_publicize_message":"","jetpack_publicize_feature_enabled":true,"jetpack_social_post_already_shared":true,"jetpack_social_options":{"image_generator_settings":{"template":"highway","default_image_id":0,"font":"","enabled":false},"version":2},"jetpack_post_was_ever_published":false},"categories":[15],"tags":[],"class_list":["post-23192","post","type-post","status-publish","format-standard","has-post-thumbnail","category-saude"],"jetpack_publicize_connections":[],"jetpack-related-posts":[],"jetpack_shortlink":"https:\/\/wp.me\/p7Eq1F-624","jetpack_sharing_enabled":true,"jetpack_featured_media_url":"https:\/\/i0.wp.com\/guialimeira.com.br\/news\/wp-content\/uploads\/2025\/02\/img_9189.jpg?fit=1600%2C800&ssl=1","_links":{"self":[{"href":"https:\/\/guialimeira.com.br\/news\/wp-json\/wp\/v2\/posts\/23192","targetHints":{"allow":["GET"]}}],"collection":[{"href":"https:\/\/guialimeira.com.br\/news\/wp-json\/wp\/v2\/posts"}],"about":[{"href":"https:\/\/guialimeira.com.br\/news\/wp-json\/wp\/v2\/types\/post"}],"author":[{"embeddable":true,"href":"https:\/\/guialimeira.com.br\/news\/wp-json\/wp\/v2\/users\/1"}],"replies":[{"embeddable":true,"href":"https:\/\/guialimeira.com.br\/news\/wp-json\/wp\/v2\/comments?post=23192"}],"version-history":[{"count":0,"href":"https:\/\/guialimeira.com.br\/news\/wp-json\/wp\/v2\/posts\/23192\/revisions"}],"wp:featuredmedia":[{"embeddable":true,"href":"https:\/\/guialimeira.com.br\/news\/wp-json\/wp\/v2\/media\/23193"}],"wp:attachment":[{"href":"https:\/\/guialimeira.com.br\/news\/wp-json\/wp\/v2\/media?parent=23192"}],"wp:term":[{"taxonomy":"category","embeddable":true,"href":"https:\/\/guialimeira.com.br\/news\/wp-json\/wp\/v2\/categories?post=23192"},{"taxonomy":"post_tag","embeddable":true,"href":"https:\/\/guialimeira.com.br\/news\/wp-json\/wp\/v2\/tags?post=23192"}],"curies":[{"name":"wp","href":"https:\/\/api.w.org\/{rel}","templated":true}]}}