{"id":2314,"date":"2024-04-22T14:08:49","date_gmt":"2024-04-22T17:08:49","guid":{"rendered":"https:\/\/guialimeira.com.br\/2024\/04\/22\/evento-gedeao-da-viola-promoveu-a-cultura-caipira-1-5-mil-pessoas-prestigiaram-acao\/"},"modified":"2024-04-22T14:08:49","modified_gmt":"2024-04-22T17:08:49","slug":"evento-gedeao-da-viola-promoveu-a-cultura-caipira-1-5-mil-pessoas-prestigiaram-acao","status":"publish","type":"post","link":"https:\/\/guialimeira.com.br\/news\/evento-gedeao-da-viola-promoveu-a-cultura-caipira-1-5-mil-pessoas-prestigiaram-acao\/","title":{"rendered":"Evento \u201cGede\u00e3o da Viola\u201d promoveu a cultura caipira; 1.5 mil pessoas prestigiaram a\u00e7\u00e3o"},"content":{"rendered":"<p> <br \/>\n<\/p>\n<div id=\"\">&#13;<br \/>\n                &#13;<br \/>\n&#13;<br \/>\n&#13;<br \/>\n&#13;<br \/>\n    <img data-recalc-dims=\"1\" decoding=\"async\" src=\"https:\/\/i0.wp.com\/ecrie.com.br\/sistema\/conteudos\/imagem\/m_137_0_1_22042024135556.jpg?w=696&#038;ssl=1\" alt=\"Evento \u201cGede\u00e3o da Viola\u201d promoveu a cultura caipira; 1.5 mil pessoas prestigiaram a\u00e7\u00e3o\"\/>&#13;<br \/>\n&#13;<\/p>\n<p style=\"text-align: justify;\"><span style=\"font-weight: 400;\">Cerca de 1.500 pessoas estiveram presentes no \u201cDia Municipal da Cultura Caipira Gede\u00e3o da Viola\u201d no \u00faltimo domingo (21), no Esporte Clube Santa Rosa, no bairro do Jaguari. O festival \u00e9 promovido pela Prefeitura de Limeira, por meio da Secretaria de Cultura.<\/span><\/p>\n<p>&#13;<\/p>\n<p style=\"text-align: justify;\"><span style=\"font-weight: 400;\">Al\u00e9m de promover a cultura popular caipira, o evento tamb\u00e9m promove a descentraliza\u00e7\u00e3o cultural, levando arte aos bairros, um dos nortes da atual administra\u00e7\u00e3o, neste caso, no Jaguari. Estiveram presentes no evento o prefeito Mario Botion, a vice-prefeita Erika Tank, o secret\u00e1rio de Cultura, Evandro Leite da Silva, os vereadores Jos\u00e9 Farid Zaine, que \u00e9 autor da lei do Dia Municipal da Cultura Caipira Gede\u00e3o da Viola, Helder do T\u00e1xi e Lu Bogo, e a primeira-dama e presidente do Fundo Social de Solidariedade, Roberta Botion, al\u00e9m de outras autoridades municipais.<\/span><\/p>\n<p>&#13;<\/p>\n<p style=\"text-align: justify;\"><span style=\"font-weight: 400;\">O prefeito celebrou a realiza\u00e7\u00e3o da festa. &#8220;\u00c9 um evento bel\u00edssimo da nossa cultura&#8221;, declarou. Botion mencionou o autor da lei que criou o evento, o vereador Farid Zaine. &#8220;Eu agrade\u00e7o o apoio do prefeito. A festa tem como objetivo permitir que a popula\u00e7\u00e3o tenha acesso as nossas ra\u00edzes&#8221;, afirmou Farid.\u00a0<\/span><\/p>\n<p>&#13;<\/p>\n<p style=\"text-align: justify;\"><span style=\"font-weight: 400;\">J\u00e1 a vice-prefeita, Erika Tank, tamb\u00e9m destacou a festa e fez refer\u00eancia ao local do evento. &#8220;Estamos aqui neste lugar muito agrad\u00e1vel, difundindo a cultura caipira para Limeira e regi\u00e3o&#8221;, relatou Erika.\u00a0<\/span><\/p>\n<p>&#13;<\/p>\n<p style=\"text-align: justify;\"><span style=\"font-weight: 400;\">O evento\u00a0 reuniu a orquestra de violeiros Tom da Terra, Orquestra Barbarense Feminina de Viola Caipira, Orquestra de Violeiros Cordas de Mogi, Folia de Reis, Catira e Os G\u00eameos da Viola. A Pra\u00e7a de Alimenta\u00e7\u00e3o contou com comidas t\u00edpicas, al\u00e9m de bebidas. O apresentador foi Daves dos Santos.<\/span><\/p>\n<p>&#13;<\/p>\n<p style=\"text-align: justify;\"><span style=\"font-weight: 400;\">Um dos momentos mais emocionantes do evento foi quando Tat\u00e3o, representante da comunidade local, carregou a imagem de Nossa Senhora Aparecida, enquanto a Orquestra de Violeiros Tom da Terra, de Limeira, tocava Romaria, de Renato Teixeira, obra imortalizada na voz de Elis Regina.<\/span><\/p>\n<p>&#13;<br \/>\n&#13;<br \/>\n&#13;<br \/>\n&#13;<\/p>\n<aside class=\"list-related no-print\">&#13;<br \/>\n        &#13;<br \/>\n&#13;<\/p>\n<article class=\"list-item noticias \">&#13;<br \/>\n                    <a class=\"list-item__img\" href=\"https:\/\/limeira.sp.gov.br\/imprensa\/noticias\/cultura\/dia-do-choro-stand-up-e-viola-na-praca-sao-destaques-da-semana\" tabindex=\"-1\" aria-hidden=\"true\" rel=\"noopener\">&#13;<br \/>\n                        <img data-recalc-dims=\"1\" decoding=\"async\" src=\"https:\/\/i0.wp.com\/ecrie.com.br\/sistema\/conteudos\/imagem\/m_137_0_1_12012024165736.jpg?w=696&#038;ssl=1\" alt=\"Dia do Choro, Stand-up e viola na pra\u00e7a s\u00e3o destaques da semana\"\/>&#13;<br \/>\n                    <\/a>&#13;<br \/>\n&#13;<br \/>\n                &#13;<br \/>\n            <\/article>\n<p>&#13;<\/p>\n<article class=\"list-item noticias \">&#13;<br \/>\n                    <a class=\"list-item__img\" href=\"https:\/\/limeira.sp.gov.br\/imprensa\/noticias\/cultura\/evento-gedeao-da-viola-celebra-a-cultura-caipira-neste-domingo-21-1\" tabindex=\"-1\" aria-hidden=\"true\" rel=\"noopener\">&#13;<br \/>\n                        <img data-recalc-dims=\"1\" decoding=\"async\" src=\"https:\/\/i0.wp.com\/ecrie.com.br\/sistema\/conteudos\/imagem\/m_137_0_1_22032024140354.jpeg?w=696&#038;ssl=1\" alt=\"Retreta com Banda Henrique Marques \u00e9 neste domingo (21)\"\/>&#13;<br \/>\n                    <\/a>&#13;<br \/>\n&#13;<br \/>\n                &#13;<br \/>\n            <\/article>\n<p>&#13;<\/p>\n<article class=\"list-item noticias \">&#13;<br \/>\n                    <a class=\"list-item__img\" href=\"https:\/\/limeira.sp.gov.br\/imprensa\/noticias\/cultura\/limeira-e-selecionada-para-16-viagem-literaria\" tabindex=\"-1\" aria-hidden=\"true\" rel=\"noopener\">&#13;<br \/>\n                        <img data-recalc-dims=\"1\" decoding=\"async\" src=\"https:\/\/i0.wp.com\/ecrie.com.br\/sistema\/conteudos\/imagem\/m_137_0_1_08042024105319.jpg?w=696&#038;ssl=1\" alt=\"Limeira \u00e9 selecionada para 16\u00aa Viagem Liter\u00e1ria\"\/>&#13;<br \/>\n                    <\/a>&#13;<br \/>\n&#13;<br \/>\n                &#13;<br \/>\n            <\/article>\n<p>&#13;<br \/>\n    <\/aside>\n<p>&#13;<br \/>\n&#13;\n            <\/p><\/div>\n<p><br \/>\n<br \/><a href=\"https:\/\/limeira.sp.gov.br\/evento-gedeao-da-viola-promoveu-a-cultura-caipira-15-mil-pessoas-prestigiaram-acao\" rel=\"noopener\">Informa\u00e7\u00f5es da PML <\/a><\/p>\n","protected":false},"excerpt":{"rendered":"<p>&#13; &#13; &#13; &#13; &#13; &#13; &#13; Cerca de 1.500 pessoas estiveram presentes no \u201cDia Municipal da Cultura Caipira Gede\u00e3o da Viola\u201d no \u00faltimo domingo (21), no Esporte Clube Santa Rosa, no bairro do Jaguari. O festival \u00e9 promovido pela Prefeitura de Limeira, por meio da Secretaria de Cultura. &#13; Al\u00e9m de promover a cultura [&hellip;]<\/p>\n","protected":false},"author":1,"featured_media":2315,"comment_status":"open","ping_status":"open","sticky":false,"template":"","format":"standard","meta":{"_jetpack_newsletter_access":"","_jetpack_dont_email_post_to_subs":false,"_jetpack_newsletter_tier_id":0,"_jetpack_memberships_contains_paywalled_content":false,"_mbp_banners":[],"_jetpack_feature_clip_id":0,"_jetpack_memberships_contains_paid_content":false,"footnotes":"","jetpack_publicize_message":"","jetpack_publicize_feature_enabled":true,"jetpack_social_post_already_shared":true,"jetpack_social_options":{"image_generator_settings":{"template":"highway","default_image_id":0,"font":"","enabled":false},"version":2},"jetpack_post_was_ever_published":false},"categories":[16],"tags":[],"class_list":["post-2314","post","type-post","status-publish","format-standard","has-post-thumbnail","category-local"],"jetpack_publicize_connections":[],"jetpack-related-posts":[],"jetpack_shortlink":"https:\/\/wp.me\/p7Eq1F-Bk","jetpack_sharing_enabled":true,"jetpack_featured_media_url":"https:\/\/i0.wp.com\/guialimeira.com.br\/news\/wp-content\/uploads\/2024\/04\/m_137_0_1_22042024135556.jpg?fit=1280%2C852&ssl=1","_links":{"self":[{"href":"https:\/\/guialimeira.com.br\/news\/wp-json\/wp\/v2\/posts\/2314","targetHints":{"allow":["GET"]}}],"collection":[{"href":"https:\/\/guialimeira.com.br\/news\/wp-json\/wp\/v2\/posts"}],"about":[{"href":"https:\/\/guialimeira.com.br\/news\/wp-json\/wp\/v2\/types\/post"}],"author":[{"embeddable":true,"href":"https:\/\/guialimeira.com.br\/news\/wp-json\/wp\/v2\/users\/1"}],"replies":[{"embeddable":true,"href":"https:\/\/guialimeira.com.br\/news\/wp-json\/wp\/v2\/comments?post=2314"}],"version-history":[{"count":0,"href":"https:\/\/guialimeira.com.br\/news\/wp-json\/wp\/v2\/posts\/2314\/revisions"}],"wp:featuredmedia":[{"embeddable":true,"href":"https:\/\/guialimeira.com.br\/news\/wp-json\/wp\/v2\/media\/2315"}],"wp:attachment":[{"href":"https:\/\/guialimeira.com.br\/news\/wp-json\/wp\/v2\/media?parent=2314"}],"wp:term":[{"taxonomy":"category","embeddable":true,"href":"https:\/\/guialimeira.com.br\/news\/wp-json\/wp\/v2\/categories?post=2314"},{"taxonomy":"post_tag","embeddable":true,"href":"https:\/\/guialimeira.com.br\/news\/wp-json\/wp\/v2\/tags?post=2314"}],"curies":[{"name":"wp","href":"https:\/\/api.w.org\/{rel}","templated":true}]}}