{"id":23139,"date":"2025-02-10T13:57:12","date_gmt":"2025-02-10T16:57:12","guid":{"rendered":"https:\/\/guialimeira.com.br\/2025\/02\/10\/brasil-espera-eua-concretizarem-taxacao-sobre-aco-para-se-manifestar\/"},"modified":"2025-02-10T13:57:12","modified_gmt":"2025-02-10T16:57:12","slug":"brasil-espera-eua-concretizarem-taxacao-sobre-aco-para-se-manifestar","status":"publish","type":"post","link":"https:\/\/guialimeira.com.br\/news\/brasil-espera-eua-concretizarem-taxacao-sobre-aco-para-se-manifestar\/","title":{"rendered":"Brasil espera EUA concretizarem taxa\u00e7\u00e3o sobre a\u00e7o para se manifestar"},"content":{"rendered":"<p> <br \/>\n<\/p>\n<div>\n<p>O governo brasileiro vai aguardar o governo dos Estados Unidos (EUA) <a href=\"https:\/\/agenciabrasil.ebc.com.br\/internacional\/noticia\/2025-02\/trump-diz-que-anunciara-tarifas-de-25-sobre-aco-e-aluminio\" target=\"_blank\" rel=\"noopener\">oficializarem <\/a>a taxa\u00e7\u00e3o de 25% sobre as importa\u00e7\u00f5es de a\u00e7o e alum\u00ednio para se manifestar sobre o tema, assim como anunciar medidas em resposta ao aumento dos custos para exportar esses produtos para o pa\u00eds da Am\u00e9rica do Norte.<img data-recalc-dims=\"1\" decoding=\"async\" src=\"https:\/\/i0.wp.com\/agenciabrasil.ebc.com.br\/ebc.png?w=696&#038;ssl=1\" style=\"width:1px; height:1px; display:inline;\"\/><img data-recalc-dims=\"1\" decoding=\"async\" src=\"https:\/\/i0.wp.com\/agenciabrasil.ebc.com.br\/ebc.gif?w=696&#038;ssl=1\" style=\"width:1px; height:1px; display:inline;\"\/><\/p>\n<p>A informa\u00e7\u00e3o \u00e9 do ministro da Fazenda, Fernando Haddad, que comentou, nesta segunda-feira (10), o an\u00fancio do presidente dos EUA, Donald Trump.\u00a0<\/p>\n<blockquote>\n<p>\u201cO governo tomou a decis\u00e3o de s\u00f3 se manifestar, oportunamente, com base em decis\u00f5es concretas, e n\u00e3o em an\u00fancios que podem ser mal interpretados ou revistos. O governo vai aguardar a decis\u00e3o oficialmente antes de fazer qualquer manifesta\u00e7\u00e3o\u201d, disse Haddad a jornalistas.<\/p>\n<\/blockquote>\n<p>O Brasil \u00e9 o segundo principal fornecedor de a\u00e7o para os EUA, que s\u00e3o o principal destino das exporta\u00e7\u00f5es do produto brasileiro. Questionado se o governo discute taxar, em retalia\u00e7\u00e3o, as <em>big techs<\/em> \u2013 as gigantes da tecnologia, como Google, Meta e X, Haddad respondeu que o governo vai \u201caguardar a orienta\u00e7\u00e3o do presidente da Rep\u00fablica depois das medidas efetivamente implementadas\u201d.<\/p>\n<p>Em entrevista a r\u00e1dios mineiras na semana passada, o presidente Luiz In\u00e1cio Lula da Silva afirmou que o <a href=\"https:\/\/agenciabrasil.ebc.com.br\/politica\/noticia\/2025-02\/brasil-vai-aplicar-reciprocidade-em-caso-de-taxacao-dos-eua-diz-lula\" target=\"_blank\" rel=\"noopener\">Brasil tem direito de usar a lei da reciprocidade<\/a>. \u201cPara n\u00f3s, o que seria importante seria os EUA baixarem a taxa\u00e7\u00e3o e n\u00f3s baixarmos a taxa\u00e7\u00e3o. Mas, se ele e qualquer pa\u00eds aumentar a taxa\u00e7\u00e3o do Brasil, n\u00f3s iremos tax\u00e1-los tamb\u00e9m. Isso \u00e9 simples e muito democr\u00e1tico\u201d, disse Lula.<\/p>\n<p>Durante o seu primeiro mandato, Trump imp\u00f4s tarifas sobre o a\u00e7o e o alum\u00ednio, mas concedeu depois cotas de isen\u00e7\u00e3o para parceiros, incluindo Canad\u00e1, M\u00e9xico e Brasil, que s\u00e3o os principais fornecedores desses produtos.<\/p>\n<p>Segundo dados da Administra\u00e7\u00e3o de Com\u00e9rcio Internacional do governo dos EUA, o Brasil foi o segundo maior fornecedor de a\u00e7o para o pa\u00eds em 2024, perdendo apenas para o Canad\u00e1. J\u00e1 levantamento do Instituto do A\u00e7o Brasil, com base em dados oficiais do governo brasileiro, afirma que os EUA foram o principal destino do a\u00e7o do pa\u00eds, representando <a href=\"https:\/\/www.trade.gov\/data-visualization\/us-steel-import-monitor https:\/\/www.acobrasil.org.br\/site\/wp-content\/uploads\/2023\/06\/AcoBrasil_Minianuario_2023.pdf\" target=\"_blank\" rel=\"noopener\">49% de todo o a\u00e7o<\/a> que o Brasil exportou em 2023.<\/p>\n<p>      <!-- Relacionada --><\/p>\n<p>            <!-- Relacionada -->\n    <\/div>\n<p><br \/>\n<br \/><a href=\"https:\/\/agenciabrasil.ebc.com.br\/economia\/noticia\/2025-02\/brasil-espera-eua-concretizarem-taxacao-sobre-aco-para-se-manifestar\" rel=\"noopener\">Ag\u00eancia Brasil<\/a><\/p>\n","protected":false},"excerpt":{"rendered":"<p>O governo brasileiro vai aguardar o governo dos Estados Unidos (EUA) oficializarem a taxa\u00e7\u00e3o de 25% sobre as importa\u00e7\u00f5es de a\u00e7o e alum\u00ednio para se manifestar sobre o tema, assim como anunciar medidas em resposta ao aumento dos custos para exportar esses produtos para o pa\u00eds da Am\u00e9rica do Norte. A informa\u00e7\u00e3o \u00e9 do ministro [&hellip;]<\/p>\n","protected":false},"author":1,"featured_media":19125,"comment_status":"open","ping_status":"open","sticky":false,"template":"","format":"standard","meta":{"_jetpack_newsletter_access":"","_jetpack_dont_email_post_to_subs":false,"_jetpack_newsletter_tier_id":0,"_jetpack_memberships_contains_paywalled_content":false,"_mbp_banners":[],"_jetpack_feature_clip_id":0,"_jetpack_memberships_contains_paid_content":false,"footnotes":"","jetpack_publicize_message":"","jetpack_publicize_feature_enabled":true,"jetpack_social_post_already_shared":true,"jetpack_social_options":{"image_generator_settings":{"template":"highway","default_image_id":0,"font":"","enabled":false},"version":2},"jetpack_post_was_ever_published":false},"categories":[24],"tags":[],"class_list":["post-23139","post","type-post","status-publish","format-standard","has-post-thumbnail","category-economia"],"jetpack_publicize_connections":[],"jetpack-related-posts":[],"jetpack_shortlink":"https:\/\/wp.me\/p7Eq1F-61d","jetpack_sharing_enabled":true,"jetpack_featured_media_url":"https:\/\/i0.wp.com\/guialimeira.com.br\/news\/wp-content\/uploads\/2024\/12\/usina_siderurgica_mascara_de_protecao_industria.jpg?fit=1600%2C800&ssl=1","_links":{"self":[{"href":"https:\/\/guialimeira.com.br\/news\/wp-json\/wp\/v2\/posts\/23139","targetHints":{"allow":["GET"]}}],"collection":[{"href":"https:\/\/guialimeira.com.br\/news\/wp-json\/wp\/v2\/posts"}],"about":[{"href":"https:\/\/guialimeira.com.br\/news\/wp-json\/wp\/v2\/types\/post"}],"author":[{"embeddable":true,"href":"https:\/\/guialimeira.com.br\/news\/wp-json\/wp\/v2\/users\/1"}],"replies":[{"embeddable":true,"href":"https:\/\/guialimeira.com.br\/news\/wp-json\/wp\/v2\/comments?post=23139"}],"version-history":[{"count":0,"href":"https:\/\/guialimeira.com.br\/news\/wp-json\/wp\/v2\/posts\/23139\/revisions"}],"wp:featuredmedia":[{"embeddable":true,"href":"https:\/\/guialimeira.com.br\/news\/wp-json\/wp\/v2\/media\/19125"}],"wp:attachment":[{"href":"https:\/\/guialimeira.com.br\/news\/wp-json\/wp\/v2\/media?parent=23139"}],"wp:term":[{"taxonomy":"category","embeddable":true,"href":"https:\/\/guialimeira.com.br\/news\/wp-json\/wp\/v2\/categories?post=23139"},{"taxonomy":"post_tag","embeddable":true,"href":"https:\/\/guialimeira.com.br\/news\/wp-json\/wp\/v2\/tags?post=23139"}],"curies":[{"name":"wp","href":"https:\/\/api.w.org\/{rel}","templated":true}]}}