{"id":23130,"date":"2025-02-10T11:45:08","date_gmt":"2025-02-10T14:45:08","guid":{"rendered":"https:\/\/guialimeira.com.br\/2025\/02\/10\/eleicao-presidencial-do-equador-tera-2o-turno-entre-noboa-e-esquerda\/"},"modified":"2025-02-10T11:45:08","modified_gmt":"2025-02-10T14:45:08","slug":"eleicao-presidencial-do-equador-tera-2o-turno-entre-noboa-e-esquerda","status":"publish","type":"post","link":"https:\/\/guialimeira.com.br\/news\/eleicao-presidencial-do-equador-tera-2o-turno-entre-noboa-e-esquerda\/","title":{"rendered":"Elei\u00e7\u00e3o presidencial do Equador ter\u00e1 2\u00ba turno entre Noboa e esquerda"},"content":{"rendered":"<p> <br \/>\n<\/p>\n<div>\n<p>Com 92% das urnas apuradas, est\u00e1 confirmado o segundo turno da elei\u00e7\u00e3o presidencial do Equador entre o atual presidente, o direitista Daniel Noboa, e a candidata da oposi\u00e7\u00e3o de esquerda, Luisa Gonz\u00e1lez, do partido do ex-presidente Rafael Correia, o Revolu\u00e7\u00e3o Cidad\u00e3.<img data-recalc-dims=\"1\" decoding=\"async\" src=\"https:\/\/i0.wp.com\/agenciabrasil.ebc.com.br\/ebc.png?w=696&#038;ssl=1\" style=\"width:1px; height:1px; display:inline;\"\/><img data-recalc-dims=\"1\" decoding=\"async\" src=\"https:\/\/i0.wp.com\/agenciabrasil.ebc.com.br\/ebc.gif?w=696&#038;ssl=1\" style=\"width:1px; height:1px; display:inline;\"\/><\/p>\n<p>Na manh\u00e3 desta segunda-feira (10), o Conselho Nacional Eleitoral (CNE) do Equador dava 44,31% dos votos para Noboa e 43.83% para Luisa. O resultado contrariou diversas pesquisas que davam vit\u00f3ria folgada para Noboa. Outras enquetes, contudo, previam uma vit\u00f3ria da advogada e ex-deputada Luisa Gonz\u00e1lez. \u00a0<\/p>\n<p>Em terceiro colocado, ficou Leonidas Iza, candidato da principal coaliza\u00e7\u00e3o ind\u00edgena do pa\u00eds, com 5,26% dos votos. Ao todo, 16 candidatos disputaram os votos de mais de 12 milh\u00f5es de eleitores.<\/p>\n<p>Com esse resultado, Luisa Gonz\u00e1lez e Daniel Noboa voltam a se enfrentar nas urnas no dia 13 de abril, quando ser\u00e1 definido o pr\u00f3ximo presidente do pa\u00eds para o per\u00edodo 2025-2029. O cen\u00e1rio repete, portanto, o segundo turno de 2023, quando Noboa venceu Luisa por cerca de 52% dos votos.<\/p>\n<p>O presidente Noboa, herdeiro de megacorpora\u00e7\u00e3o do setor de exporta\u00e7\u00e3o de bananas, foi eleito para um mandato tamp\u00e3o de 15 meses depois que o ent\u00e3o presidente Guilherme Lasso dissolveu o parlamento e convocou elei\u00e7\u00f5es antecipadas ap\u00f3s sucessivas crises pol\u00edticas.<\/p>\n<p>O \u00edndice de comparecimento \u00e0s urnas neste domingo (9) foi de 82%. No Equador, o voto \u00e9 obrigat\u00f3rio. Dos votos computados, 91,1% foram v\u00e1lidos e outros 8,8% foram brancos ou nulos.<\/p>\n<p>Os equatorianos votaram tamb\u00e9m para as 151 cadeiras da Assembleia Nacional. At\u00e9 o in\u00edcio da manh\u00e3, com mais de 90% das urnas apuradas, o Movimento A\u00e7\u00e3o Democr\u00e1tica Nacional (ADN), do presidente Noboa, estava com 43,52% dos votos e o Revolu\u00e7\u00e3o Cidad\u00e3, da Luisa, registrava 41,15% dos votos. Os demais partidos n\u00e3o passavam da marca dos 2% dos votos para Assembleia Nacional.<\/p>\n<p>Em discurso na noite de ontem (9), a candidata do corre\u00edsmo, Luisa Gonz\u00e1lez, sustentou que havia vencido o primeiro turno e acusou o presidente Noboa de violar a lei eleitoral do pa\u00eds ao n\u00e3o se licenciar do cargo para disputar o pleito.<\/p>\n<p>\u201c[Daniel Noboa] cometeu um ato ilegal ao usar fundos e bens p\u00fablicos para fazer campanha e utilizou seu poder para emitir decretos para nomear um vice-presidente. Em uma semana tivemos tr\u00eas vice-presidentes e a Corte Constitucional disse que isso \u00e9 ilegal\u201d, enfatizou.<\/p>\n<p>O presidente Daniel Noboa n\u00e3o se manifestou desde o final da vota\u00e7\u00e3o no Equador.<\/p>\n<h2>Viol\u00eancia<\/h2>\n<p>Em cinco anos, os homic\u00eddios aumentaram 588%, tornando o Equador um dos pa\u00edses mais violentos da Am\u00e9rica Latina. De uma taxa de sete assassinatos por 100 mil habitantes, em 2019, o pequeno pa\u00eds de 17 milh\u00f5es de pessoas registrou, em 2024, 38 homic\u00eddios a cada 100 mil pessoas, segundo dados do Minist\u00e9rio do Interior e Justi\u00e7a do pa\u00eds. <a href=\"https:\/\/agenciabrasil.ebc.com.br\/geral\/noticia\/2025-02\/numero-de-mortes-violentas-no-brasil-tem-reducao-de-5-em-2024#:~:text=Dados%20da%20Seguran%C3%A7a%20P%C3%BAblica%20em%202024%2C%20por%20MJSP%2FDivulga%C3%A7%C3%A3o&amp;text=Al%C3%A9m%20disso%2C%20%C3%A9%20o%20menor,pessoas%20foram%20assassinadas%20no%20pa%C3%ADs\" target=\"_blank\" rel=\"noopener\">A t\u00edtulo de compara\u00e7\u00e3o<\/a>, a taxa de homic\u00eddios no Brasil foi de 18 por 100 mil habitantes em 2024.<\/p>\n<p><a href=\"https:\/\/agenciabrasil.ebc.com.br\/internacional\/noticia\/2024-01\/equador-vive-dia-de-terror-nas-maos-do-crime-organizado\" target=\"_blank\" rel=\"noopener\">Ao menos desde 2021, o Equador \u00e9 sacudido por rebeli\u00f5es, motins e guerras<\/a> entre fac\u00e7\u00f5es do crime organizado. Menos de tr\u00eas meses ap\u00f3s Noboa assumir o governo, explos\u00f5es, sequestros e at\u00e9 a invas\u00e3o de um telejornal ao vivo por criminosos levaram o presidente a declarar o pa\u00eds em conflito armado interno, classificar os grupos criminosos como terroristas e ampliar os poderes dos militares na seguran\u00e7a p\u00fablica.<\/p>\n<p><a href=\"https:\/\/agenciabrasil.ebc.com.br\/internacional\/noticia\/2024-05\/ong-relata-torturas-execucoes-e-prisoes-arbitrarias-no-equador\" target=\"_blank\" rel=\"noopener\">As medidas resultaram no aumento das den\u00fancias de torturas<\/a>, execu\u00e7\u00f5es e pris\u00f5es arbitr\u00e1rias no pa\u00eds, vitimando principalmente a popula\u00e7\u00e3o mais pobre. Em janeiro deste ano, foram achados os corpos de quatro adolescentes que tinham sido presos por militares, em Guayaquil, fato que chocou a opini\u00e3o p\u00fablica equatoriana e levou \u00e0 pris\u00e3o 16 agentes das For\u00e7as Armadas.\u00a0<\/p>\n<p>      <!-- Relacionada --><\/p>\n<p>            <!-- Relacionada -->\n    <\/div>\n<p><br \/>\n<br \/><a href=\"https:\/\/agenciabrasil.ebc.com.br\/internacional\/noticia\/2025-02\/eleicao-presidencial-do-equador-tera-2o-turno-entre-noboa-e-esquerda\" rel=\"noopener\">Ag\u00eancia Brasil <\/a><\/p>\n","protected":false},"excerpt":{"rendered":"<p>Com 92% das urnas apuradas, est\u00e1 confirmado o segundo turno da elei\u00e7\u00e3o presidencial do Equador entre o atual presidente, o direitista Daniel Noboa, e a candidata da oposi\u00e7\u00e3o de esquerda, Luisa Gonz\u00e1lez, do partido do ex-presidente Rafael Correia, o Revolu\u00e7\u00e3o Cidad\u00e3. Na manh\u00e3 desta segunda-feira (10), o Conselho Nacional Eleitoral (CNE) do Equador dava 44,31% [&hellip;]<\/p>\n","protected":false},"author":1,"featured_media":23068,"comment_status":"open","ping_status":"open","sticky":false,"template":"","format":"standard","meta":{"_jetpack_newsletter_access":"","_jetpack_dont_email_post_to_subs":false,"_jetpack_newsletter_tier_id":0,"_jetpack_memberships_contains_paywalled_content":false,"_mbp_banners":[],"_jetpack_feature_clip_id":0,"_jetpack_memberships_contains_paid_content":false,"footnotes":"","jetpack_publicize_message":"","jetpack_publicize_feature_enabled":true,"jetpack_social_post_already_shared":true,"jetpack_social_options":{"image_generator_settings":{"template":"highway","default_image_id":0,"font":"","enabled":false},"version":2},"jetpack_post_was_ever_published":false},"categories":[25],"tags":[],"class_list":["post-23130","post","type-post","status-publish","format-standard","has-post-thumbnail","category-internacional"],"jetpack_publicize_connections":[],"jetpack-related-posts":[],"jetpack_shortlink":"https:\/\/wp.me\/p7Eq1F-614","jetpack_sharing_enabled":true,"jetpack_featured_media_url":"https:\/\/i0.wp.com\/guialimeira.com.br\/news\/wp-content\/uploads\/2025\/02\/equador01.jpg?fit=1600%2C800&ssl=1","_links":{"self":[{"href":"https:\/\/guialimeira.com.br\/news\/wp-json\/wp\/v2\/posts\/23130","targetHints":{"allow":["GET"]}}],"collection":[{"href":"https:\/\/guialimeira.com.br\/news\/wp-json\/wp\/v2\/posts"}],"about":[{"href":"https:\/\/guialimeira.com.br\/news\/wp-json\/wp\/v2\/types\/post"}],"author":[{"embeddable":true,"href":"https:\/\/guialimeira.com.br\/news\/wp-json\/wp\/v2\/users\/1"}],"replies":[{"embeddable":true,"href":"https:\/\/guialimeira.com.br\/news\/wp-json\/wp\/v2\/comments?post=23130"}],"version-history":[{"count":0,"href":"https:\/\/guialimeira.com.br\/news\/wp-json\/wp\/v2\/posts\/23130\/revisions"}],"wp:featuredmedia":[{"embeddable":true,"href":"https:\/\/guialimeira.com.br\/news\/wp-json\/wp\/v2\/media\/23068"}],"wp:attachment":[{"href":"https:\/\/guialimeira.com.br\/news\/wp-json\/wp\/v2\/media?parent=23130"}],"wp:term":[{"taxonomy":"category","embeddable":true,"href":"https:\/\/guialimeira.com.br\/news\/wp-json\/wp\/v2\/categories?post=23130"},{"taxonomy":"post_tag","embeddable":true,"href":"https:\/\/guialimeira.com.br\/news\/wp-json\/wp\/v2\/tags?post=23130"}],"curies":[{"name":"wp","href":"https:\/\/api.w.org\/{rel}","templated":true}]}}