{"id":23125,"date":"2025-02-10T10:54:09","date_gmt":"2025-02-10T13:54:09","guid":{"rendered":"https:\/\/guialimeira.com.br\/2025\/02\/10\/mercado-projeta-inflacao-em-558-para-2025-pib-fica-em-203\/"},"modified":"2025-02-10T10:54:09","modified_gmt":"2025-02-10T13:54:09","slug":"mercado-projeta-inflacao-em-558-para-2025-pib-fica-em-203","status":"publish","type":"post","link":"https:\/\/guialimeira.com.br\/news\/mercado-projeta-inflacao-em-558-para-2025-pib-fica-em-203\/","title":{"rendered":"Mercado projeta infla\u00e7\u00e3o em 5,58% para 2025; PIB fica em 2,03"},"content":{"rendered":"<p> <br \/>\n<\/p>\n<div>\n<p>O mercado financeiro aumentou a proje\u00e7\u00e3o da infla\u00e7\u00e3o e do crescimento da economia para este ano. Segundo o Boletim Focus, divulgado nesta segunda-feira (10) pelo Banco Central, a infla\u00e7\u00e3o, medida pelo \u00cdndice Nacional de Pre\u00e7os ao Consumidor Amplo (IPCA), em 5,58%, ante os 5,51% da semana passada.<img data-recalc-dims=\"1\" decoding=\"async\" src=\"https:\/\/i0.wp.com\/agenciabrasil.ebc.com.br\/ebc.png?w=696&#038;ssl=1\" style=\"width:1px; height:1px; display:inline;\"\/><img data-recalc-dims=\"1\" decoding=\"async\" src=\"https:\/\/i0.wp.com\/agenciabrasil.ebc.com.br\/ebc.gif?w=696&#038;ssl=1\" style=\"width:1px; height:1px; display:inline;\"\/><\/p>\n<p>O boletim tamb\u00e9m trouxe nova redu\u00e7\u00e3o na proje\u00e7\u00e3o do Produto Interno Bruto (PIB) &#8211; a soma dos bens e servi\u00e7os produzidos no pa\u00eds, para 2025. Agora, os agentes do mercado financeiro projetam o crescimento de 2,03% para 2025, ante os 2,04%\u00a0da semana anterior.<\/p>\n<p>A pesquisa Focus \u00e9 feita com economistas do mercado financeiro e divulgada semanalmente pelo BC. Para 2026, o Focus mostra proje\u00e7\u00e3o de crescimento do PIB de 1,7%. J\u00e1 para 2027, a proje\u00e7\u00e3o \u00e9 de 1,96% e, em 2028, expans\u00e3o de 2% da economia.<\/p>\n<p>Em rela\u00e7\u00e3o \u00e0 infla\u00e7\u00e3o, o boletim projeta\u00a0\u00edndice de 4,3% para 2026, ante os 4,28, da semana passada. Para 2027, o mercado financeiro tem a proje\u00e7\u00e3o de IPCA de 3,9% e, de 3,78% em 2028.<\/p>\n<p>No ano passado, o IPCA, que leva em conta a varia\u00e7\u00e3o do custo de vida de fam\u00edlias com rendimento de at\u00e9 40 sal\u00e1rios m\u00ednimos, fechou o ano passado em 4,83%, acima do teto da meta, que era de 4,5%.<\/p>\n<h2>Taxa de juros<\/h2>\n<p>Em rela\u00e7\u00e3o \u00e0 taxa b\u00e1sica de juros, a Selic, o Focus manteve a proje\u00e7\u00e3o da semana passada, de 15%, para 2025, a\u00a0mesma das \u00faltimas quatro semanas. Para 2026, a proje\u00e7\u00e3o do mercado financeiro \u00e9 que a Selic fique em 12,5%, tamb\u00e9m a mesma projetada na semana passada. Para 2027 e 2028, as proje\u00e7\u00f5es s\u00e3o de que a taxa fique em 10,5% e 10%, respectivamente.<\/p>\n<p>Para alcan\u00e7ar a meta de infla\u00e7\u00e3o, o Banco Central usa como principal instrumento a <a href=\"https:\/\/agenciabrasil.ebc.com.br\/economia\/noticia\/2025-01\/copom-eleva-juros-basicos-da-economia-para-1325-ao-ano\" target=\"_blank\" rel=\"noopener\">taxa b\u00e1sica de juros<\/a>, a Selic, definida em 13,25% ao ano pelo Comit\u00ea de Pol\u00edtica Monet\u00e1ria (Copom).<\/p>\n<p>No final de janeiro, o colegiado aumentou a Selic em 1 ponto percentual, com a justificativa de que a decis\u00e3o \u00e9 compat\u00edvel com a estrat\u00e9gia de converg\u00eancia da infla\u00e7\u00e3o para o redor da meta.<\/p>\n<p>O Copom destacou que os pre\u00e7os dos alimentos se elevaram de forma significativa, em fun\u00e7\u00e3o, dentre outros fatores, da estiagem observada ao longo do ano passado e da eleva\u00e7\u00e3o de pre\u00e7os de carnes, tamb\u00e9m afetada pelo ciclo do boi.<\/p>\n<p>Com rela\u00e7\u00e3o aos bens industrializados, o comit\u00ea apontou que movimento recente de aumento do d\u00f3lar pressiona pre\u00e7os e margens, sugerindo maior aumento em tais componentes nos pr\u00f3ximos mes, o que tornou o cen\u00e1rio inflacion\u00e1rio mais adverso, demandando uma pol\u00edtica econ\u00f4mica contracionista.<\/p>\n<p>Ainda de acordo com o Copom, o cen\u00e1rio mais adverso para a converg\u00eancia da infla\u00e7\u00e3o \u00e0 meta para 2025, de 3%, com intervalo de toler\u00e2ncia de 1,5% a 4,5% pode demandar\u00a0<a href=\"https:\/\/agenciabrasil.ebc.com.br\/economia\/noticia\/2025-02\/copom-aponta-para-aumento-da-selic-em-1-ponto-em-marco\" target=\"_blank\" rel=\"noopener\">aumento de 1 ponto percentual<\/a>\u00a0na Selic na pr\u00f3xima reuni\u00e3o do comit\u00ea nos dias 18 e 19 de mar\u00e7o.<\/p>\n<h2>C\u00e2mbio<\/h2>\n<p>Em rela\u00e7\u00e3o ao c\u00e2mbio, a previs\u00e3o de cota\u00e7\u00e3o do d\u00f3lar ficou em R$ 6,00 para 2025. Nesta segunda-feira a cota\u00e7\u00e3o da moeda est\u00e1 em R$ 5,75. No fim de 2026, a previs\u00e3o \u00e9 que a moeda norte-americana tamb\u00e9m fique em R$ 6,00. Para 2027, o c\u00e2mbio tamb\u00e9m deve ficar, segundo o Focus, em R$5,93 e para 2028, a proje\u00e7\u00e3o \u00e9 de R$ 5,99.<\/p>\n<p>      <!-- Relacionada --><\/p>\n<p>            <!-- Relacionada -->\n    <\/div>\n<p><br \/>\n<br \/><a href=\"https:\/\/agenciabrasil.ebc.com.br\/economia\/noticia\/2025-02\/mercado-projeta-inflacao-em-558-para-2025-pib-fica-em-203\" rel=\"noopener\">Ag\u00eancia Brasil<\/a><\/p>\n","protected":false},"excerpt":{"rendered":"<p>O mercado financeiro aumentou a proje\u00e7\u00e3o da infla\u00e7\u00e3o e do crescimento da economia para este ano. Segundo o Boletim Focus, divulgado nesta segunda-feira (10) pelo Banco Central, a infla\u00e7\u00e3o, medida pelo \u00cdndice Nacional de Pre\u00e7os ao Consumidor Amplo (IPCA), em 5,58%, ante os 5,51% da semana passada. O boletim tamb\u00e9m trouxe nova redu\u00e7\u00e3o na proje\u00e7\u00e3o [&hellip;]<\/p>\n","protected":false},"author":1,"featured_media":3171,"comment_status":"open","ping_status":"open","sticky":false,"template":"","format":"standard","meta":{"_jetpack_newsletter_access":"","_jetpack_dont_email_post_to_subs":false,"_jetpack_newsletter_tier_id":0,"_jetpack_memberships_contains_paywalled_content":false,"_mbp_banners":[],"_jetpack_feature_clip_id":0,"_jetpack_memberships_contains_paid_content":false,"footnotes":"","jetpack_publicize_message":"","jetpack_publicize_feature_enabled":true,"jetpack_social_post_already_shared":true,"jetpack_social_options":{"image_generator_settings":{"template":"highway","default_image_id":0,"font":"","enabled":false},"version":2},"jetpack_post_was_ever_published":false},"categories":[24],"tags":[],"class_list":["post-23125","post","type-post","status-publish","format-standard","has-post-thumbnail","category-economia"],"jetpack_publicize_connections":[],"jetpack-related-posts":[],"jetpack_shortlink":"https:\/\/wp.me\/p7Eq1F-60Z","jetpack_sharing_enabled":true,"jetpack_featured_media_url":"https:\/\/i0.wp.com\/guialimeira.com.br\/news\/wp-content\/uploads\/2024\/04\/economia_1609210423_0.jpg?fit=1600%2C800&ssl=1","_links":{"self":[{"href":"https:\/\/guialimeira.com.br\/news\/wp-json\/wp\/v2\/posts\/23125","targetHints":{"allow":["GET"]}}],"collection":[{"href":"https:\/\/guialimeira.com.br\/news\/wp-json\/wp\/v2\/posts"}],"about":[{"href":"https:\/\/guialimeira.com.br\/news\/wp-json\/wp\/v2\/types\/post"}],"author":[{"embeddable":true,"href":"https:\/\/guialimeira.com.br\/news\/wp-json\/wp\/v2\/users\/1"}],"replies":[{"embeddable":true,"href":"https:\/\/guialimeira.com.br\/news\/wp-json\/wp\/v2\/comments?post=23125"}],"version-history":[{"count":0,"href":"https:\/\/guialimeira.com.br\/news\/wp-json\/wp\/v2\/posts\/23125\/revisions"}],"wp:featuredmedia":[{"embeddable":true,"href":"https:\/\/guialimeira.com.br\/news\/wp-json\/wp\/v2\/media\/3171"}],"wp:attachment":[{"href":"https:\/\/guialimeira.com.br\/news\/wp-json\/wp\/v2\/media?parent=23125"}],"wp:term":[{"taxonomy":"category","embeddable":true,"href":"https:\/\/guialimeira.com.br\/news\/wp-json\/wp\/v2\/categories?post=23125"},{"taxonomy":"post_tag","embeddable":true,"href":"https:\/\/guialimeira.com.br\/news\/wp-json\/wp\/v2\/tags?post=23125"}],"curies":[{"name":"wp","href":"https:\/\/api.w.org\/{rel}","templated":true}]}}