{"id":23113,"date":"2025-02-10T08:52:08","date_gmt":"2025-02-10T11:52:08","guid":{"rendered":"https:\/\/guialimeira.com.br\/2025\/02\/10\/prefeitos-irao-se-reunir-em-brasilia-a-partir-de-amanha\/"},"modified":"2025-02-10T08:52:08","modified_gmt":"2025-02-10T11:52:08","slug":"prefeitos-irao-se-reunir-em-brasilia-a-partir-de-amanha","status":"publish","type":"post","link":"https:\/\/guialimeira.com.br\/news\/prefeitos-irao-se-reunir-em-brasilia-a-partir-de-amanha\/","title":{"rendered":"Prefeitos ir\u00e3o se reunir em Bras\u00edlia a partir de amanh\u00e3"},"content":{"rendered":"<p> <br \/>\n<\/p>\n<div>\n<p>Come\u00e7a nesta ter\u00e7a-feira (11) e vai at\u00e9 quinta-feira (13), em Bras\u00edlia, o Encontro Nacional de Prefeitos e Prefeitas. Reunir\u00e1 gestores municipais eleitos para o mandato 2025-2028. Promovido pelo governo federal, o evento tem como meta aproximar minist\u00e9rios e \u00f3rg\u00e3os governamentais dos munic\u00edpios para facilitar o acesso a informa\u00e7\u00f5es essenciais, ferramentas e recursos voltados aos novos gestores.<img data-recalc-dims=\"1\" decoding=\"async\" src=\"https:\/\/i0.wp.com\/agenciabrasil.ebc.com.br\/ebc.png?w=696&#038;ssl=1\" style=\"width:1px; height:1px; display:inline;\"\/><img data-recalc-dims=\"1\" decoding=\"async\" src=\"https:\/\/i0.wp.com\/agenciabrasil.ebc.com.br\/ebc.gif?w=696&#038;ssl=1\" style=\"width:1px; height:1px; display:inline;\"\/><\/p>\n<p>Na abertura, est\u00e1 prevista a participa\u00e7\u00e3o do presidente Luiz In\u00e1cio Lula da Silva e de ministros. Dentre as mais de 170 atividades simult\u00e2neas figuram informa\u00e7\u00f5es sobre diretrizes e orienta\u00e7\u00f5es sobre os programas do governo federal e recursos dispon\u00edveis; informa\u00e7\u00f5es t\u00e9cnicas, administrativas e financeiras sobre os munic\u00edpios; debates sobre o enfrentamento de quest\u00f5es clim\u00e1ticas e eventos extremos; direitos humanos, cidadania e gest\u00e3o local; pol\u00edticas de integra\u00e7\u00e3o e desenvolvimento regional, seguran\u00e7a p\u00fablica; e transi\u00e7\u00e3o energ\u00e9tica.<\/p>\n<p>Tamb\u00e9m ser\u00e3o abordados o relacionamento institucional das prefeituras com minist\u00e9rios e outros \u00f3rg\u00e3os governamentais, o pacto federativo e a gest\u00e3o municipal.<\/p>\n<h2>Processo de transi\u00e7\u00e3o<\/h2>\n<p>\u201cO governo federal entende que esse processo de transi\u00e7\u00e3o \u00e9 um momento crucial para a continuidade das pol\u00edticas p\u00fablicas e para o fortalecimento das parcerias entre o governo federal e os munic\u00edpios. Assim, o governo federal se prepara agora para o lan\u00e7amento da terceira edi\u00e7\u00e3o do Encontro de Novos Prefeitos e Prefeitas, que reunir\u00e1 mais de 20 mil pessoas em Bras\u00edlia\u201d, informou o Minist\u00e9rio do Planejamento e Or\u00e7amento (MPO).<\/p>\n<p>A iniciativa \u00e9 coordenada pela Secretaria de Rela\u00e7\u00f5es Institucionais da Presid\u00eancia da Rep\u00fablica (SRI\/PR) e correalizada pela Associa\u00e7\u00e3o Brasileira de Munic\u00edpios (ABM) e conta com apoio da Confedera\u00e7\u00e3o Nacional de Munic\u00edpios (CNM) e Frente Nacional de Prefeitos (FNP).<\/p>\n<p>Para participar do Encontro de Novos Prefeitos e Prefeitas \u00e9 necess\u00e1rio realizar inscri\u00e7\u00e3o pr\u00e9via no <a href=\"https:\/\/cred-encontrodeprefeitos.serpro.gov.br\/Inscricao\" target=\"_blank\" rel=\"noopener\">site da SRI<\/a>. As atividades ser\u00e3o distribu\u00eddas entre os audit\u00f3rios e salas do Centro de Conven\u00e7\u00f5es Ulysses Guimar\u00e3es. A <a href=\"https:\/\/www.gov.br\/sri\/pt-br\/SEAF\/portalfederativo\/encontro\/2025_enpp-programacaocompleta-v2.pdf\" target=\"_blank\" rel=\"noopener\">programa\u00e7\u00e3o completa est\u00e1 dispon\u00edvel aqui<\/a>.<\/p>\n<p>      <!-- Relacionada --><\/p>\n<p>            <!-- Relacionada -->\n    <\/div>\n<p><br \/>\n<br \/><a href=\"https:\/\/agenciabrasil.ebc.com.br\/economia\/noticia\/2025-02\/prefeitos-irao-se-reunir-em-brasilia-partir-de-amanha\" rel=\"noopener\">Ag\u00eancia Brasil<\/a><\/p>\n","protected":false},"excerpt":{"rendered":"<p>Come\u00e7a nesta ter\u00e7a-feira (11) e vai at\u00e9 quinta-feira (13), em Bras\u00edlia, o Encontro Nacional de Prefeitos e Prefeitas. Reunir\u00e1 gestores municipais eleitos para o mandato 2025-2028. Promovido pelo governo federal, o evento tem como meta aproximar minist\u00e9rios e \u00f3rg\u00e3os governamentais dos munic\u00edpios para facilitar o acesso a informa\u00e7\u00f5es essenciais, ferramentas e recursos voltados aos novos [&hellip;]<\/p>\n","protected":false},"author":1,"featured_media":10919,"comment_status":"open","ping_status":"open","sticky":false,"template":"","format":"standard","meta":{"_jetpack_newsletter_access":"","_jetpack_dont_email_post_to_subs":false,"_jetpack_newsletter_tier_id":0,"_jetpack_memberships_contains_paywalled_content":false,"_mbp_banners":[],"_jetpack_feature_clip_id":0,"_jetpack_memberships_contains_paid_content":false,"footnotes":"","jetpack_publicize_message":"","jetpack_publicize_feature_enabled":true,"jetpack_social_post_already_shared":true,"jetpack_social_options":{"image_generator_settings":{"template":"highway","default_image_id":0,"font":"","enabled":false},"version":2},"jetpack_post_was_ever_published":false},"categories":[24],"tags":[],"class_list":["post-23113","post","type-post","status-publish","format-standard","has-post-thumbnail","category-economia"],"jetpack_publicize_connections":[],"jetpack-related-posts":[],"jetpack_shortlink":"https:\/\/wp.me\/p7Eq1F-60N","jetpack_sharing_enabled":true,"jetpack_featured_media_url":"https:\/\/i0.wp.com\/guialimeira.com.br\/news\/wp-content\/uploads\/2024\/07\/dji_0996.jpg?fit=1600%2C800&ssl=1","_links":{"self":[{"href":"https:\/\/guialimeira.com.br\/news\/wp-json\/wp\/v2\/posts\/23113","targetHints":{"allow":["GET"]}}],"collection":[{"href":"https:\/\/guialimeira.com.br\/news\/wp-json\/wp\/v2\/posts"}],"about":[{"href":"https:\/\/guialimeira.com.br\/news\/wp-json\/wp\/v2\/types\/post"}],"author":[{"embeddable":true,"href":"https:\/\/guialimeira.com.br\/news\/wp-json\/wp\/v2\/users\/1"}],"replies":[{"embeddable":true,"href":"https:\/\/guialimeira.com.br\/news\/wp-json\/wp\/v2\/comments?post=23113"}],"version-history":[{"count":0,"href":"https:\/\/guialimeira.com.br\/news\/wp-json\/wp\/v2\/posts\/23113\/revisions"}],"wp:featuredmedia":[{"embeddable":true,"href":"https:\/\/guialimeira.com.br\/news\/wp-json\/wp\/v2\/media\/10919"}],"wp:attachment":[{"href":"https:\/\/guialimeira.com.br\/news\/wp-json\/wp\/v2\/media?parent=23113"}],"wp:term":[{"taxonomy":"category","embeddable":true,"href":"https:\/\/guialimeira.com.br\/news\/wp-json\/wp\/v2\/categories?post=23113"},{"taxonomy":"post_tag","embeddable":true,"href":"https:\/\/guialimeira.com.br\/news\/wp-json\/wp\/v2\/tags?post=23113"}],"curies":[{"name":"wp","href":"https:\/\/api.w.org\/{rel}","templated":true}]}}