{"id":23067,"date":"2025-02-09T09:20:22","date_gmt":"2025-02-09T12:20:22","guid":{"rendered":"https:\/\/guialimeira.com.br\/2025\/02\/09\/equador-escolhe-presidente-neste-domingo-em-meio-a-onda-de-violencia\/"},"modified":"2025-02-09T09:20:22","modified_gmt":"2025-02-09T12:20:22","slug":"equador-escolhe-presidente-neste-domingo-em-meio-a-onda-de-violencia","status":"publish","type":"post","link":"https:\/\/guialimeira.com.br\/news\/equador-escolhe-presidente-neste-domingo-em-meio-a-onda-de-violencia\/","title":{"rendered":"Equador escolhe presidente neste domingo em meio a onda de viol\u00eancia"},"content":{"rendered":"<p> <br \/>\n<\/p>\n<div>\n<p>Em meio a uma onda de viol\u00eancia, de <a href=\"https:\/\/agenciabrasil.ebc.com.br\/internacional\/noticia\/2024-06\/equador-sofre-apagao-nacional-por-falhas-de-transmissao\" target=\"_blank\" rel=\"noopener\">apag\u00f5es<\/a> e de dificuldades econ\u00f4micas, cerca de 11 milh\u00f5es de equatorianos devem escolher, neste domingo (9), o presidente do pa\u00eds e os 151 parlamentares da Assembleia Nacional para o per\u00edodo de 2025 a 2029.<img data-recalc-dims=\"1\" decoding=\"async\" src=\"https:\/\/i0.wp.com\/agenciabrasil.ebc.com.br\/ebc.png?w=696&#038;ssl=1\" style=\"width:1px; height:1px; display:inline;\"\/><img data-recalc-dims=\"1\" decoding=\"async\" src=\"https:\/\/i0.wp.com\/agenciabrasil.ebc.com.br\/ebc.gif?w=696&#038;ssl=1\" style=\"width:1px; height:1px; display:inline;\"\/><\/p>\n<p>O atual presidente, Daniel Noboa, enfrenta 15 candidatos, entre os quais, a mais bem posicionada nas pesquisas \u00e9 Luisa Gonz\u00e1lez, da Revolu\u00e7\u00e3o Cidad\u00e3, partido do ex-presidente Rafael Correa, que governou o pa\u00eds de 2007 a 2017. As <a href=\"https:\/\/x.com\/CELAGeopolitica\/status\/1885365416295383294\" target=\"_blank\">pesquisas <\/a>d\u00e3o resultados divergentes:\u00a0 algumas d\u00e3o vit\u00f3ria para Daniel e outras mostram Luisa \u00e0 frente no primeiro turno.<\/p>\n<p>Em outubro de 2023, o direitista Noboa venceu Gonz\u00e1lez, de centro-esquerda, no segundo turno por 52% dos votos. Ele foi eleito para um mandato tamp\u00e3o de 15 meses depois que o ent\u00e3o presidente Guilherme Lasso <a href=\"https:\/\/agenciabrasil.ebc.com.br\/internacional\/noticia\/2023-05\/presidente-do-equador-dissolve-parlamento-e-antecipa-eleicoes\" target=\"_blank\" rel=\"noopener\">dissolveu o Parlamento <\/a>e convocou elei\u00e7\u00f5es antecipadas.<\/p>\n<p>A soci\u00f3loga equatoriana Irene Le\u00f3n conversou com a <strong>Ag\u00eancia Brasil<\/strong> diretamente de Quito, capital do pa\u00eds. Ela explicou que o megaempres\u00e1rio Noboa, cuja fam\u00edlia \u00e9 dona da <em>holding<\/em> Nobis, que atua em diversos neg\u00f3cios, tendo se consolidado como maior exportador de bananas do pa\u00eds, \u00e9 pr\u00f3ximo aos governos dos Estados Unidos (EUA), da Argentina e de El Salvador.<\/p>\n<p>\u201cEle \u00e9 o herdeiro mais rico do pa\u00eds e \u00e9 parte desse entorno econ\u00f4mico. Se ganhar as elei\u00e7\u00f5es, vai continuar colocando \u00e0 disposi\u00e7\u00e3o do mercado, do grande capital, tudo o que o pa\u00eds tem. O foco da sua proposta \u00e9 uma economia associada \u00e0 vis\u00e3o anarcocapitalista libert\u00e1ria que est\u00e1 em ascens\u00e3o na Am\u00e9rica Latina\u201d, afirmou Irene.<\/p>\n<p>De outro lado, est\u00e1 o grupo pol\u00edtico do ex-presidente Rafael Correa, que lan\u00e7ou novamente Luisa Gonz\u00e1lez para disputar a Presid\u00eancia. Condenado h\u00e1 oito anos de pris\u00e3o por corrup\u00e7\u00e3o, Correa est\u00e1 exilado na B\u00e9lgica. Ela diz que \u00e9 v\u00edtima de persegui\u00e7\u00e3o pol\u00edtica por vias judiciais, pr\u00e1tica conhecida como <em>lawfare<\/em>.<\/p>\n<p>Segundo a soci\u00f3loga Irene Le\u00f3n, o partido Revolu\u00e7\u00e3o Cidad\u00e3 ainda \u00e9 a principal for\u00e7a pol\u00edtica organizada do pa\u00eds. \u201cLuisa Gonz\u00e1lez prop\u00f5e medidas para a reativa\u00e7\u00e3o da economia com o envolvimento do Estado, mas tamb\u00e9m de outros atores. T\u00eam uma proposta de menos depend\u00eancia da exporta\u00e7\u00e3o do petr\u00f3leo e tamb\u00e9m defende a auditoria da d\u00edvida externa\u201d, acrescentou.<\/p>\n<p>Para levar a elei\u00e7\u00e3o no primeiro turno no Equador, o candidato tem que ter mais de 50% dos votos ou mais de 40% e uma dist\u00e2ncia de 10% do segundo colocado. Todas as pesquisas t\u00eam indicado um segundo turno entre Daniel Noboa e Luisa Gonz\u00e1lez.<\/p>\n<h2>Criminalidade<\/h2>\n<p>Em cinco anos, os homic\u00eddios aumentaram 588%, tornando o Equador um dos pa\u00edses mais violentos da Am\u00e9rica Latina. De uma taxa de 7 assassinatos por 100 mil habitantes, em 2019, o pequeno pa\u00eds de 17 milh\u00f5es de pessoas registrou, em 2024, 38 homic\u00eddios a cada 100 mil pessoas.<\/p>\n<p>Segundo o antrop\u00f3logo Salvador Schavelzon, professor da Universidade Federal de S\u00e3o Paulo (Unifesp), o eleitor equatoriano deve definir seu voto, em boa medida, avaliando como os candidatos se posicionam em rela\u00e7\u00e3o ao aumento da viol\u00eancia.<\/p>\n<p>\u201cA quest\u00e3o da seguran\u00e7a tem substitu\u00eddo outras que tradicionalmente eram importantes e pautavam as elei\u00e7\u00f5es no Equador, como a quest\u00e3o ind\u00edgena, o extrativismo, a ecologia. Estes foram temas importantes no processo constituinte de 2008. Agora, a elei\u00e7\u00e3o \u00e9 sobre viol\u00eancia e seguran\u00e7a. Isso joga a favor do Daniel\u201d, disse Schavelzon \u00e0 <strong>Ag\u00eancia Brasil<\/strong>.<\/p>\n<h2>Conflito armado<\/h2>\n<p>Ao menos desde 2021, o Equador \u00e9 sacudido por rebeli\u00f5es, motins e guerras entre fac\u00e7\u00f5es do crime organizado. Menos de tr\u00eas meses ap\u00f3s Noboa assumir o governo, explos\u00f5es, sequestros e at\u00e9 a invas\u00e3o de um telejornal ao vivo por criminosos levaram o presidente a declarar o pa\u00eds em <a href=\"https:\/\/agenciabrasil.ebc.com.br\/internacional\/noticia\/2024-01\/equador-vive-dia-de-terror-nas-maos-do-crime-organizado\" target=\"_blank\" rel=\"noopener\">conflito armado interno<\/a>, classificar os grupos criminosos como terroristas e ampliar os poderes dos militares na seguran\u00e7a p\u00fablica.<\/p>\n<p>As medidas resultaram no aumento das den\u00fancias de torturas, execu\u00e7\u00f5es e pris\u00f5es arbitr\u00e1rias no pa\u00eds, vitimando principalmente a popula\u00e7\u00e3o mais pobre. Em janeiro deste ano, foram achados os corpos de quatro adolescentes que tinham sido presos por militares, em Guayaquil, fato que chocou a opini\u00e3o p\u00fablica equatoriana e levou \u00e0 pris\u00e3o de 16 agentes das For\u00e7as Armadas.\u00a0<\/p>\n<p>Para o especialista em Am\u00e9rica Latina Salvador Schavelzonm a resposta de Noboa de \u201cm\u00e3o dura\u201d contra o crime tem muito efeito midi\u00e1tico, mas n\u00e3o necessariamente gera solu\u00e7\u00f5es. \u201cMuitas vezes tem presos, mas os cart\u00e9is continuam funcionando, os grandes nomes do tr\u00e1fico tamb\u00e9m n\u00e3o s\u00e3o necessariamente presos, [atuando] inclusive em cumplicidade com militares e com o poder pol\u00edtico. Ou seja, \u00e9 uma viol\u00eancia contra os mais pobres, que acabam pagando o custo. As for\u00e7as de seguran\u00e7a tamb\u00e9m n\u00e3o sabem como lidar e vira uma quest\u00e3o mais midi\u00e1tica, e a elei\u00e7\u00e3o expressa isso\u201d, afirmou.<\/p>\n<p>J\u00e1 Irene Le\u00f3n destacou que a pol\u00edtica de seguran\u00e7a de Daniel Noboa n\u00e3o considera o setor exportador e a lavagem de dinheiro, onde estariam, segundo a soci\u00f3loga, os n\u00facleos que permitem ao crime organizado continuar operando no pa\u00eds. \u201cNa guerra de Novoa, esses setores n\u00e3o t\u00eam sido tocados, mas quem est\u00e1 sendo agredido muito s\u00e3o os pobres e os afrodescendentes\u201d, afirmou.<\/p>\n<p>      <!-- Relacionada --><\/p>\n<p>            <!-- Relacionada -->\n    <\/div>\n<p><br \/>\n<br \/><a href=\"https:\/\/agenciabrasil.ebc.com.br\/internacional\/noticia\/2025-02\/equador-escolhe-presidente-neste-domingo-em-meio-onda-de-violencia\" rel=\"noopener\">Ag\u00eancia Brasil <\/a><\/p>\n","protected":false},"excerpt":{"rendered":"<p>Em meio a uma onda de viol\u00eancia, de apag\u00f5es e de dificuldades econ\u00f4micas, cerca de 11 milh\u00f5es de equatorianos devem escolher, neste domingo (9), o presidente do pa\u00eds e os 151 parlamentares da Assembleia Nacional para o per\u00edodo de 2025 a 2029. O atual presidente, Daniel Noboa, enfrenta 15 candidatos, entre os quais, a mais [&hellip;]<\/p>\n","protected":false},"author":1,"featured_media":23068,"comment_status":"open","ping_status":"open","sticky":false,"template":"","format":"standard","meta":{"_jetpack_newsletter_access":"","_jetpack_dont_email_post_to_subs":false,"_jetpack_newsletter_tier_id":0,"_jetpack_memberships_contains_paywalled_content":false,"_mbp_banners":[],"_jetpack_feature_clip_id":0,"_jetpack_memberships_contains_paid_content":false,"footnotes":"","jetpack_publicize_message":"","jetpack_publicize_feature_enabled":true,"jetpack_social_post_already_shared":true,"jetpack_social_options":{"image_generator_settings":{"template":"highway","default_image_id":0,"font":"","enabled":false},"version":2},"jetpack_post_was_ever_published":false},"categories":[25],"tags":[],"class_list":["post-23067","post","type-post","status-publish","format-standard","has-post-thumbnail","category-internacional"],"jetpack_publicize_connections":[],"jetpack-related-posts":[],"jetpack_shortlink":"https:\/\/wp.me\/p7Eq1F-603","jetpack_sharing_enabled":true,"jetpack_featured_media_url":"https:\/\/i0.wp.com\/guialimeira.com.br\/news\/wp-content\/uploads\/2025\/02\/equador01.jpg?fit=1600%2C800&ssl=1","_links":{"self":[{"href":"https:\/\/guialimeira.com.br\/news\/wp-json\/wp\/v2\/posts\/23067","targetHints":{"allow":["GET"]}}],"collection":[{"href":"https:\/\/guialimeira.com.br\/news\/wp-json\/wp\/v2\/posts"}],"about":[{"href":"https:\/\/guialimeira.com.br\/news\/wp-json\/wp\/v2\/types\/post"}],"author":[{"embeddable":true,"href":"https:\/\/guialimeira.com.br\/news\/wp-json\/wp\/v2\/users\/1"}],"replies":[{"embeddable":true,"href":"https:\/\/guialimeira.com.br\/news\/wp-json\/wp\/v2\/comments?post=23067"}],"version-history":[{"count":0,"href":"https:\/\/guialimeira.com.br\/news\/wp-json\/wp\/v2\/posts\/23067\/revisions"}],"wp:featuredmedia":[{"embeddable":true,"href":"https:\/\/guialimeira.com.br\/news\/wp-json\/wp\/v2\/media\/23068"}],"wp:attachment":[{"href":"https:\/\/guialimeira.com.br\/news\/wp-json\/wp\/v2\/media?parent=23067"}],"wp:term":[{"taxonomy":"category","embeddable":true,"href":"https:\/\/guialimeira.com.br\/news\/wp-json\/wp\/v2\/categories?post=23067"},{"taxonomy":"post_tag","embeddable":true,"href":"https:\/\/guialimeira.com.br\/news\/wp-json\/wp\/v2\/tags?post=23067"}],"curies":[{"name":"wp","href":"https:\/\/api.w.org\/{rel}","templated":true}]}}