{"id":22970,"date":"2025-02-07T16:45:58","date_gmt":"2025-02-07T19:45:58","guid":{"rendered":"https:\/\/guialimeira.com.br\/2025\/02\/07\/superavit-da-balanca-comercial-cai-651-em-janeiro\/"},"modified":"2025-02-07T16:45:58","modified_gmt":"2025-02-07T19:45:58","slug":"superavit-da-balanca-comercial-cai-651-em-janeiro","status":"publish","type":"post","link":"https:\/\/guialimeira.com.br\/news\/superavit-da-balanca-comercial-cai-651-em-janeiro\/","title":{"rendered":"Super\u00e1vit da balan\u00e7a comercial cai 65,1% em janeiro"},"content":{"rendered":"<p> <br \/>\n<\/p>\n<div>\n<p>O aumento das importa\u00e7\u00f5es e a queda das exporta\u00e7\u00f5es fizeram o super\u00e1vit da balan\u00e7a comercial cair em janeiro. No primeiro m\u00eas do ano, o pa\u00eds exportou US$ 2,164 bilh\u00f5es a mais do que importou, segundo o Minist\u00e9rio do Desenvolvimento, Ind\u00fastria, Com\u00e9rcio e Servi\u00e7os (Mdic).<img data-recalc-dims=\"1\" decoding=\"async\" src=\"https:\/\/i0.wp.com\/agenciabrasil.ebc.com.br\/ebc.png?w=696&#038;ssl=1\" style=\"width:1px; height:1px; display:inline;\"\/><img data-recalc-dims=\"1\" decoding=\"async\" src=\"https:\/\/i0.wp.com\/agenciabrasil.ebc.com.br\/ebc.gif?w=696&#038;ssl=1\" style=\"width:1px; height:1px; display:inline;\"\/><\/p>\n<p>O resultado \u00e9 o mais baixo para meses de janeiro desde 2022, quando a balan\u00e7a comercial tinha registrado d\u00e9ficit de US$ 59,1 milh\u00f5es. Em rela\u00e7\u00e3o a janeiro de 2024, o super\u00e1vit caiu 65,1%.<\/p>\n<p>Em janeiro, o pa\u00eds exportou US$ 25,18 bilh\u00f5es, queda de 5,7% em rela\u00e7\u00e3o ao registrado no mesmo m\u00eas do ano passado e o segundo melhor janeiro da s\u00e9rie hist\u00f3rica, s\u00f3 perdendo para 2024. As importa\u00e7\u00f5es somaram US$ 23,016 bilh\u00f5es, alta de 12,2% na mesma compara\u00e7\u00e3o e atingindo volume recorde para o m\u00eas.<\/p>\n<p>Do lado das exporta\u00e7\u00f5es, a redu\u00e7\u00e3o no pre\u00e7o internacional da soja, do milho, do ferro, do petr\u00f3leo e do a\u00e7\u00facar foram os principais fatores que provocaram a queda no valor vendido. Paralelamente, a entressafra de milho e de soja piorou a situa\u00e7\u00e3o. As vendas de alguns produtos, como caf\u00e9 e celulose, subiram no m\u00eas passado, compensando a diminui\u00e7\u00e3o de pre\u00e7o dos demais produtos.<\/p>\n<p>Do lado das importa\u00e7\u00f5es, as aquisi\u00e7\u00f5es de motores, m\u00e1quinas, compostos org\u00e2nicos, componentes de ve\u00edculos, adubos e fertilizantes qu\u00edmicos subiram. A maior alta ocorreu com as m\u00e1quinas e motores, cujo valor comprado aumentou 56,7% em janeiro na compara\u00e7\u00e3o com janeiro do ano passado.<\/p>\n<p>No m\u00eas passado, o volume de mercadorias exportadas caiu 0,9%, puxado pela entressafra de diversos produtos e pela redu\u00e7\u00e3o do pre\u00e7o do min\u00e9rio de ferro por causa da oscila\u00e7\u00e3o da demanda na China. Os pre\u00e7os ca\u00edram 5,2% em m\u00e9dia na compara\u00e7\u00e3o com o mesmo m\u00eas do ano passado. Nas importa\u00e7\u00f5es, a quantidade comprada subiu 19,5%, mas os pre\u00e7os m\u00e9dios recuaram 6,1%, indicando o aumento das compras externas decorrentes da recupera\u00e7\u00e3o da economia.<\/p>\n<h2>Setores<\/h2>\n<p>No setor agropecu\u00e1rio, a queda na quantidade pesou mais na redu\u00e7\u00e3o das exporta\u00e7\u00f5es. O volume de mercadorias embarcadas caiu 6,7% em janeiro na compara\u00e7\u00e3o com o mesmo m\u00eas de 2024, enquanto o pre\u00e7o m\u00e9dio caiu 4%. Na ind\u00fastria de transforma\u00e7\u00e3o, a quantidade caiu 2,7%, com o pre\u00e7o m\u00e9dio subindo 2,5%, refletindo a crise econ\u00f4mica na Argentina, o maior comprador de bens industrializados do Brasil. Na ind\u00fastria extrativa, que engloba a exporta\u00e7\u00e3o de min\u00e9rios e de petr\u00f3leo, a quantidade exportada subiu 6,1%, enquanto os pre\u00e7os m\u00e9dios recuaram 18,3%.<\/p>\n<h2>Estimativa<\/h2>\n<p>Em janeiro, o Mdic divulgou estimativas para a balan\u00e7a comercial do ano em janeiro. A pasta prev\u00ea que o Brasil ter\u00e1 super\u00e1vit entre US$ 60 bilh\u00f5es e US$ 80 bilh\u00f5es em 2025, com as exporta\u00e7\u00f5es ficando entre US$ 320 bilh\u00f5es e US$ 360 bilh\u00f5es, e as importa\u00e7\u00f5es entre US$ 260 bilh\u00f5es e US$ 280 bilh\u00f5es. Tradicionalmente, a pasta divulgava as proje\u00e7\u00f5es para o ano a partir de abril, com revis\u00f5es em julho e em outubro.<\/p>\n<p>O boletim Focus, pesquisa com analistas de mercado divulgada toda semana pelo Banco Central, projeta super\u00e1vit comercial de US$ 75,7 bilh\u00f5es neste ano. Em 2024, a balan\u00e7a comercial registrou super\u00e1vit de US$ 74,176 bilh\u00f5es, com as exporta\u00e7\u00f5es somando US$ 337,046 bilh\u00f5es e as importa\u00e7\u00f5es atingindo US$ 262,869 bilh\u00f5es, segundo os dados revisados pelo Mdic.<\/p>\n<p>\u00a0<\/p>\n<p>      <!-- Relacionada --><\/p>\n<p>            <!-- Relacionada -->\n    <\/div>\n<p><br \/>\n<br \/><a href=\"https:\/\/agenciabrasil.ebc.com.br\/economia\/noticia\/2025-02\/superavit-da-balanca-comercial-cai-651-em-janeiro\" rel=\"noopener\">Ag\u00eancia Brasil<\/a><\/p>\n","protected":false},"excerpt":{"rendered":"<p>O aumento das importa\u00e7\u00f5es e a queda das exporta\u00e7\u00f5es fizeram o super\u00e1vit da balan\u00e7a comercial cair em janeiro. No primeiro m\u00eas do ano, o pa\u00eds exportou US$ 2,164 bilh\u00f5es a mais do que importou, segundo o Minist\u00e9rio do Desenvolvimento, Ind\u00fastria, Com\u00e9rcio e Servi\u00e7os (Mdic). O resultado \u00e9 o mais baixo para meses de janeiro desde [&hellip;]<\/p>\n","protected":false},"author":1,"featured_media":10191,"comment_status":"open","ping_status":"open","sticky":false,"template":"","format":"standard","meta":{"_jetpack_newsletter_access":"","_jetpack_dont_email_post_to_subs":false,"_jetpack_newsletter_tier_id":0,"_jetpack_memberships_contains_paywalled_content":false,"_mbp_banners":[],"_jetpack_feature_clip_id":0,"_jetpack_memberships_contains_paid_content":false,"footnotes":"","jetpack_publicize_message":"","jetpack_publicize_feature_enabled":true,"jetpack_social_post_already_shared":true,"jetpack_social_options":{"image_generator_settings":{"template":"highway","default_image_id":0,"font":"","enabled":false},"version":2},"jetpack_post_was_ever_published":false},"categories":[24],"tags":[],"class_list":["post-22970","post","type-post","status-publish","format-standard","has-post-thumbnail","category-economia"],"jetpack_publicize_connections":[],"jetpack-related-posts":[],"jetpack_shortlink":"https:\/\/wp.me\/p7Eq1F-5Yu","jetpack_sharing_enabled":true,"jetpack_featured_media_url":"https:\/\/i0.wp.com\/guialimeira.com.br\/news\/wp-content\/uploads\/2024\/07\/agenciabrasil260712_abr9887.jpg?fit=1600%2C800&ssl=1","_links":{"self":[{"href":"https:\/\/guialimeira.com.br\/news\/wp-json\/wp\/v2\/posts\/22970","targetHints":{"allow":["GET"]}}],"collection":[{"href":"https:\/\/guialimeira.com.br\/news\/wp-json\/wp\/v2\/posts"}],"about":[{"href":"https:\/\/guialimeira.com.br\/news\/wp-json\/wp\/v2\/types\/post"}],"author":[{"embeddable":true,"href":"https:\/\/guialimeira.com.br\/news\/wp-json\/wp\/v2\/users\/1"}],"replies":[{"embeddable":true,"href":"https:\/\/guialimeira.com.br\/news\/wp-json\/wp\/v2\/comments?post=22970"}],"version-history":[{"count":0,"href":"https:\/\/guialimeira.com.br\/news\/wp-json\/wp\/v2\/posts\/22970\/revisions"}],"wp:featuredmedia":[{"embeddable":true,"href":"https:\/\/guialimeira.com.br\/news\/wp-json\/wp\/v2\/media\/10191"}],"wp:attachment":[{"href":"https:\/\/guialimeira.com.br\/news\/wp-json\/wp\/v2\/media?parent=22970"}],"wp:term":[{"taxonomy":"category","embeddable":true,"href":"https:\/\/guialimeira.com.br\/news\/wp-json\/wp\/v2\/categories?post=22970"},{"taxonomy":"post_tag","embeddable":true,"href":"https:\/\/guialimeira.com.br\/news\/wp-json\/wp\/v2\/tags?post=22970"}],"curies":[{"name":"wp","href":"https:\/\/api.w.org\/{rel}","templated":true}]}}