{"id":2294,"date":"2024-04-22T10:06:43","date_gmt":"2024-04-22T13:06:43","guid":{"rendered":"https:\/\/guialimeira.com.br\/2024\/04\/22\/conflitos-no-campo-foram-recorde-em-2023-mas-area-em-disputa-diminuiu\/"},"modified":"2024-04-22T10:06:43","modified_gmt":"2024-04-22T13:06:43","slug":"conflitos-no-campo-foram-recorde-em-2023-mas-area-em-disputa-diminuiu","status":"publish","type":"post","link":"https:\/\/guialimeira.com.br\/news\/conflitos-no-campo-foram-recorde-em-2023-mas-area-em-disputa-diminuiu\/","title":{"rendered":"Conflitos no campo foram recorde em 2023, mas \u00e1rea em disputa diminuiu"},"content":{"rendered":"<p> <br \/>\n<\/p>\n<div>\n<p>Em 2023, o Brasil registrou n\u00famero recorde de 2.203 conflitos no campo, que afetou a vida de 950.847 pessoas. Embora ambos os n\u00fameros\u00a0tenham registrado\u00a0alta, na compara\u00e7\u00e3o com o ano anterior, a \u00e1rea em disputa foi reduzida em\u00a026,8%, sendo agora de cerca de 59,4 mil hectares. Os dados s\u00e3o\u00a0da \u00faltima edi\u00e7\u00e3o do relat\u00f3rio anual da Comiss\u00e3o Pastoral da Terra (CPT), divulgada nesta segunda-feira\u00a0(22)\u00a0em Bras\u00edlia.<img data-recalc-dims=\"1\" decoding=\"async\" src=\"https:\/\/i0.wp.com\/agenciabrasil.ebc.com.br\/ebc.png?w=696&#038;ssl=1\" style=\"width:1px; height:1px; display:inline;\"\/><img data-recalc-dims=\"1\" decoding=\"async\" src=\"https:\/\/i0.wp.com\/agenciabrasil.ebc.com.br\/ebc.gif?w=696&#038;ssl=1\" style=\"width:1px; height:1px; display:inline;\"\/><\/p>\n<p>As regi\u00f5es do pa\u00eds que concentraram mais conflitos foram o\u00a0Norte e o\u00a0Nordeste,\u00a0com 810 e 665 ocorr\u00eancias, respectivamente.\u00a0Na sequ\u00eancia, v\u00eam\u00a0o Centro-Oeste (353), o Sudeste (207)\u00a0e o Sul (168).<\/p>\n<p>Em 2022, foram notificados\u00a02.050 conflitos no campo, em\u00a0todo o pa\u00eds. Ao todo,\u00a0923.556 pessoas foram impactadas pelos embates travados naquele ano.<\/p>\n<p>Conforme a CPT, a terra esteve mais uma vez no centro da maior parte dos conflitos no campo. Somente em 2023, foram\u00a01.724 disputas por terra, correspondentes a 78,2% do total registrado, que inclui tamb\u00e9m conflitos por \u00e1gua (225 ocorr\u00eancias) e trabalho escravo contempor\u00e2neo na zona rural (251 ocorr\u00eancias), equivalentes a\u00a010,2% e 11,3%. No ano passado, verificou-se crescimento de 7,6% nas ocorr\u00eancias relativas \u00e0 terra, que\u00a0interferiram no universo de 187.307 fam\u00edlias.\u00a0<\/p>\n<p>No total, destaca o relat\u00f3rio, 1.588 dos conflitos por terra foram ligados \u00e0\u00a0viol\u00eancia\u00a0contra a ocupa\u00e7\u00e3o e a posse e\/ou contra a pessoa. No primeiro tipo de viol\u00eancia, observa-se que a quantidade dos casos de invas\u00e3o subiu de 2022 para 2023, passando de 349 para 359. De acordo com a comiss\u00e3o, no ano passado, 74.858 fam\u00edlias foram afetadas por esse tipo de agress\u00e3o.<\/p>\n<p>A pistolagem foi o segundo tipo de viol\u00eancia contra a ocupa\u00e7\u00e3o e a posse, com maior n\u00edvel de registros em 2023. Foram contabilizados 264 casos, 45% a mais do que o total de 2022 e o maior n\u00famero registrado pela CPT dentro do recorte da coletividade das fam\u00edlias atingidas, que chegaram a 36.200. A entidade ressalta que as principais v\u00edtimas, nesse caso, foram os trabalhadores sem terra (130 ocorr\u00eancias), posseiros (49), ind\u00edgenas (47) e quilombolas (19).<\/p>\n<p>Outros n\u00fameros\u00a0do relat\u00f3rio que preocupam s\u00e3o os\u00a0que tratam dos conflitos em torno do acesso \u00e0 \u00e1gua. Como principais agentes da viol\u00eancia nesses casos\u00a0s\u00e3o mencionados fazendeiros, governos estaduais, empres\u00e1rios, hidrel\u00e9tricas e mineradoras. Na outra ponta, figuram como v\u00edtimas ind\u00edgenas (24,4%), pescadores (21,8%), ribeirinhos (13,3%), quilombolas (12,4%) e assentados (8,4%).<\/p>\n<p>Entre os\u00a0agentes causadores da\u00a0viol\u00eancia\u00a0nos conflitos por terra s\u00e3o citados\u00a0fazendeiros (31,2%), empres\u00e1rios (19,7%), governo federal (11,2%), grileiros (9%) e governos estaduais (8,3%). Para os especialistas da CPT, apesar de ter havido &#8220;pequena diminui\u00e7\u00e3o na\u00a0viol\u00eancia&#8221; e maior abertura do governo federal aos movimentos sociais, permaneceu a estagna\u00e7\u00e3o quanto \u00e0 reforma agr\u00e1ria e \u00e0 demarca\u00e7\u00e3o de terras ind\u00edgenas. No relat\u00f3rio, a cr\u00edtica feita \u00e0s gest\u00f5es estaduais \u00e9 quanto \u00e0s for\u00e7as de repress\u00e3o, por meio da pol\u00edcia,\u00a0e ao alinhamento com pol\u00edticas que violam outros direitos b\u00e1sicos, como a libera\u00e7\u00e3o de pulveriza\u00e7\u00e3o a\u00e9rea de agrot\u00f3xicos.\u00a0<\/p>\n<h2>Povos origin\u00e1rios<\/h2>\n<p>A Comiss\u00e3o Pastoral da Terra\u00a0lembra no relat\u00f3rio\u00a0o que a aprova\u00e7\u00e3o da tese do marco temporal no Congresso Nacional representou\u00a0no contexto da viol\u00eancia no campo. A tese jur\u00eddica sustenta que os povos origin\u00e1rios s\u00f3 t\u00eam direito aos territ\u00f3rios que ocupavam ou reivindicavam at\u00e9 a promulga\u00e7\u00e3o da Constitui\u00e7\u00e3o Federal,\u00a0em 5 de outubro de 1988.\u00a0O Projeto de Lei n\u00ba 2.903\/2023 estava sob relatoria do\u00a0senador Marcos Rog\u00e9rio (PL-RO) e foi aprovado pelo plen\u00e1rio da Casa\u00a0em setembro de 2023, com 43 votos a favor e 21 contr\u00e1rios. O texto seguiu para san\u00e7\u00e3o e o presidente Luiz In\u00e1cio Lula da Silva optou por vetar trechos. Os vetos, por\u00e9m, foram revistos\u00a0na C\u00e2mara dos Deputados e a\u00a0vota\u00e7\u00e3o foi finalizada\u00a0com\u00a0321 votos pela derrubada e 137 pela manuten\u00e7\u00e3o.\u00a0No Senado, somou 53 votos pela rejei\u00e7\u00e3o e 19 pela manuten\u00e7\u00e3o.<\/p>\n<p>O cap\u00edtulo\u00a0do relat\u00f3rio da CPT que aborda a viol\u00eancia contra a pessoa mostra a fragiliza\u00e7\u00e3o dos ind\u00edgenas. Nele\u00a0est\u00e3o detalhadas agress\u00f5es cometidas contra indiv\u00edduos, complementando\u00a0dados referentes \u00e0 realidade imposta a fam\u00edlias. Em 2023, foram relacionadas 554 ocorr\u00eancias dessa natureza, que envolveram 1.467 pessoas. Em 2022, a comiss\u00e3o tomou conhecimento de 561 ocorr\u00eancias abrangendo 1.075 pessoas,. De um ano para o outro foi constatada queda de 1,2% no\u00a0n\u00famero\u00a0de ocorr\u00eancias e aumento de 36,4% no de v\u00edtimas.<\/p>\n<p>Os ind\u00edgenas est\u00e3o no topo da lista de pessoas v\u00edtimas da viol\u00eancia assim categorizada (25,5%). Al\u00e9m disso, foram 14 das 31 pessoas assassinadas em 2023, n\u00famero 34% menor que o do ano anterior, que teve 47 execu\u00e7\u00f5es.<\/p>\n<h2>Ruralistas<\/h2>\n<p>&#8220;A partir do momento em que o Estado brasileiro deixa de ser um agente mediador de conflitos, que \u00e9 o que est\u00e1 acontecendo desde 2016 ou at\u00e9 um pouco antes, deixa um v\u00e1cuo, um espa\u00e7o para grupos que se articulam, como o Invas\u00e3o Zero, que \u00e9, na verdade, uma rearticula\u00e7\u00e3o da UDR [Uni\u00e3o Democr\u00e1tica Ruralista], dos anos 1980 e 1990, e que assume, por conta pr\u00f3pria, a retirada de ind\u00edgenas de territ\u00f3rios de retomada, a expans\u00e3o de \u00e1reas\u00a0por meio de a\u00e7\u00e3o de grilagem, \u00e1reas j\u00e1 consolidadas, j\u00e1 ocupadas por comunidades tradicionais. E outros grupos est\u00e3o surgindo&#8221;, afirma, em entrevista \u00e0 <strong>Ag\u00eancia Brasil,<\/strong> o coordenador nacional da CPT, Ronilson Costa.<\/p>\n<p>Para ele, o agroneg\u00f3cio existente no pa\u00eds \u00e9 &#8220;arcaico&#8221; e, apesar do discurso disseminado de que o setor contribui fortemente para a gera\u00e7\u00e3o de empregos, na realidade provoca muito mais desequil\u00edbrio. &#8220;Desequil\u00edbrio ambiental, mas tamb\u00e9m social, porque gera pobreza e viol\u00eancia no campo&#8221;, acrescenta.\u00a0<\/p>\n<p>Um dos problemas, segundo\u00a0o coordenador da CPT, \u00e9 o poderio da extrema-direita na esfera estadual. &#8220;Hoje, o agroneg\u00f3cio constitui outro poder dentro da Rep\u00fablica, pela for\u00e7a que tem de marcar presen\u00e7a no Congresso, mas tamb\u00e9m em grande parte dos governos estaduais. \u00c9 muito complicado quando a gente percebe que as secretarias de Seguran\u00e7a P\u00fablica ou de Meio Ambiente, na maioria desses estados, atuam de forma conjunta para proteger ou promover a expans\u00e3o do agroneg\u00f3cio. E \u00e9 \u00f3bvio que os territ\u00f3rios das comunidades tradicionais e dos povos origin\u00e1rios constituem\u00a0desafio enorme, porque t\u00eam uma legisla\u00e7\u00e3o, inclusive internacional, que est\u00e1 de olho nesses avan\u00e7os. Se n\u00e3o tivessem, imagine como seria&#8221;, diz.<\/p>\n<p>Costa afirma\u00a0ainda\u00a0que o per\u00edodo atual, no que diz respeito \u00e0s vantagens que t\u00eam\u00a0grupos como o Invas\u00e3o\u00a0Zero, se distingue de d\u00e9cadas anteriores por diversos fatores. Um deles \u00e9 o f\u00e1cil acesso a armas de fogo. &#8220;H\u00e1 in\u00fameros setores de apoio, que v\u00e3o desde as mil\u00edcias\u00a0com CNPJ, empresas de seguran\u00e7a privada, alinhadas a ex-agentes de seguran\u00e7a. Eles t\u00eam atuado com setores do narcotr\u00e1fico, com for\u00e7as de seguran\u00e7as do pr\u00f3prio Estado. S\u00e3o in\u00fameros casos em que a pol\u00edcia chega sem uma ordem judicial para despejo, sem ordem de busca e apreens\u00e3o e age com pistoleiros da fazenda. O servi\u00e7o de prote\u00e7\u00e3o do Estado atua\u00a0de forma conjunta e em prol de grileiro&#8221;, observa, lembrando\u00a0que, muitas vezes, terras p\u00fablicas s\u00e3o tomadas por grileiros.<\/p>\n<p>Para o representante da CPT, a sa\u00edda \u00e9 que o governo federal retome um pacote de pol\u00edticas para o campo. &#8220;O que n\u00e3o significa aquilo que foi realizado no governo FHC [Fernando Henrique Cardoso], Lula 1 e 2, que correspondia a distribuir terra. \u00c9 distribuir terra, demarcar territ\u00f3rios, titular territ\u00f3rios quilombolas, mas com o acompanhamento de pol\u00edticas que, de fato, garantam vida digna para as pessoas que vivem nesses territ\u00f3rios. Porque [sen\u00e3o] conquistam a terra e depois v\u00e3o continuar a fazer luta para conquistar outros direitos que, quando chegam, \u00e9 de forma fragmentada, insuficiente, parcelada e n\u00e3o \u00e9 bem isso. N\u00e3o adianta estar em uma terra conquistada ao longo de anos de luta e, de repente, n\u00e3o ter uma estrada que d\u00ea acesso, uma ponte, ou sem incentivos para produzir. Ficam os chamados abandonados da reforma agr\u00e1ria.\u00a0Certamente, na primeira oportunidade que vier, essas terras voltar\u00e3o a ser concentradas nas m\u00e3os daqueles que conseguem, com mais facilidade, capital para promover a produ\u00e7\u00e3o&#8221;, argumenta.<\/p>\n<h2>Governo<\/h2>\n<p>O governo federal anunciou, na semana passada, a\u00a0compra\u00a0das primeiras vinte propriedades para reforma agr\u00e1ria pelo programa Terra da Gente. Pelo\u00a0menos dez\u00a0estados devem ser contemplados no\u00a0primeiro momento. Cerca de R$ 300 milh\u00f5es devem ser investidos na aquisi\u00e7\u00e3o das primeiras \u00e1reas.<\/p>\n<p>O programa Terra da Gente\u00a0sistematiza alternativas legais de obten\u00e7\u00e3o de terras, al\u00e9m das formas tradicionais, como a desapropria\u00e7\u00e3o de \u00e1reas improdutivas e a regulariza\u00e7\u00e3o de terras p\u00fablicas.<\/p>\n<p>Entre as novidades, est\u00e1 a adjudica\u00e7\u00e3o (transfer\u00eancia de propriedade) de terras oriundas de grandes devedores da Uni\u00e3o e a possibilidade de negocia\u00e7\u00e3o com bancos, empresas p\u00fablicas e governos estaduais para a transfer\u00eancia de im\u00f3veis rurais tamb\u00e9m em troca do abatimento de d\u00edvidas ou permutas (encontro de contas).<\/p>\n<p>O ministro do Desenvolvimento Agr\u00e1rio e Agricultura Familiar, Paulo Teixeira, espera que o processo de sele\u00e7\u00e3o das fam\u00edlias que ser\u00e3o assentadas aconte\u00e7a at\u00e9 junho.\u00a0Segundo ele, a ideia \u00e9 agilizar a reforma agr\u00e1ria tamb\u00e9m por meios n\u00e3o conflituosos.<\/p>\n<p>O governo pretende lan\u00e7ar um programa para atender os produtores que est\u00e3o sem cr\u00e9dito por inadimpl\u00eancia &#8211; uma esp\u00e9cie de Desenrola Brasil do campo.\u00a0A medida deve sair junto com o novo Plano Safra da Agricultura Familiar, com an\u00fancio previsto para junho.<\/p>\n<p>A <strong>Ag\u00eancia Brasil<\/strong> procurou o Minist\u00e9rio dos Povos Ind\u00edgenas, a Funda\u00e7\u00e3o Nacional dos Povos Ind\u00edgenas (Funai) e o\u00a0Instituto Nacional de Coloniza\u00e7\u00e3o e Reforma Agr\u00e1ria (Incra) sobre as cr\u00edticas feitas no relat\u00f3rio, pela CPT, mas n\u00e3o teve retorno at\u00e9 a publica\u00e7\u00e3o desta mat\u00e9ria.<\/p>\n<\/p><\/div>\n<p><br \/>\n<br \/><a href=\"https:\/\/agenciabrasil.ebc.com.br\/Conflitos-no-campo-foram-recorde-em-2023%2C-mas-%C3%A1rea-em-disputa-diminuiu\" rel=\"noopener\">Ag\u00eancia Brasil<\/a><\/p>\n","protected":false},"excerpt":{"rendered":"<p>Em 2023, o Brasil registrou n\u00famero recorde de 2.203 conflitos no campo, que afetou a vida de 950.847 pessoas. Embora ambos os n\u00fameros\u00a0tenham registrado\u00a0alta, na compara\u00e7\u00e3o com o ano anterior, a \u00e1rea em disputa foi reduzida em\u00a026,8%, sendo agora de cerca de 59,4 mil hectares. Os dados s\u00e3o\u00a0da \u00faltima edi\u00e7\u00e3o do relat\u00f3rio anual da Comiss\u00e3o [&hellip;]<\/p>\n","protected":false},"author":1,"featured_media":2295,"comment_status":"open","ping_status":"open","sticky":false,"template":"","format":"standard","meta":{"_jetpack_newsletter_access":"","_jetpack_dont_email_post_to_subs":false,"_jetpack_newsletter_tier_id":0,"_jetpack_memberships_contains_paywalled_content":false,"_mbp_banners":[],"_jetpack_feature_clip_id":0,"_jetpack_memberships_contains_paid_content":false,"footnotes":"","jetpack_publicize_message":"","jetpack_publicize_feature_enabled":true,"jetpack_social_post_already_shared":true,"jetpack_social_options":{"image_generator_settings":{"template":"highway","default_image_id":0,"font":"","enabled":false},"version":2},"jetpack_post_was_ever_published":false},"categories":[22],"tags":[],"class_list":["post-2294","post","type-post","status-publish","format-standard","has-post-thumbnail","category-nacional"],"jetpack_publicize_connections":[],"jetpack-related-posts":[],"jetpack_shortlink":"https:\/\/wp.me\/p7Eq1F-B0","jetpack_sharing_enabled":true,"jetpack_featured_media_url":"https:\/\/i0.wp.com\/guialimeira.com.br\/news\/wp-content\/uploads\/2024\/04\/glmrjpxxmaaobgg.jpeg?fit=1600%2C800&ssl=1","_links":{"self":[{"href":"https:\/\/guialimeira.com.br\/news\/wp-json\/wp\/v2\/posts\/2294","targetHints":{"allow":["GET"]}}],"collection":[{"href":"https:\/\/guialimeira.com.br\/news\/wp-json\/wp\/v2\/posts"}],"about":[{"href":"https:\/\/guialimeira.com.br\/news\/wp-json\/wp\/v2\/types\/post"}],"author":[{"embeddable":true,"href":"https:\/\/guialimeira.com.br\/news\/wp-json\/wp\/v2\/users\/1"}],"replies":[{"embeddable":true,"href":"https:\/\/guialimeira.com.br\/news\/wp-json\/wp\/v2\/comments?post=2294"}],"version-history":[{"count":0,"href":"https:\/\/guialimeira.com.br\/news\/wp-json\/wp\/v2\/posts\/2294\/revisions"}],"wp:featuredmedia":[{"embeddable":true,"href":"https:\/\/guialimeira.com.br\/news\/wp-json\/wp\/v2\/media\/2295"}],"wp:attachment":[{"href":"https:\/\/guialimeira.com.br\/news\/wp-json\/wp\/v2\/media?parent=2294"}],"wp:term":[{"taxonomy":"category","embeddable":true,"href":"https:\/\/guialimeira.com.br\/news\/wp-json\/wp\/v2\/categories?post=2294"},{"taxonomy":"post_tag","embeddable":true,"href":"https:\/\/guialimeira.com.br\/news\/wp-json\/wp\/v2\/tags?post=2294"}],"curies":[{"name":"wp","href":"https:\/\/api.w.org\/{rel}","templated":true}]}}