{"id":22923,"date":"2025-02-07T10:39:33","date_gmt":"2025-02-07T13:39:33","guid":{"rendered":"https:\/\/guialimeira.com.br\/2025\/02\/07\/politicas-do-governo-vao-levar-dolar-a-patamar-adequado-diz-haddad\/"},"modified":"2025-02-07T10:39:33","modified_gmt":"2025-02-07T13:39:33","slug":"politicas-do-governo-vao-levar-dolar-a-patamar-adequado-diz-haddad","status":"publish","type":"post","link":"https:\/\/guialimeira.com.br\/news\/politicas-do-governo-vao-levar-dolar-a-patamar-adequado-diz-haddad\/","title":{"rendered":"Pol\u00edticas do governo v\u00e3o levar d\u00f3lar a \u2018patamar adequado\u2019, diz Haddad"},"content":{"rendered":"<p> <br \/>\n<\/p>\n<div>\n<p>O ministro da Fazenda, Fernando Haddad, disse na manh\u00e3 de hoje (7) que as pol\u00edticas que o governo tem tomado para levar o d\u00f3lar a um \u201cpatamar adequado\u201d ter\u00e3o reflexos nas pr\u00f3ximas semanas. A afirma\u00e7\u00e3o foi feita pelo ministro durante uma entrevista concedida ao programa <em>Manh\u00e3 Cidade,<\/em> da R\u00e1dio Cidade, de Caruaru (PE).<img data-recalc-dims=\"1\" decoding=\"async\" src=\"https:\/\/i0.wp.com\/agenciabrasil.ebc.com.br\/ebc.png?w=696&#038;ssl=1\" style=\"width:1px; height:1px; display:inline;\"\/><img data-recalc-dims=\"1\" decoding=\"async\" src=\"https:\/\/i0.wp.com\/agenciabrasil.ebc.com.br\/ebc.gif?w=696&#038;ssl=1\" style=\"width:1px; height:1px; display:inline;\"\/><\/p>\n<p>\u201cA pol\u00edtica que estamos adotando para trazer esse d\u00f3lar em um patamar mais adequado tamb\u00e9m vai ter reflexo nos pre\u00e7os nas pr\u00f3ximas semanas\u201d, disse o ministro, durante a entrevista.<\/p>\n<p>O ministro n\u00e3o detalhou quais seriam essas a\u00e7\u00f5es, mas destacou que a elei\u00e7\u00e3o de Donald Trump \u00e0 presid\u00eancia dos Estados Unidos, fez o d\u00f3lar se valorizar no mundo todo no ano passado, o que ajudou a pressionar os pre\u00e7os dos alimentos. No entanto, disse o ministro, neste momento o d\u00f3lar j\u00e1 come\u00e7ou a perder for\u00e7a.<\/p>\n<p>\u201cNo final do ano passado, n\u00f3s tivemos uma ocorr\u00eancia que foi a elei\u00e7\u00e3o do Trump, nos Estados Unidos. E isso fez com que o d\u00f3lar se valorizasse no mundo inteiro. Agora, se voc\u00ea acompanhar o que est\u00e1 acontecendo, o d\u00f3lar t\u00e1 perdendo for\u00e7a. J\u00e1 chegou a R$ 6,30 no ano passado e hoje est\u00e1 na casa dos R$ 5,77. Ent\u00e3o, isso tamb\u00e9m colabora para redu\u00e7\u00e3o do pre\u00e7o dos alimentos no m\u00e9dio prazo\u201d, falou.<\/p>\n<p>Para o ministro, a safra recorde prevista para este ano tamb\u00e9m dever\u00e1 ajudar a reduzir os pre\u00e7os dos alimentos. &#8220;A partir de mar\u00e7o n\u00f3s vamos come\u00e7ar a colher essa safra, que vai ser recorde. N\u00f3s vamos colher como nunca colhemos. E tem o ciclo do boi tamb\u00e9m, que est\u00e1 no final. E isso tudo vai ajudar a normalizar essa situa\u00e7\u00e3o\u201d, falou.<\/p>\n<p>Durante a entrevista, o ministro afirmou ainda que a pol\u00edtica de valoriza\u00e7\u00e3o do sal\u00e1rio-m\u00ednimo \u201c\u00e9 uma das formas de garantir que o trabalhador mantenha seu poder de compra\u201d e que isso tem sido uma meta do governo do presidente Luiz In\u00e1cio Lula da Silva, ap\u00f3s sete anos de congelamento do sal\u00e1rio-m\u00ednimo nos governos de Michel Temer e Jair Bolsonaro.<\/p>\n<p>\u201cO sal\u00e1rio-m\u00ednimo ficou congelado por sete anos. Mas desde que o presidente Lula assumiu, h\u00e1 apenas dois anos, o valor que estava R$ 1.100 foi reajustado para R$ 1.518. Obviamente que voc\u00ea n\u00e3o consegue corrigir sete anos de m\u00e1 administra\u00e7\u00e3o em dois. Mas eu penso que o presidente Lula, com o compromisso que tem com as pessoas que precisam mais do Estado, j\u00e1 come\u00e7ou uma pol\u00edtica de valoriza\u00e7\u00e3o do sal\u00e1rio-m\u00ednimo\u201d, destacou Haddad.<\/p>\n<p>\u201cVamos continuar tomando as medidas de aumentar sal\u00e1rio-m\u00ednimo, corrigir a tabela do Imposto de Renda, melhorar o poder de compra do sal\u00e1rio, baixar o d\u00f3lar e melhorar a safra para combater os pre\u00e7os altos\u201d, refor\u00e7ou o ministro.<\/p>\n<p>      <!-- Relacionada --><\/p>\n<p>            <!-- Relacionada -->\n    <\/div>\n<p><br \/>\n<br \/><a href=\"https:\/\/agenciabrasil.ebc.com.br\/economia\/noticia\/2025-02\/politicas-do-governo-vao-levar-dolar-patamar-adequado-diz-haddad\" rel=\"noopener\">Ag\u00eancia Brasil<\/a><\/p>\n","protected":false},"excerpt":{"rendered":"<p>O ministro da Fazenda, Fernando Haddad, disse na manh\u00e3 de hoje (7) que as pol\u00edticas que o governo tem tomado para levar o d\u00f3lar a um \u201cpatamar adequado\u201d ter\u00e3o reflexos nas pr\u00f3ximas semanas. A afirma\u00e7\u00e3o foi feita pelo ministro durante uma entrevista concedida ao programa Manh\u00e3 Cidade, da R\u00e1dio Cidade, de Caruaru (PE). \u201cA pol\u00edtica [&hellip;]<\/p>\n","protected":false},"author":1,"featured_media":19877,"comment_status":"open","ping_status":"open","sticky":false,"template":"","format":"standard","meta":{"_jetpack_newsletter_access":"","_jetpack_dont_email_post_to_subs":false,"_jetpack_newsletter_tier_id":0,"_jetpack_memberships_contains_paywalled_content":false,"_mbp_banners":[],"_jetpack_feature_clip_id":0,"_jetpack_memberships_contains_paid_content":false,"footnotes":"","jetpack_publicize_message":"","jetpack_publicize_feature_enabled":true,"jetpack_social_post_already_shared":true,"jetpack_social_options":{"image_generator_settings":{"template":"highway","default_image_id":0,"font":"","enabled":false},"version":2},"jetpack_post_was_ever_published":false},"categories":[24],"tags":[],"class_list":["post-22923","post","type-post","status-publish","format-standard","has-post-thumbnail","category-economia"],"jetpack_publicize_connections":[],"jetpack-related-posts":[],"jetpack_shortlink":"https:\/\/wp.me\/p7Eq1F-5XJ","jetpack_sharing_enabled":true,"jetpack_featured_media_url":"https:\/\/i0.wp.com\/guialimeira.com.br\/news\/wp-content\/uploads\/2024\/12\/pzzb6874.jpg?fit=1600%2C800&ssl=1","_links":{"self":[{"href":"https:\/\/guialimeira.com.br\/news\/wp-json\/wp\/v2\/posts\/22923","targetHints":{"allow":["GET"]}}],"collection":[{"href":"https:\/\/guialimeira.com.br\/news\/wp-json\/wp\/v2\/posts"}],"about":[{"href":"https:\/\/guialimeira.com.br\/news\/wp-json\/wp\/v2\/types\/post"}],"author":[{"embeddable":true,"href":"https:\/\/guialimeira.com.br\/news\/wp-json\/wp\/v2\/users\/1"}],"replies":[{"embeddable":true,"href":"https:\/\/guialimeira.com.br\/news\/wp-json\/wp\/v2\/comments?post=22923"}],"version-history":[{"count":0,"href":"https:\/\/guialimeira.com.br\/news\/wp-json\/wp\/v2\/posts\/22923\/revisions"}],"wp:featuredmedia":[{"embeddable":true,"href":"https:\/\/guialimeira.com.br\/news\/wp-json\/wp\/v2\/media\/19877"}],"wp:attachment":[{"href":"https:\/\/guialimeira.com.br\/news\/wp-json\/wp\/v2\/media?parent=22923"}],"wp:term":[{"taxonomy":"category","embeddable":true,"href":"https:\/\/guialimeira.com.br\/news\/wp-json\/wp\/v2\/categories?post=22923"},{"taxonomy":"post_tag","embeddable":true,"href":"https:\/\/guialimeira.com.br\/news\/wp-json\/wp\/v2\/tags?post=22923"}],"curies":[{"name":"wp","href":"https:\/\/api.w.org\/{rel}","templated":true}]}}