{"id":22892,"date":"2025-02-06T22:13:37","date_gmt":"2025-02-07T01:13:37","guid":{"rendered":"https:\/\/guialimeira.com.br\/2025\/02\/06\/dengue-e-febre-amarela-tem-aumento-de-casos-e-obitos-em-sao-paulo\/"},"modified":"2025-02-06T22:13:37","modified_gmt":"2025-02-07T01:13:37","slug":"dengue-e-febre-amarela-tem-aumento-de-casos-e-obitos-em-sao-paulo","status":"publish","type":"post","link":"https:\/\/guialimeira.com.br\/news\/dengue-e-febre-amarela-tem-aumento-de-casos-e-obitos-em-sao-paulo\/","title":{"rendered":"Dengue e febre amarela t\u00eam aumento de casos e \u00f3bitos em S\u00e3o Paulo"},"content":{"rendered":"<p> <br \/>\n<\/p>\n<div>\n<p>Atualiza\u00e7\u00e3o realizada hoje pelo Minist\u00e9rio da Sa\u00fade indicou 47 mortes por dengue no estado de S\u00e3o Paulo este ano, que j\u00e1 contabiliza 132 mil casos prov\u00e1veis da doen\u00e7a. H\u00e1 183 mortes em investiga\u00e7\u00e3o no estado, que teve mais do que o dobro de casos nas cinco primeiras semanas do ano em rela\u00e7\u00e3o ao registrado em 2024.<img data-recalc-dims=\"1\" decoding=\"async\" src=\"https:\/\/i0.wp.com\/agenciabrasil.ebc.com.br\/ebc.png?w=696&#038;ssl=1\" style=\"width:1px; height:1px; display:inline;\"\/><img data-recalc-dims=\"1\" decoding=\"async\" src=\"https:\/\/i0.wp.com\/agenciabrasil.ebc.com.br\/ebc.gif?w=696&#038;ssl=1\" style=\"width:1px; height:1px; display:inline;\"\/><\/p>\n<p>O aumento em S\u00e3o Paulo teve peso consider\u00e1vel no total de casos no pa\u00eds, que j\u00e1 registra 61 \u00f3bitos em 2025 e 226 mil casos prov\u00e1veis, al\u00e9m de 259 \u00f3bitos em investiga\u00e7\u00e3o. A plataforma NIES, da Secretaria Estadual de Sa\u00fade paulista, que costuma registrar n\u00famero diferente de casos e mortes, mostra 38 mortes no estado e 136 mil casos prov\u00e1veis, al\u00e9m de 191 \u00f3bitos em investiga\u00e7\u00e3o na \u00faltima parcial, atualizada hoje.\u00a0<\/p>\n<p>Segundo essa plataforma, a maior parte dos casos e mortes no estado est\u00e3o concentrados na regi\u00e3o norte, nas regi\u00f5es de Ara\u00e7atuba e S\u00e3o Jos\u00e9 do Rio Preto, que sozinhas confirmam 19 casos e incid\u00eancia considerada alta, com 1442 e 1206 casos por grupo de 100 mil habitantes, respectivamente.<\/p>\n<h2>Febre Amarela<\/h2>\n<p>Tanto a cidade quanto o estado de S\u00e3o Paulo refor\u00e7am os alertas para vacina\u00e7\u00e3o contra febre amarela, com \u00edndices de cobertura vacinal em torno de 80%, acima dos 73,78% de m\u00e9dia nacional por\u00e9m abaixo dos 95% recomendados. O Minist\u00e9rio da Sa\u00fade confirmou que o total de casos desde julho de 2024 chegou a nove no pa\u00eds, com cinco mortes, todas ocorridas em S\u00e3o Paulo.\u00a0<\/p>\n<p>Segundo a pasta, os estoques da vacina est\u00e3o regulares, com envios realizados conforme as solicita\u00e7\u00f5es dos estados, que s\u00e3o respons\u00e1veis pela distribui\u00e7\u00e3o aos munic\u00edpios.\u00a0<\/p>\n<p>Em 2024, o Minist\u00e9rio da Sa\u00fade distribuiu 20.882.790 doses da vacina contra a febre amarela e registrou a aplica\u00e7\u00e3o de 6.655.319. Em 2025, foram distribu\u00eddas 3.201.800 doses e aplicadas 170.336.<\/p>\n<p>\u00a0<\/p>\n<p>      <!-- Relacionada --><\/p>\n<p>            <!-- Relacionada -->\n    <\/div>\n<p><br \/>\n<br \/><a href=\"https:\/\/agenciabrasil.ebc.com.br\/saude\/noticia\/2025-02\/dengue-e-febre-amarela-tem-aumento-de-casos-e-obitos-em-sao-paulo\" rel=\"noopener\">Ag\u00eancia Brasil <\/a><\/p>\n","protected":false},"excerpt":{"rendered":"<p>Atualiza\u00e7\u00e3o realizada hoje pelo Minist\u00e9rio da Sa\u00fade indicou 47 mortes por dengue no estado de S\u00e3o Paulo este ano, que j\u00e1 contabiliza 132 mil casos prov\u00e1veis da doen\u00e7a. H\u00e1 183 mortes em investiga\u00e7\u00e3o no estado, que teve mais do que o dobro de casos nas cinco primeiras semanas do ano em rela\u00e7\u00e3o ao registrado em [&hellip;]<\/p>\n","protected":false},"author":1,"featured_media":22893,"comment_status":"open","ping_status":"open","sticky":false,"template":"","format":"standard","meta":{"_jetpack_newsletter_access":"","_jetpack_dont_email_post_to_subs":false,"_jetpack_newsletter_tier_id":0,"_jetpack_memberships_contains_paywalled_content":false,"_mbp_banners":[],"_jetpack_feature_clip_id":0,"_jetpack_memberships_contains_paid_content":false,"footnotes":"","jetpack_publicize_message":"","jetpack_publicize_feature_enabled":true,"jetpack_social_post_already_shared":true,"jetpack_social_options":{"image_generator_settings":{"template":"highway","default_image_id":0,"font":"","enabled":false},"version":2},"jetpack_post_was_ever_published":false},"categories":[15],"tags":[],"class_list":["post-22892","post","type-post","status-publish","format-standard","has-post-thumbnail","category-saude"],"jetpack_publicize_connections":[],"jetpack-related-posts":[],"jetpack_shortlink":"https:\/\/wp.me\/p7Eq1F-5Xe","jetpack_sharing_enabled":true,"jetpack_featured_media_url":"https:\/\/i0.wp.com\/guialimeira.com.br\/news\/wp-content\/uploads\/2025\/02\/mosquito-213805_1920.jpg?fit=1600%2C800&ssl=1","_links":{"self":[{"href":"https:\/\/guialimeira.com.br\/news\/wp-json\/wp\/v2\/posts\/22892","targetHints":{"allow":["GET"]}}],"collection":[{"href":"https:\/\/guialimeira.com.br\/news\/wp-json\/wp\/v2\/posts"}],"about":[{"href":"https:\/\/guialimeira.com.br\/news\/wp-json\/wp\/v2\/types\/post"}],"author":[{"embeddable":true,"href":"https:\/\/guialimeira.com.br\/news\/wp-json\/wp\/v2\/users\/1"}],"replies":[{"embeddable":true,"href":"https:\/\/guialimeira.com.br\/news\/wp-json\/wp\/v2\/comments?post=22892"}],"version-history":[{"count":0,"href":"https:\/\/guialimeira.com.br\/news\/wp-json\/wp\/v2\/posts\/22892\/revisions"}],"wp:featuredmedia":[{"embeddable":true,"href":"https:\/\/guialimeira.com.br\/news\/wp-json\/wp\/v2\/media\/22893"}],"wp:attachment":[{"href":"https:\/\/guialimeira.com.br\/news\/wp-json\/wp\/v2\/media?parent=22892"}],"wp:term":[{"taxonomy":"category","embeddable":true,"href":"https:\/\/guialimeira.com.br\/news\/wp-json\/wp\/v2\/categories?post=22892"},{"taxonomy":"post_tag","embeddable":true,"href":"https:\/\/guialimeira.com.br\/news\/wp-json\/wp\/v2\/tags?post=22892"}],"curies":[{"name":"wp","href":"https:\/\/api.w.org\/{rel}","templated":true}]}}