{"id":22841,"date":"2025-02-06T16:07:33","date_gmt":"2025-02-06T19:07:33","guid":{"rendered":"https:\/\/guialimeira.com.br\/2025\/02\/06\/hospitais-federais-serao-referencia-para-outros-paises-diz-presidente\/"},"modified":"2025-02-06T16:07:33","modified_gmt":"2025-02-06T19:07:33","slug":"hospitais-federais-serao-referencia-para-outros-paises-diz-presidente","status":"publish","type":"post","link":"https:\/\/guialimeira.com.br\/news\/hospitais-federais-serao-referencia-para-outros-paises-diz-presidente\/","title":{"rendered":"Hospitais federais ser\u00e3o refer\u00eancia para outros pa\u00edses, diz presidente"},"content":{"rendered":"<p> <br \/>\n<\/p>\n<div>\n<p>O presidente Luiz In\u00e1cio Lula da Silva disse que as mudan\u00e7as planejadas para os hospitais federais brasileiros dar\u00e3o, a eles, padr\u00e3o de excel\u00eancia, tornando-os refer\u00eancia para outros pa\u00edses. Para isso, \u00e9 fundamental garantir que eles n\u00e3o ser\u00e3o usados com motiva\u00e7\u00f5es pol\u00edticas, ressaltou o presidente.<img data-recalc-dims=\"1\" decoding=\"async\" src=\"https:\/\/i0.wp.com\/agenciabrasil.ebc.com.br\/ebc.png?w=696&#038;ssl=1\" style=\"width:1px; height:1px; display:inline;\"\/><img data-recalc-dims=\"1\" decoding=\"async\" src=\"https:\/\/i0.wp.com\/agenciabrasil.ebc.com.br\/ebc.gif?w=696&#038;ssl=1\" style=\"width:1px; height:1px; display:inline;\"\/><\/p>\n<p>\u201cQuem tem de mandar nos hospitais s\u00e3o os especialistas em sa\u00fade\u201d, disse Lula nesta quinta-feira (6) no Rio de Janeiro, durante cerim\u00f4nia de reabertura de algumas \u00e1reas do Hospital Federal de Bonsucesso que estava fechado h\u00e1 cinco anos.<\/p>\n<p>Em discurso, o presidente lembrou as dificuldades que teve para retomar os servi\u00e7os do hospital, ap\u00f3s o governo federal decidir passar sua administra\u00e7\u00e3o para o Grupo Hospitalar Concei\u00e7\u00e3o (GHC). Na \u00e9poca, a medida foi criticada por entidades como o Sindicato dos Trabalhadores em Sa\u00fade, Trabalho, Previd\u00eancia e Assist\u00eancia Social no Estado do Rio de Janeiro.<\/p>\n<p>A categoria chegou a fazer um movimento que impediu a entrada nos novos gestores no hospital. \u201cMuita gente n\u00e3o queria que a gente fizesse uma interven\u00e7\u00e3o democr\u00e1tica para administr\u00e1-lo. Muita gente n\u00e3o queria que a gente fizesse o conv\u00eanio com a prefeitura para administr\u00e1-lo. Mas ningu\u00e9m \u00e9 dono de hospital. Nem m\u00e9dico, nem enfermeiro, nem sindicalistas s\u00e3o donos do hospital\u201d, afirmou o presidente.<\/p>\n<p>Lula destacou que \u00e9 preciso transformar os hospitais federais, por meio da dignidade, da dec\u00eancia e do respeito proporcionado pelo servi\u00e7o oferecido por ele \u00e0 popula\u00e7\u00e3o. \u201cOnde eles [hospitais federais] existirem, que tenham excel\u00eancia e sejam refer\u00eancia em qualquer lugar do mundo. \u00c9 isso o que vamos fazer aqui nesse hospital que estava abandonado\u201d, acrescentou o presidente, ao lembrar que o hospital pegou fogo h\u00e1 cinco anos.<\/p>\n<p>\u201cAt\u00e9 hoje ele n\u00e3o foi recuperado, ficando sem resson\u00e2ncia magn\u00e9tica, tomografia e outras coisas [necess\u00e1rias] para fazer exames especializados. A partir de agora, [o hospital] vai ter todas as imagens que as pessoas precisarem, para serem tratadas com respeito. Vamos recuperar a parte que est\u00e1 queimada e vamos fazer um centro de imagem para que o povo tenha direito a fazer os exames\u201d, complementou.<\/p>\n<p>Est\u00e1 previsto um total de R$ 263 milh\u00f5es em investimentos do Minist\u00e9rio da Sa\u00fade visando \u00e0 reestrutura\u00e7\u00e3o dos hospitais federais do pa\u00eds.<\/p>\n<p>      <!-- Relacionada --><\/p>\n<p>            <!-- Relacionada -->\n    <\/div>\n<p><br \/>\n<br \/><a href=\"https:\/\/agenciabrasil.ebc.com.br\/saude\/noticia\/2025-02\/hospitais-federais-serao-referencia-para-outros-paises-diz-lula\" rel=\"noopener\">Ag\u00eancia Brasil <\/a><\/p>\n","protected":false},"excerpt":{"rendered":"<p>O presidente Luiz In\u00e1cio Lula da Silva disse que as mudan\u00e7as planejadas para os hospitais federais brasileiros dar\u00e3o, a eles, padr\u00e3o de excel\u00eancia, tornando-os refer\u00eancia para outros pa\u00edses. Para isso, \u00e9 fundamental garantir que eles n\u00e3o ser\u00e3o usados com motiva\u00e7\u00f5es pol\u00edticas, ressaltou o presidente. \u201cQuem tem de mandar nos hospitais s\u00e3o os especialistas em sa\u00fade\u201d, [&hellip;]<\/p>\n","protected":false},"author":1,"featured_media":22842,"comment_status":"open","ping_status":"open","sticky":false,"template":"","format":"standard","meta":{"_jetpack_newsletter_access":"","_jetpack_dont_email_post_to_subs":false,"_jetpack_newsletter_tier_id":0,"_jetpack_memberships_contains_paywalled_content":false,"_mbp_banners":[],"_jetpack_feature_clip_id":0,"_jetpack_memberships_contains_paid_content":false,"footnotes":"","jetpack_publicize_message":"","jetpack_publicize_feature_enabled":true,"jetpack_social_post_already_shared":true,"jetpack_social_options":{"image_generator_settings":{"template":"highway","default_image_id":0,"font":"","enabled":false},"version":2},"jetpack_post_was_ever_published":false},"categories":[15],"tags":[],"class_list":["post-22841","post","type-post","status-publish","format-standard","has-post-thumbnail","category-saude"],"jetpack_publicize_connections":[],"jetpack-related-posts":[],"jetpack_shortlink":"https:\/\/wp.me\/p7Eq1F-5Wp","jetpack_sharing_enabled":true,"jetpack_featured_media_url":"https:\/\/i0.wp.com\/guialimeira.com.br\/news\/wp-content\/uploads\/2025\/02\/toms2684.jpg?fit=1600%2C800&ssl=1","_links":{"self":[{"href":"https:\/\/guialimeira.com.br\/news\/wp-json\/wp\/v2\/posts\/22841","targetHints":{"allow":["GET"]}}],"collection":[{"href":"https:\/\/guialimeira.com.br\/news\/wp-json\/wp\/v2\/posts"}],"about":[{"href":"https:\/\/guialimeira.com.br\/news\/wp-json\/wp\/v2\/types\/post"}],"author":[{"embeddable":true,"href":"https:\/\/guialimeira.com.br\/news\/wp-json\/wp\/v2\/users\/1"}],"replies":[{"embeddable":true,"href":"https:\/\/guialimeira.com.br\/news\/wp-json\/wp\/v2\/comments?post=22841"}],"version-history":[{"count":0,"href":"https:\/\/guialimeira.com.br\/news\/wp-json\/wp\/v2\/posts\/22841\/revisions"}],"wp:featuredmedia":[{"embeddable":true,"href":"https:\/\/guialimeira.com.br\/news\/wp-json\/wp\/v2\/media\/22842"}],"wp:attachment":[{"href":"https:\/\/guialimeira.com.br\/news\/wp-json\/wp\/v2\/media?parent=22841"}],"wp:term":[{"taxonomy":"category","embeddable":true,"href":"https:\/\/guialimeira.com.br\/news\/wp-json\/wp\/v2\/categories?post=22841"},{"taxonomy":"post_tag","embeddable":true,"href":"https:\/\/guialimeira.com.br\/news\/wp-json\/wp\/v2\/tags?post=22841"}],"curies":[{"name":"wp","href":"https:\/\/api.w.org\/{rel}","templated":true}]}}