{"id":22764,"date":"2025-02-05T19:58:38","date_gmt":"2025-02-05T22:58:38","guid":{"rendered":"https:\/\/guialimeira.com.br\/2025\/02\/05\/dolar-interrompe-sequencia-de-quedas-mas-continua-abaixo-de-r-580\/"},"modified":"2025-02-05T19:58:38","modified_gmt":"2025-02-05T22:58:38","slug":"dolar-interrompe-sequencia-de-quedas-mas-continua-abaixo-de-r-580","status":"publish","type":"post","link":"https:\/\/guialimeira.com.br\/news\/dolar-interrompe-sequencia-de-quedas-mas-continua-abaixo-de-r-580\/","title":{"rendered":"D\u00f3lar interrompe sequ\u00eancia de quedas, mas continua abaixo de R$ 5,80"},"content":{"rendered":"<p> <br \/>\n<\/p>\n<div>\n<p>Ap\u00f3s 12 sess\u00f5es seguidas de queda, o d\u00f3lar voltou a subir nesta quarta-feira (5). Apesar da alta, a moeda norte-americana continua abaixo de R$ 5,80. A bolsa de valores subiu depois de tr\u00eas quedas consecutivas, em linha com o mercado internacional.<img data-recalc-dims=\"1\" decoding=\"async\" src=\"https:\/\/i0.wp.com\/agenciabrasil.ebc.com.br\/ebc.png?w=696&#038;ssl=1\" style=\"width:1px; height:1px; display:inline;\"\/><img data-recalc-dims=\"1\" decoding=\"async\" src=\"https:\/\/i0.wp.com\/agenciabrasil.ebc.com.br\/ebc.gif?w=696&#038;ssl=1\" style=\"width:1px; height:1px; display:inline;\"\/><\/p>\n<p>O d\u00f3lar comercial encerrou o dia vendido a R$ 5,794, com alta de R$ 0,023 (+0,4%). A cota\u00e7\u00e3o operou em alta quase todo o dia. Na m\u00e1xima do dia, por volta das 13h15, encostou em R$ 5,81. Ap\u00f3s cair para R$ 5,77 por volta das 15h, voltou a subir no fim da tarde, mas n\u00e3o superou a barreira de R$ 5,80.<\/p>\n<p>Apesar da alta de hoje, a moeda norte-americana acumula queda de 6,24% em 2025. Esta foi a primeira vez que o d\u00f3lar subiu desde 17 de janeiro. As 12 quedas consecutivas foram a maior sequ\u00eancia de baixas desde a cria\u00e7\u00e3o do real.<\/p>\n<p>O mercado de a\u00e7\u00f5es teve um dia menos pessimista. O \u00edndice Ibovespa, da B3, fechou aos 125.534 pontos, com alta de 0,31%. O indicador chegou a cair durante a manh\u00e3, mas recuperou-se \u00e0 tarde, impulsionado por a\u00e7\u00f5es de companhias de avia\u00e7\u00e3o, de bancos e de mineradoras. Esses pap\u00e9is compensaram a queda de a\u00e7\u00f5es de petroleiras. A bolsa brasileira acompanhou as bolsas norte-americanas, que tamb\u00e9m tiveram leves altas nesta quarta.<\/p>\n<p>O d\u00f3lar subiu no Brasil em um dia em que investidores aproveitaram a cota\u00e7\u00e3o baixa para comprar a moeda. No exterior, o d\u00f3lar caiu perante as principais moedas do planeta, em meio \u00e0s negocia\u00e7\u00f5es entre os Estados Unidos, o M\u00e9xico e o Canad\u00e1 em torno do tarifa\u00e7o comercial promovido pelo governo de Donald Trump. No entanto, a moeda tinha se valorizado nos \u00faltimos dias em escala global e ca\u00eddo no Brasil.<\/p>\n<p>No Brasil, os investidores ficaram atentos \u00e0 divulga\u00e7\u00e3o das prioridades da equipe econ\u00f4mica para 2025 e 2026. Nesta quarta-feira, o ministro da Fazenda, Fernando Haddad, foi ao Congresso <a href=\"https:\/\/agenciabrasil.ebc.com.br\/economia\/noticia\/2025-02\/reforma-do-ir-e-supersalarios-sao-prioridades-de-haddad-no-congresso\" target=\"_blank\" rel=\"noopener\">entregar uma lista sobre o tema ao novo presidente da C\u00e2mara dos Deputados, Hugo Motta<\/a>.<\/p>\n<p>O ministro n\u00e3o deu novidades em rela\u00e7\u00e3o \u00e0 proposta que aumenta a faixa de isen\u00e7\u00e3o do Imposto de Renda (IR) para R$ 5 mil. Apenas disse que a \u00e1rea econ\u00f4mica definiu uma fonte para compensar a perda de arrecada\u00e7\u00e3o, mas que a proposta precisa ser apresentada ao presidente Luiz In\u00e1cio Lula da Silva.<\/p>\n<p><em>*Com informa\u00e7\u00f5es da Reuters<\/em><\/p>\n<p>      <!-- Relacionada --><\/p>\n<p>            <!-- Relacionada -->\n    <\/div>\n<p><br \/>\n<br \/><a href=\"https:\/\/agenciabrasil.ebc.com.br\/economia\/noticia\/2025-02\/dolar-interrompe-sequencia-de-quedas-mas-continua-abaixo-de-r-580\" rel=\"noopener\">Ag\u00eancia Brasil<\/a><\/p>\n","protected":false},"excerpt":{"rendered":"<p>Ap\u00f3s 12 sess\u00f5es seguidas de queda, o d\u00f3lar voltou a subir nesta quarta-feira (5). Apesar da alta, a moeda norte-americana continua abaixo de R$ 5,80. A bolsa de valores subiu depois de tr\u00eas quedas consecutivas, em linha com o mercado internacional. O d\u00f3lar comercial encerrou o dia vendido a R$ 5,794, com alta de R$ [&hellip;]<\/p>\n","protected":false},"author":1,"featured_media":1785,"comment_status":"open","ping_status":"open","sticky":false,"template":"","format":"standard","meta":{"_jetpack_newsletter_access":"","_jetpack_dont_email_post_to_subs":false,"_jetpack_newsletter_tier_id":0,"_jetpack_memberships_contains_paywalled_content":false,"_mbp_banners":[],"_jetpack_feature_clip_id":0,"_jetpack_memberships_contains_paid_content":false,"footnotes":"","jetpack_publicize_message":"","jetpack_publicize_feature_enabled":true,"jetpack_social_post_already_shared":true,"jetpack_social_options":{"image_generator_settings":{"template":"highway","default_image_id":0,"font":"","enabled":false},"version":2},"jetpack_post_was_ever_published":false},"categories":[24],"tags":[],"class_list":["post-22764","post","type-post","status-publish","format-standard","has-post-thumbnail","category-economia"],"jetpack_publicize_connections":[],"jetpack-related-posts":[],"jetpack_shortlink":"https:\/\/wp.me\/p7Eq1F-5Va","jetpack_sharing_enabled":true,"jetpack_featured_media_url":"https:\/\/i0.wp.com\/guialimeira.com.br\/news\/wp-content\/uploads\/2024\/04\/2020-09-25t121331z_1_lynxnpeg8o13a_rtroptp_4_dolar-abre.jpg?fit=1600%2C800&ssl=1","_links":{"self":[{"href":"https:\/\/guialimeira.com.br\/news\/wp-json\/wp\/v2\/posts\/22764","targetHints":{"allow":["GET"]}}],"collection":[{"href":"https:\/\/guialimeira.com.br\/news\/wp-json\/wp\/v2\/posts"}],"about":[{"href":"https:\/\/guialimeira.com.br\/news\/wp-json\/wp\/v2\/types\/post"}],"author":[{"embeddable":true,"href":"https:\/\/guialimeira.com.br\/news\/wp-json\/wp\/v2\/users\/1"}],"replies":[{"embeddable":true,"href":"https:\/\/guialimeira.com.br\/news\/wp-json\/wp\/v2\/comments?post=22764"}],"version-history":[{"count":0,"href":"https:\/\/guialimeira.com.br\/news\/wp-json\/wp\/v2\/posts\/22764\/revisions"}],"wp:featuredmedia":[{"embeddable":true,"href":"https:\/\/guialimeira.com.br\/news\/wp-json\/wp\/v2\/media\/1785"}],"wp:attachment":[{"href":"https:\/\/guialimeira.com.br\/news\/wp-json\/wp\/v2\/media?parent=22764"}],"wp:term":[{"taxonomy":"category","embeddable":true,"href":"https:\/\/guialimeira.com.br\/news\/wp-json\/wp\/v2\/categories?post=22764"},{"taxonomy":"post_tag","embeddable":true,"href":"https:\/\/guialimeira.com.br\/news\/wp-json\/wp\/v2\/tags?post=22764"}],"curies":[{"name":"wp","href":"https:\/\/api.w.org\/{rel}","templated":true}]}}