{"id":22745,"date":"2025-02-05T17:56:29","date_gmt":"2025-02-05T20:56:29","guid":{"rendered":"https:\/\/guialimeira.com.br\/2025\/02\/05\/governo-vai-reforcar-infraestrutura-para-facilitar-escoamento-da-safra\/"},"modified":"2025-02-05T17:56:29","modified_gmt":"2025-02-05T20:56:29","slug":"governo-vai-reforcar-infraestrutura-para-facilitar-escoamento-da-safra","status":"publish","type":"post","link":"https:\/\/guialimeira.com.br\/news\/governo-vai-reforcar-infraestrutura-para-facilitar-escoamento-da-safra\/","title":{"rendered":"Governo vai refor\u00e7ar infraestrutura para facilitar escoamento da safra"},"content":{"rendered":"<p> <br \/>\n<\/p>\n<div>\n<p>O governo federal planeja realizar nove leil\u00f5es para a concess\u00e3o de rodovias para a iniciativa privada e um leil\u00e3o para ferrovias este ano. A iniciativa deve resultar em investimentos de R$ 91,4 bilh\u00f5es em trechos que totalizam 5,5 mil quil\u00f4metros de estrada\u00a0de Norte a Sul do pa\u00eds\u00a0e de R$ 99,7 bilh\u00f5es em 1.708 quil\u00f4metros da Ferrovia de Integra\u00e7\u00e3o Centro-Oeste (Fico) e da Ferrovia de Integra\u00e7\u00e3o Oeste-Leste (Fiol).<img data-recalc-dims=\"1\" decoding=\"async\" src=\"https:\/\/i0.wp.com\/agenciabrasil.ebc.com.br\/ebc.png?w=696&#038;ssl=1\" style=\"width:1px; height:1px; display:inline;\"\/><img data-recalc-dims=\"1\" decoding=\"async\" src=\"https:\/\/i0.wp.com\/agenciabrasil.ebc.com.br\/ebc.gif?w=696&#038;ssl=1\" style=\"width:1px; height:1px; display:inline;\"\/><\/p>\n<p>Na \u00e1rea portu\u00e1ria, as concess\u00f5es e os arrendamentos dever\u00e3o viabilizar at\u00e9 o pr\u00f3ximo ano R$ 20 bilh\u00f5es em investimentos em 50 empreendimentos como canais para navega\u00e7\u00e3o comercial e terminais mar\u00edtimos e hidrovi\u00e1rios em todas as grandes regi\u00f5es.<\/p>\n<p>Essa infraestrutura atende \u00e0 demanda de escoamento da produ\u00e7\u00e3o agropecu\u00e1ria. S\u00f3 para a produ\u00e7\u00e3o de gr\u00e3os da safra 2024\/2025, a estimativa da Companhia Nacional de Abastecimento (Conab) \u00e9 que haja recorde e que sejam necess\u00e1rios deslocar 322,47 milh\u00f5es de toneladas. Se for considerada a produ\u00e7\u00e3o de cana-de-a\u00e7\u00facar, celulose, frutas e carnes, o volume a ser transportado ultrapassa 1,250 bilh\u00e3o de toneladas.<\/p>\n<p>Os n\u00fameros foram apresentados hoje (5) em Bras\u00edlia em cerim\u00f4nia de an\u00fancio de medidas para o escoamento da safra de gr\u00e3os 2024-2025. Pelo terceiro ano consecutivo, o evento reuniu os ministros Carlos Henrique F\u00e1varo (Agricultura e Pecu\u00e1ria), Renan Filho (Transportes) e Silvio Costa Filho (Portos e Aeroportos).<\/p>\n<p>\u00a0<\/p>\n<div class=\"dnd-widget-wrapper context-cheio_8colunas type-image\">\n<div class=\"dnd-atom-rendered\"><!-- scald=413019:cheio_8colunas --><br \/>\n            <img data-recalc-dims=\"1\" decoding=\"async\" src=\"https:\/\/i0.wp.com\/imagens.ebc.com.br\/WYLiDO0IV39g1isAs9hawyYhshU%3D\/754x0\/smart\/https%3A\/\/agenciabrasil.ebc.com.br\/sites\/default\/files\/thumbnails\/image\/2025\/02\/05\/0d4a3550.jpg?w=696&#038;ssl=1\" alt=\"Bras\u00edlia (DF), 05\/02\/2025 - Ministro da Agricultura e Pecu\u00e1ria, Carlos F\u00e1varo, ministro dos Transportes Renan Filho e o ministro de Portos e Aeroportos Silvio Costa Filho durante an\u00fancio do Plano de Escoamento da Safra 2024\/2025. Foto: Ant\u00f4nio Cruz\/Ag\u00eancia Brasil\" title=\"Ant\u00f4nio Cruz\/Ag\u00eancia Brasil\"\/><br \/>\n        <img data-recalc-dims=\"1\" decoding=\"async\" src=\"https:\/\/i0.wp.com\/imagens.ebc.com.br\/WYLiDO0IV39g1isAs9hawyYhshU%3D\/754x0\/smart\/https%3A\/\/agenciabrasil.ebc.com.br\/sites\/default\/files\/thumbnails\/image\/2025\/02\/05\/0d4a3550.jpg?w=696&#038;ssl=1\" alt=\"Bras\u00edlia (DF), 05\/02\/2025 - Ministro da Agricultura e Pecu\u00e1ria, Carlos F\u00e1varo, ministro dos Transportes Renan Filho e o ministro de Portos e Aeroportos Silvio Costa Filho durante an\u00fancio do Plano de Escoamento da Safra 2024\/2025. Foto: Ant\u00f4nio Cruz\/Ag\u00eancia Brasil\" title=\"Ant\u00f4nio Cruz\/Ag\u00eancia Brasil\"\/><br \/>\n    <!-- END scald=413019 --><\/div>\n<p><h6 class=\"meta\">Ministros da Agricultura e Pecu\u00e1ria, Carlos F\u00e1varo;\u00a0dos Transportes, Renan Filho; e\u00a0de Portos e Aeroportos, Silvio Costa Filho, durante an\u00fancio do Plano de Escoamento da Safra 2024\/2025 &#8211; <strong>Ant\u00f4nio Cruz\/Ag\u00eancia Brasil<\/strong><!--END copyright=413019--><\/h6>\n<\/p>\n<\/div>\n<h2>S\u00edndrome de vira-lata<\/h2>\n<p>Na avalia\u00e7\u00e3o do ministro Carlos F\u00e1varo, os investimentos no setor de transportes asseguram o escoamento da produ\u00e7\u00e3o rural crescente e com mais destinos no exterior. \u201c\u00c0s vezes, a gente fala que a nossa infraestrutura log\u00edstica \u00e9 prec\u00e1ria, \u00e9 ruim, \u00e9 deficiente. Isso, me perdoem, \u00e9 s\u00edndrome de cachorro vira-lata. Se n\u00e3o fosse eficiente, n\u00f3s n\u00e3o est\u00e1vamos ganhando tanto mercado.\u201d<\/p>\n<p>O ministro Renan Filho\u00a0concorda com a avalia\u00e7\u00e3o: \u201cA\u00a0gente suporta exportar, porque a gente tem infraestrutura.\u201d<\/p>\n<p>O ministro Silvio Costa Filho\u00a0acrescentou que \u201co agro brasileiro cresce e puxa o crescimento da infraestrutura. O inverso tamb\u00e9m \u00e9 verdadeiro. A infraestrutura melhora e facilita o crescimento do agro.\u201d<\/p>\n<p>Na cerim\u00f4nia, os ministros assinalaram que os investimentos na infraestrutura incrementam as condi\u00e7\u00f5es de trabalho das pessoas ocupadas nos setores de log\u00edstica, como os caminhoneiros.<\/p>\n<p>Segundo o Minist\u00e9rio dos Transportes, o \u00edndice de conserva\u00e7\u00e3o da malha rodovi\u00e1ria melhorou inclusive em estados da Amaz\u00f4nia Legal, onde a circula\u00e7\u00e3o rodovi\u00e1ria \u00e9 historicamente apontada como cr\u00edtica em estados como Amap\u00e1, Amazonas, Maranh\u00e3o, Par\u00e1 e Rond\u00f4nia.<\/p>\n<p>Em 2024, 83% dos trechos monitorados no chamado \u201cArco Norte\u201d foram considerados \u201cbons\u201d, percentual acima do verificado em 2022 (52%).<\/p>\n<h2>Greve de caminhoneiros<\/h2>\n<p>A despeito dos investimentos e resultados apresentados pelo governo, lideran\u00e7as de caminhoneiros (transporte aut\u00f4nomo) prometem se reunir no pr\u00f3ximo s\u00e1bado (8) no Porto de Santos (SP) para discutir a possibilidade de fazerem greve. Em princ\u00edpio, a raz\u00e3o para eventual paralisa\u00e7\u00e3o seria o recente aumento do pre\u00e7o do diesel.<\/p>\n<p>O governo tem tentado dissuadir os caminhoneiros de\u00a0fazer greve. Em <a href=\"https:\/\/agenciabrasil.ebc.com.br\/economia\/noticia\/2025-01\/petrobras-e-quem-decide-reajuste-de-combustivel-diz-lula\" target=\"_blank\" rel=\"noopener\">entrevista coletiva<\/a> na semana passada, no Pal\u00e1cio do Planalto, o presidente Luiz In\u00e1cio Lula da Silva salientou que n\u00e3o autorizou o aumento.\u00a0\u201cQuem autoriza aumento de petr\u00f3leo e derivados \u00e9 a Petrobr\u00e1s. Aprendi isso h\u00e1 muito tempo.\u201d<\/p>\n<p>A paralisa\u00e7\u00e3o tamb\u00e9m pode ter como pano de fundo a insatisfa\u00e7\u00e3o das empresas de transporte rodovi\u00e1rio de carga com a decis\u00e3o do Supremo Tribunal Federal que em 2023 declarou\u00a0inconstitucionais <a href=\"https:\/\/agenciabrasil.ebc.com.br\/justica\/noticia\/2023-07\/stf-derruba-11-pontos-da-lei-dos-caminhoneiros\" target=\"_blank\" rel=\"noopener\">11 pontos da Lei dos Caminhoneiros (Lei 13.103\/2015)<\/a>, que afetam, por exemplo, a jornada de trabalho, pausas para descanso e o repouso semanal dos motoristas profissionais.<\/p>\n<p>A decis\u00e3o do STF teria car\u00e1ter retroativo e poderia gerar impactos trabalhistas. Em agosto do ano passado,\u00a0 confedera\u00e7\u00f5es empresariais entraram com recurso na Corte para que modulasse a decis\u00e3o tornando os efeitos v\u00e1lidos a partir da declara\u00e7\u00e3o das inconstitucionalidades.<\/p>\n<p>      <!-- Relacionada --><\/p>\n<p>            <!-- Relacionada -->\n    <\/div>\n<p><br \/>\n<br \/><a href=\"https:\/\/agenciabrasil.ebc.com.br\/economia\/noticia\/2025-02\/governo-vai-reforcar-infraestrutura-para-facilitar-escoamento-da-safra\" rel=\"noopener\">Ag\u00eancia Brasil<\/a><\/p>\n","protected":false},"excerpt":{"rendered":"<p>O governo federal planeja realizar nove leil\u00f5es para a concess\u00e3o de rodovias para a iniciativa privada e um leil\u00e3o para ferrovias este ano. A iniciativa deve resultar em investimentos de R$ 91,4 bilh\u00f5es em trechos que totalizam 5,5 mil quil\u00f4metros de estrada\u00a0de Norte a Sul do pa\u00eds\u00a0e de R$ 99,7 bilh\u00f5es em 1.708 quil\u00f4metros da [&hellip;]<\/p>\n","protected":false},"author":1,"featured_media":22746,"comment_status":"open","ping_status":"open","sticky":false,"template":"","format":"standard","meta":{"_jetpack_newsletter_access":"","_jetpack_dont_email_post_to_subs":false,"_jetpack_newsletter_tier_id":0,"_jetpack_memberships_contains_paywalled_content":false,"_mbp_banners":[],"_jetpack_feature_clip_id":0,"_jetpack_memberships_contains_paid_content":false,"footnotes":"","jetpack_publicize_message":"","jetpack_publicize_feature_enabled":true,"jetpack_social_post_already_shared":true,"jetpack_social_options":{"image_generator_settings":{"template":"highway","default_image_id":0,"font":"","enabled":false},"version":2},"jetpack_post_was_ever_published":false},"categories":[24],"tags":[],"class_list":["post-22745","post","type-post","status-publish","format-standard","has-post-thumbnail","category-economia"],"jetpack_publicize_connections":[],"jetpack-related-posts":[],"jetpack_shortlink":"https:\/\/wp.me\/p7Eq1F-5UR","jetpack_sharing_enabled":true,"jetpack_featured_media_url":"https:\/\/i0.wp.com\/guialimeira.com.br\/news\/wp-content\/uploads\/2025\/02\/0d4a3600.jpg?fit=1600%2C800&ssl=1","_links":{"self":[{"href":"https:\/\/guialimeira.com.br\/news\/wp-json\/wp\/v2\/posts\/22745","targetHints":{"allow":["GET"]}}],"collection":[{"href":"https:\/\/guialimeira.com.br\/news\/wp-json\/wp\/v2\/posts"}],"about":[{"href":"https:\/\/guialimeira.com.br\/news\/wp-json\/wp\/v2\/types\/post"}],"author":[{"embeddable":true,"href":"https:\/\/guialimeira.com.br\/news\/wp-json\/wp\/v2\/users\/1"}],"replies":[{"embeddable":true,"href":"https:\/\/guialimeira.com.br\/news\/wp-json\/wp\/v2\/comments?post=22745"}],"version-history":[{"count":0,"href":"https:\/\/guialimeira.com.br\/news\/wp-json\/wp\/v2\/posts\/22745\/revisions"}],"wp:featuredmedia":[{"embeddable":true,"href":"https:\/\/guialimeira.com.br\/news\/wp-json\/wp\/v2\/media\/22746"}],"wp:attachment":[{"href":"https:\/\/guialimeira.com.br\/news\/wp-json\/wp\/v2\/media?parent=22745"}],"wp:term":[{"taxonomy":"category","embeddable":true,"href":"https:\/\/guialimeira.com.br\/news\/wp-json\/wp\/v2\/categories?post=22745"},{"taxonomy":"post_tag","embeddable":true,"href":"https:\/\/guialimeira.com.br\/news\/wp-json\/wp\/v2\/tags?post=22745"}],"curies":[{"name":"wp","href":"https:\/\/api.w.org\/{rel}","templated":true}]}}