{"id":22729,"date":"2025-02-05T16:42:13","date_gmt":"2025-02-05T19:42:13","guid":{"rendered":"https:\/\/guialimeira.com.br\/2025\/02\/05\/planos-de-saude-fecham-2024-com-522-milhoes-de-beneficiarios\/"},"modified":"2025-02-05T16:42:13","modified_gmt":"2025-02-05T19:42:13","slug":"planos-de-saude-fecham-2024-com-522-milhoes-de-beneficiarios","status":"publish","type":"post","link":"https:\/\/guialimeira.com.br\/news\/planos-de-saude-fecham-2024-com-522-milhoes-de-beneficiarios\/","title":{"rendered":"Planos de sa\u00fade fecham 2024 com 52,2 milh\u00f5es de benefici\u00e1rios"},"content":{"rendered":"<p> <br \/>\n<\/p>\n<div>\n<p>Levantamento da Ag\u00eancia Nacional de Sa\u00fade Suplementar (ANS), no m\u00eas de dezembro, aponta que o setor de planos de sa\u00fade totalizou 52.210.290 usu\u00e1rios em planos de assist\u00eancia m\u00e9dica e 34.466.532 usu\u00e1rios nos planos exclusivamente odontol\u00f3gicos. Os n\u00fameros mostram que cada segmento alcan\u00e7ou novo recorde de benefici\u00e1rios no setor, segundo a ANS.<img data-recalc-dims=\"1\" decoding=\"async\" src=\"https:\/\/i0.wp.com\/agenciabrasil.ebc.com.br\/ebc.png?w=696&#038;ssl=1\" style=\"width:1px; height:1px; display:inline;\"\/><img data-recalc-dims=\"1\" decoding=\"async\" src=\"https:\/\/i0.wp.com\/agenciabrasil.ebc.com.br\/ebc.gif?w=696&#038;ssl=1\" style=\"width:1px; height:1px; display:inline;\"\/><\/p>\n<p>Em 1 ano, os planos m\u00e9dico-hospitalares apresentaram crescimento de 862.771 benefici\u00e1rios em rela\u00e7\u00e3o a dezembro de 2023. No comparativo de dezembro de 2024 com novembro do mesmo ano, o crescimento foi de 156.217 usu\u00e1rios. Nos planos exclusivamente odontol\u00f3gicos, somaram-se 2.065.209 benefici\u00e1rios nos 12 meses, e 178.642 na compara\u00e7\u00e3o de dezembro de 2024 com novembro do mesmo ano.<\/p>\n<p>Segundo a ANS, em rela\u00e7\u00e3o aos dados por estado, no comparativo com dezembro de 2023, o setor registrou aumento de benefici\u00e1rios em planos de assist\u00eancia m\u00e9dica em 24 unidades federativas, sendo S\u00e3o Paulo, Minas Gerais e Amazonas os que tiveram o maior ganho de benefici\u00e1rios em n\u00fameros absolutos. Entre os odontol\u00f3gicos, S\u00e3o Paulo, Minas Gerais e Paran\u00e1 foram os estados com maior crescimento em n\u00fameros absolutos.<\/p>\n<p>Quanto \u00e0 faixa et\u00e1ria, observa-se que de 45 anos a 49 anos foi a que apresentou o crescimento mais expressivo na assist\u00eancia m\u00e9dica, com 240.336 novos benefici\u00e1rios, nos \u00faltimos 12 meses, seguido pela faixa et\u00e1ria de 50 anos a 54 anos, com 125.734 novos benefici\u00e1rios, nos \u00faltimos 12 meses.\u00a0<\/p>\n<p>As faixas et\u00e1rias que tiveram maior crescimento nos planos odontol\u00f3gicos foram 45 anos a 49 anos, com 248.771 novos usu\u00e1rios, nos \u00faltimos 12 meses,\u00a0 e 70 anos a 74 anos, com 193.557 novos benefici\u00e1rios, nos \u00faltimos 12 meses.<\/p>\n<p>\u201cConsiderando os dados de usu\u00e1rios de planos de sa\u00fade de assist\u00eancia m\u00e9dica nos \u00faltimos 5 anos, verificamos que o setor de sa\u00fade suplementar vem mantendo um crescimento cont\u00ednuo\u201d, informa a ag\u00eancia reguladora.\u00a0<\/p>\n<p>De acordo com o Censo 2022, do IBGE, observa-se que o crescimento de benefici\u00e1rios na sa\u00fade suplementar supera o crescimento populacional. A taxa de crescimento 2010\/2022 de benefici\u00e1rios foi de 12% enquanto a popula\u00e7\u00e3o brasileira cresceu 6,5%, no mesmo per\u00edodo.\u00a0<\/p>\n<p>\u201cEm rela\u00e7\u00e3o \u00e0 evolu\u00e7\u00e3o no n\u00famero de benefici\u00e1rios, \u00e9 importante destacar que esse aumento da procura por planos de sa\u00fade a partir da pandemia de covid-19 pode indicar que as pessoas ficaram ainda mais preocupadas em garantir o acesso ao sistema de sa\u00fade num momento de grande necessidade\u201d, avalia a ANS.<\/p>\n<p>Ao analisar o segmento exclusivamente odontol\u00f3gico, a ag\u00eancia observou um aumento mais significativo, o que pode indicar que as pessoas est\u00e3o mais atentas \u00e0 import\u00e2ncia da sa\u00fade bucal.\u00a0\u00a0<\/p>\n<p>\u201cSobre a tend\u00eancia para os pr\u00f3ximos anos, a expectativa \u00e9 que a evolu\u00e7\u00e3o do setor mantenha sua estabilidade. Mas, \u00e9 claro que \u00e9 preciso analisar aspectos como o cen\u00e1rio econ\u00f4mico-financeiro, a empregabilidade, a varia\u00e7\u00e3o dos custos em sa\u00fade, que exercem impacto relevante no setor de sa\u00fade suplementar\u201d, analisou o diretor de Desenvolvimento Setorial da ANS, Maur\u00edcio Nunes.\u00a0<\/p>\n<p>      <!-- Relacionada --><\/p>\n<p>            <!-- Relacionada -->\n    <\/div>\n<p><br \/>\n<br \/><a href=\"https:\/\/agenciabrasil.ebc.com.br\/saude\/noticia\/2025-02\/planos-de-saude-fecham-2024-com-522-milhoes-de-beneficiarios\" rel=\"noopener\">Ag\u00eancia Brasil <\/a><\/p>\n","protected":false},"excerpt":{"rendered":"<p>Levantamento da Ag\u00eancia Nacional de Sa\u00fade Suplementar (ANS), no m\u00eas de dezembro, aponta que o setor de planos de sa\u00fade totalizou 52.210.290 usu\u00e1rios em planos de assist\u00eancia m\u00e9dica e 34.466.532 usu\u00e1rios nos planos exclusivamente odontol\u00f3gicos. Os n\u00fameros mostram que cada segmento alcan\u00e7ou novo recorde de benefici\u00e1rios no setor, segundo a ANS. Em 1 ano, os [&hellip;]<\/p>\n","protected":false},"author":1,"featured_media":22730,"comment_status":"open","ping_status":"open","sticky":false,"template":"","format":"standard","meta":{"_jetpack_newsletter_access":"","_jetpack_dont_email_post_to_subs":false,"_jetpack_newsletter_tier_id":0,"_jetpack_memberships_contains_paywalled_content":false,"_mbp_banners":[],"_jetpack_feature_clip_id":0,"_jetpack_memberships_contains_paid_content":false,"footnotes":"","jetpack_publicize_message":"","jetpack_publicize_feature_enabled":true,"jetpack_social_post_already_shared":true,"jetpack_social_options":{"image_generator_settings":{"template":"highway","default_image_id":0,"font":"","enabled":false},"version":2},"jetpack_post_was_ever_published":false},"categories":[15],"tags":[],"class_list":["post-22729","post","type-post","status-publish","format-standard","has-post-thumbnail","category-saude"],"jetpack_publicize_connections":[],"jetpack-related-posts":[],"jetpack_shortlink":"https:\/\/wp.me\/p7Eq1F-5UB","jetpack_sharing_enabled":true,"jetpack_featured_media_url":"https:\/\/i0.wp.com\/guialimeira.com.br\/news\/wp-content\/uploads\/2025\/02\/trbr2414.jpg?fit=1600%2C800&ssl=1","_links":{"self":[{"href":"https:\/\/guialimeira.com.br\/news\/wp-json\/wp\/v2\/posts\/22729","targetHints":{"allow":["GET"]}}],"collection":[{"href":"https:\/\/guialimeira.com.br\/news\/wp-json\/wp\/v2\/posts"}],"about":[{"href":"https:\/\/guialimeira.com.br\/news\/wp-json\/wp\/v2\/types\/post"}],"author":[{"embeddable":true,"href":"https:\/\/guialimeira.com.br\/news\/wp-json\/wp\/v2\/users\/1"}],"replies":[{"embeddable":true,"href":"https:\/\/guialimeira.com.br\/news\/wp-json\/wp\/v2\/comments?post=22729"}],"version-history":[{"count":0,"href":"https:\/\/guialimeira.com.br\/news\/wp-json\/wp\/v2\/posts\/22729\/revisions"}],"wp:featuredmedia":[{"embeddable":true,"href":"https:\/\/guialimeira.com.br\/news\/wp-json\/wp\/v2\/media\/22730"}],"wp:attachment":[{"href":"https:\/\/guialimeira.com.br\/news\/wp-json\/wp\/v2\/media?parent=22729"}],"wp:term":[{"taxonomy":"category","embeddable":true,"href":"https:\/\/guialimeira.com.br\/news\/wp-json\/wp\/v2\/categories?post=22729"},{"taxonomy":"post_tag","embeddable":true,"href":"https:\/\/guialimeira.com.br\/news\/wp-json\/wp\/v2\/tags?post=22729"}],"curies":[{"name":"wp","href":"https:\/\/api.w.org\/{rel}","templated":true}]}}