{"id":22687,"date":"2025-02-05T09:48:32","date_gmt":"2025-02-05T12:48:32","guid":{"rendered":"https:\/\/guialimeira.com.br\/2025\/02\/05\/reajuste-de-servidor-sera-pago-em-abril-se-loa-for-aprovada-ate-marco\/"},"modified":"2025-02-05T09:48:32","modified_gmt":"2025-02-05T12:48:32","slug":"reajuste-de-servidor-sera-pago-em-abril-se-loa-for-aprovada-ate-marco","status":"publish","type":"post","link":"https:\/\/guialimeira.com.br\/news\/reajuste-de-servidor-sera-pago-em-abril-se-loa-for-aprovada-ate-marco\/","title":{"rendered":"Reajuste de servidor ser\u00e1 pago em abril se LOA for aprovada at\u00e9 mar\u00e7o"},"content":{"rendered":"<p> <br \/>\n<\/p>\n<div>\n<p>A ministra da Gest\u00e3o e da Inova\u00e7\u00e3o em Servi\u00e7os P\u00fablicos, Esther Dweck, disse nesta quarta-feira (5), em Bras\u00edlia, que, caso a Lei Or\u00e7ament\u00e1ria Anual (LOA) seja aprovada pelo Congresso Nacional e sancionada pelo presidente Luiz In\u00e1cio Lula da Silva at\u00e9 15 de mar\u00e7o, o reajuste dos servidores p\u00fablicos federais &#8211; negociado no ano passado &#8211; ser\u00e1 pago a partir de 1\u00ba de abril.<img data-recalc-dims=\"1\" decoding=\"async\" src=\"https:\/\/i0.wp.com\/agenciabrasil.ebc.com.br\/ebc.png?w=696&#038;ssl=1\" style=\"width:1px; height:1px; display:inline;\"\/><img data-recalc-dims=\"1\" decoding=\"async\" src=\"https:\/\/i0.wp.com\/agenciabrasil.ebc.com.br\/ebc.gif?w=696&#038;ssl=1\" style=\"width:1px; height:1px; display:inline;\"\/><\/p>\n<p>\u201cA gente j\u00e1 comunicou os servidores e eles v\u00e3o receber retroativamente assim que a lei for aprovada e sancionada pelo presidente. Se [a vota\u00e7\u00e3o] for em 10 de mar\u00e7o, nossa expectativa \u00e9 que, se a gente conseguir sancionar at\u00e9 15 de mar\u00e7o, ainda entra na folha de mar\u00e7o e, portanto, a gente paga a partir de 1\u00ba de abril. Se n\u00e3o for sancionada at\u00e9 meados de mar\u00e7o, mas posteriormente, a gente consegue pagar na folha de abril, que \u00e9 paga efetivamente em maio.\u201d<\/p>\n<p>Em entrevista a emissoras de r\u00e1dio durante o programa<strong> Bom Dia, Ministra<\/strong>,<strong> da<\/strong> <strong>Empresa Brasil de Comunica\u00e7\u00e3o (EBC)<\/strong>, Esther lembrou que, no final do ano passado, a aprova\u00e7\u00e3o de diversas medidas enviadas pelo Executivo ao Congresso Nacional acabou por inviabilizar a aprova\u00e7\u00e3o da LOA no tempo inicialmente previsto \u2013 at\u00e9 dezembro. \u201cO Congresso fez um esfor\u00e7o muito grande para aprovar, inclusive, uma emenda constitucional enviada pelo Executivo\u201d, afirmou.<\/p>\n<p>\u201cO Congresso est\u00e1 muito atento a isso. O relator [da LOA], senador \u00c2ngelo Coronel (PSD-BA, falou sobre a dificuldade de ser mais r\u00e1pido do que o prazo que ele prop\u00f4s e a gente est\u00e1 bastante confiante de que 10 de mar\u00e7o seja uma data bem prov\u00e1vel mesmo &#8211; para aprova\u00e7\u00e3o. Portanto, a gente tem chance ainda de pagar a partir de 1\u00ba de abril. E os servidores v\u00e3o receber retroativamente o reajuste de janeiro, fevereiro e mar\u00e7o nesse contracheque de mar\u00e7o,\u201d explicou a ministra.<\/p>\n<p>Segundo ela, a medida provis\u00f3ria que autorizou o reajuste dos servidores p\u00fablicos federais est\u00e1 valendo desde 1\u00ba de janeiro.<\/p>\n<h2>Concurso unificado<\/h2>\n<p>Durante o programa da EBC, Esther lembrou que, para que o minist\u00e9rio possa come\u00e7ar a convocar os aprovados no Concurso P\u00fablico Nacional Unificado (CPNU) para tomar posse, tamb\u00e9m \u00e9 necess\u00e1rio que a LOA seja aprovada pelo Congresso Nacional e sancionada por Lula. \u201cSe a aprova\u00e7\u00e3o for em 10 de mar\u00e7o, n\u00e3o interfere no nosso calend\u00e1rio\u201d, garantiu.<\/p>\n<p>Acrescentou que \u201cvamos agora homologar o bloco 8, do n\u00edvel m\u00e9dio, onde n\u00e3o h\u00e1 nenhum curso de forma\u00e7\u00e3o. Portanto, a gente est\u00e1 apto a homologar muito em breve. Uma vez homologado, a gente come\u00e7a a chamar [os aprovados] para tomar posse. Lembrando que o bloco 8 foi muito concorrido \u2013 o que mais tinha candidatos concorrendo, uma sele\u00e7\u00e3o bem forte. A gente est\u00e1 aguardando esses servidores, que v\u00e3o come\u00e7ar a ser chamados provavelmente no final de mar\u00e7o ou in\u00edcio de abril. \u00c9 a nossa expectativa.\u201d<\/p>\n<p>\u201cPara os demais blocos, nas \u00e1reas onde n\u00e3o h\u00e1 curso de forma\u00e7\u00e3o, precisamos tamb\u00e9m da autoriza\u00e7\u00e3o da LOA, mas s\u00f3 teremos o resultado final em 28 de fevereiro, quando a gente termina as tr\u00eas rodadas para o curso de forma\u00e7\u00e3o\u201d, finalizou a ministra.<\/p>\n<p>      <!-- Relacionada --><\/p>\n<p>            <!-- Relacionada -->\n    <\/div>\n<p><br \/>\n<br \/><a href=\"https:\/\/agenciabrasil.ebc.com.br\/economia\/noticia\/2025-02\/reajuste-de-servidor-sera-pago-em-abril-se-loa-aprovada-ate-marco\" rel=\"noopener\">Ag\u00eancia Brasil<\/a><\/p>\n","protected":false},"excerpt":{"rendered":"<p>A ministra da Gest\u00e3o e da Inova\u00e7\u00e3o em Servi\u00e7os P\u00fablicos, Esther Dweck, disse nesta quarta-feira (5), em Bras\u00edlia, que, caso a Lei Or\u00e7ament\u00e1ria Anual (LOA) seja aprovada pelo Congresso Nacional e sancionada pelo presidente Luiz In\u00e1cio Lula da Silva at\u00e9 15 de mar\u00e7o, o reajuste dos servidores p\u00fablicos federais &#8211; negociado no ano passado &#8211; [&hellip;]<\/p>\n","protected":false},"author":1,"featured_media":22688,"comment_status":"open","ping_status":"open","sticky":false,"template":"","format":"standard","meta":{"_jetpack_newsletter_access":"","_jetpack_dont_email_post_to_subs":false,"_jetpack_newsletter_tier_id":0,"_jetpack_memberships_contains_paywalled_content":false,"_mbp_banners":[],"_jetpack_feature_clip_id":0,"_jetpack_memberships_contains_paid_content":false,"footnotes":"","jetpack_publicize_message":"","jetpack_publicize_feature_enabled":true,"jetpack_social_post_already_shared":true,"jetpack_social_options":{"image_generator_settings":{"template":"highway","default_image_id":0,"font":"","enabled":false},"version":2},"jetpack_post_was_ever_published":false},"categories":[24],"tags":[],"class_list":["post-22687","post","type-post","status-publish","format-standard","has-post-thumbnail","category-economia"],"jetpack_publicize_connections":[],"jetpack-related-posts":[],"jetpack_shortlink":"https:\/\/wp.me\/p7Eq1F-5TV","jetpack_sharing_enabled":true,"jetpack_featured_media_url":"https:\/\/i0.wp.com\/guialimeira.com.br\/news\/wp-content\/uploads\/2025\/02\/esther-dweck-bdm_mcamgo_abr_05022025-5.jpg?fit=1600%2C800&ssl=1","_links":{"self":[{"href":"https:\/\/guialimeira.com.br\/news\/wp-json\/wp\/v2\/posts\/22687","targetHints":{"allow":["GET"]}}],"collection":[{"href":"https:\/\/guialimeira.com.br\/news\/wp-json\/wp\/v2\/posts"}],"about":[{"href":"https:\/\/guialimeira.com.br\/news\/wp-json\/wp\/v2\/types\/post"}],"author":[{"embeddable":true,"href":"https:\/\/guialimeira.com.br\/news\/wp-json\/wp\/v2\/users\/1"}],"replies":[{"embeddable":true,"href":"https:\/\/guialimeira.com.br\/news\/wp-json\/wp\/v2\/comments?post=22687"}],"version-history":[{"count":0,"href":"https:\/\/guialimeira.com.br\/news\/wp-json\/wp\/v2\/posts\/22687\/revisions"}],"wp:featuredmedia":[{"embeddable":true,"href":"https:\/\/guialimeira.com.br\/news\/wp-json\/wp\/v2\/media\/22688"}],"wp:attachment":[{"href":"https:\/\/guialimeira.com.br\/news\/wp-json\/wp\/v2\/media?parent=22687"}],"wp:term":[{"taxonomy":"category","embeddable":true,"href":"https:\/\/guialimeira.com.br\/news\/wp-json\/wp\/v2\/categories?post=22687"},{"taxonomy":"post_tag","embeddable":true,"href":"https:\/\/guialimeira.com.br\/news\/wp-json\/wp\/v2\/tags?post=22687"}],"curies":[{"name":"wp","href":"https:\/\/api.w.org\/{rel}","templated":true}]}}