{"id":2268,"date":"2024-04-21T17:43:43","date_gmt":"2024-04-21T20:43:43","guid":{"rendered":"https:\/\/guialimeira.com.br\/2024\/04\/21\/brasilia-comemora-64-anos-com-roda-de-choro-na-rua\/"},"modified":"2024-04-21T17:43:43","modified_gmt":"2024-04-21T20:43:43","slug":"brasilia-comemora-64-anos-com-roda-de-choro-na-rua","status":"publish","type":"post","link":"https:\/\/guialimeira.com.br\/news\/brasilia-comemora-64-anos-com-roda-de-choro-na-rua\/","title":{"rendered":"Bras\u00edlia comemora 64 anos com roda de choro na rua"},"content":{"rendered":"<p> <br \/>\n<\/p>\n<div>\n<p>Conhecida como a capital do rock na d\u00e9cada de 1980, Bras\u00edlia deixou de ser lembrada no cen\u00e1rio cultural apenas pelo sucesso das bandas Legi\u00e3o Urbana e Capital Inicial.\u00a0<img data-recalc-dims=\"1\" decoding=\"async\" src=\"https:\/\/i0.wp.com\/agenciabrasil.ebc.com.br\/ebc.png?w=696&#038;ssl=1\" style=\"width:1px; height:1px; display:inline;\"\/><img data-recalc-dims=\"1\" decoding=\"async\" src=\"https:\/\/i0.wp.com\/agenciabrasil.ebc.com.br\/ebc.gif?w=696&#038;ssl=1\" style=\"width:1px; height:1px; display:inline;\"\/><\/p>\n<p>Todos os domingos, o grupo brasiliense Choro Livre se re\u00fane no Eix\u00e3o Norte, uma das principais avenidas da cidade, para tocar os cl\u00e1ssicos do ritmo brasileiro. Conhecido como Eix\u00e3o do Lazer, a avenida \u00e9 fechada para carros aos domingos, quando a popula\u00e7\u00e3o aproveita para fazer caminhadas, andar de bicicleta e participar de eventos culturais.\u00a0<\/p>\n<p>Para comemorar o anivers\u00e1rio de Bras\u00edlia, o grupo reuniu convidados em mais uma edi\u00e7\u00e3o do Choro no Eixo. O evento teve transmiss\u00e3o ao vivo da <strong><em>R\u00e1dio Nacional de Bras\u00edlia<\/em><\/strong>, emissora da <strong>Empresa Brasil de Comunica\u00e7\u00e3o<\/strong> (<strong>EBC<\/strong>).<\/p>\n<p>Enquanto ouvia os cl\u00e1ssicos do choro, o p\u00fablico apreciava as barracas de comidas e buscava as sombras das \u00e1rvores para fugir do calor de aproximadamente 27\u00b0C.<\/p>\n<p>Reunidos em roda comandada pelo cavaquista M\u00e1rcio Marinho, os artistas receberam convidados e tocaram can\u00e7\u00f5es pr\u00f3prias e cl\u00e1ssicos do choro.<\/p>\n<p>Marinho afirmou\u00a0que o objetivo do Choro no Eixo \u00e9 levar a cultura para a popula\u00e7\u00e3o. &#8220;A gente continua fomentando esse projeto. \u00c9 sempre importante mobilizar a cultura popular brasileira, porque ela est\u00e1 sempre em transforma\u00e7\u00e3o. O que estamos\u00a0fazendo aqui \u00e9 hist\u00f3ria, transformando a cultura brasileira&#8221;, acrescentou.<\/p>\n<p>Durante o evento, a Articula\u00e7\u00e3o dos Povos Ind\u00edgenas (Apib) aproveitou para mobilizar a popula\u00e7\u00e3o a se posicionar contra o marco temporal de suas terras. Uma barraca foi montada para distribui\u00e7\u00e3o de panfletos destinados \u00e0\u00a0conscientiza\u00e7\u00e3o sobre a causa ind\u00edgena. Cerca de 8 mil ind\u00edgenas est\u00e3o mobilizados em Bras\u00edlia para 20\u00b0 Acampamento Terra Livre, cujas atividades come\u00e7am nesta segunda-feira\u00a0(22).\u00a0<\/p>\n<p>&#8220;Simbolicamente, se juntam os povos ind\u00edgenas e o choro, s\u00edmbolo da cultura brasileira, para fazer uma luta pela democracia, pela sociedade e pelos povos ind\u00edgenas&#8221;, afirmou Kleber Karipuna, representante da Apib.<\/p>\n<p>O presidente do Instituto do Patrim\u00f4nio Hist\u00f3rico e Art\u00edstico Nacional (Iphan), Leandro Grass, tamb\u00e9m participou do evento e lembrou\u00a0que o \u00f3rg\u00e3o reconheceu neste ano o choro como patrim\u00f4nio cultural imaterial do pa\u00eds.\u00a0<\/p>\n<p>&#8220;Agora a gente vai para as escolas, para as pra\u00e7as, ruas e todos os lugares&#8221;, completou.<\/p>\n<\/p><\/div>\n<p><br \/>\n<br \/><a href=\"https:\/\/agenciabrasil.ebc.com.br\/geral\/noticia\/2024-04\/brasilia-comemora-64-anos-com-roda-de-choro-na-rua\" rel=\"noopener\">Ag\u00eancia Brasil<\/a><\/p>\n","protected":false},"excerpt":{"rendered":"<p>Conhecida como a capital do rock na d\u00e9cada de 1980, Bras\u00edlia deixou de ser lembrada no cen\u00e1rio cultural apenas pelo sucesso das bandas Legi\u00e3o Urbana e Capital Inicial.\u00a0 Todos os domingos, o grupo brasiliense Choro Livre se re\u00fane no Eix\u00e3o Norte, uma das principais avenidas da cidade, para tocar os cl\u00e1ssicos do ritmo brasileiro. Conhecido [&hellip;]<\/p>\n","protected":false},"author":1,"featured_media":2269,"comment_status":"open","ping_status":"open","sticky":false,"template":"","format":"standard","meta":{"_jetpack_newsletter_access":"","_jetpack_dont_email_post_to_subs":false,"_jetpack_newsletter_tier_id":0,"_jetpack_memberships_contains_paywalled_content":false,"_mbp_banners":[],"_jetpack_feature_clip_id":0,"_jetpack_memberships_contains_paid_content":false,"footnotes":"","jetpack_publicize_message":"","jetpack_publicize_feature_enabled":true,"jetpack_social_post_already_shared":true,"jetpack_social_options":{"image_generator_settings":{"template":"highway","default_image_id":0,"font":"","enabled":false},"version":2},"jetpack_post_was_ever_published":false},"categories":[1],"tags":[],"class_list":["post-2268","post","type-post","status-publish","format-standard","has-post-thumbnail","category-geral"],"jetpack_publicize_connections":[],"jetpack-related-posts":[],"jetpack_shortlink":"https:\/\/wp.me\/p7Eq1F-AA","jetpack_sharing_enabled":true,"jetpack_featured_media_url":"https:\/\/i0.wp.com\/guialimeira.com.br\/news\/wp-content\/uploads\/2024\/04\/choro-no-eixo_mcamgo_abr_21042024-13.jpg?fit=1600%2C800&ssl=1","_links":{"self":[{"href":"https:\/\/guialimeira.com.br\/news\/wp-json\/wp\/v2\/posts\/2268","targetHints":{"allow":["GET"]}}],"collection":[{"href":"https:\/\/guialimeira.com.br\/news\/wp-json\/wp\/v2\/posts"}],"about":[{"href":"https:\/\/guialimeira.com.br\/news\/wp-json\/wp\/v2\/types\/post"}],"author":[{"embeddable":true,"href":"https:\/\/guialimeira.com.br\/news\/wp-json\/wp\/v2\/users\/1"}],"replies":[{"embeddable":true,"href":"https:\/\/guialimeira.com.br\/news\/wp-json\/wp\/v2\/comments?post=2268"}],"version-history":[{"count":0,"href":"https:\/\/guialimeira.com.br\/news\/wp-json\/wp\/v2\/posts\/2268\/revisions"}],"wp:featuredmedia":[{"embeddable":true,"href":"https:\/\/guialimeira.com.br\/news\/wp-json\/wp\/v2\/media\/2269"}],"wp:attachment":[{"href":"https:\/\/guialimeira.com.br\/news\/wp-json\/wp\/v2\/media?parent=2268"}],"wp:term":[{"taxonomy":"category","embeddable":true,"href":"https:\/\/guialimeira.com.br\/news\/wp-json\/wp\/v2\/categories?post=2268"},{"taxonomy":"post_tag","embeddable":true,"href":"https:\/\/guialimeira.com.br\/news\/wp-json\/wp\/v2\/tags?post=2268"}],"curies":[{"name":"wp","href":"https:\/\/api.w.org\/{rel}","templated":true}]}}