{"id":22656,"date":"2025-02-04T20:35:36","date_gmt":"2025-02-04T23:35:36","guid":{"rendered":"https:\/\/guialimeira.com.br\/2025\/02\/04\/dolar-cai-a-r-577-e-tem-maior-sequencia-de-quedas-desde-o-plano-real\/"},"modified":"2025-02-04T20:35:36","modified_gmt":"2025-02-04T23:35:36","slug":"dolar-cai-a-r-577-e-tem-maior-sequencia-de-quedas-desde-o-plano-real","status":"publish","type":"post","link":"https:\/\/guialimeira.com.br\/news\/dolar-cai-a-r-577-e-tem-maior-sequencia-de-quedas-desde-o-plano-real\/","title":{"rendered":"D\u00f3lar cai a R$ 5,77 e tem maior sequ\u00eancia de quedas desde o Plano Real"},"content":{"rendered":"<p> <br \/>\n<\/p>\n<div>\n<p>Apesar da volatilidade no mercado financeiro, o d\u00f3lar caiu pela 12\u00aa vez seguida e fechou abaixo de R$ 5,80 pela primeira vez desde meados de novembro. A bolsa de valores recuou, ap\u00f3s a divulga\u00e7\u00e3o da ata da \u00faltima reuni\u00e3o do Comit\u00ea de Pol\u00edtica Monet\u00e1ria (Copom) do Banco Central (BC).<img data-recalc-dims=\"1\" decoding=\"async\" src=\"https:\/\/i0.wp.com\/agenciabrasil.ebc.com.br\/ebc.png?w=696&#038;ssl=1\" style=\"width:1px; height:1px; display:inline;\"\/><img data-recalc-dims=\"1\" decoding=\"async\" src=\"https:\/\/i0.wp.com\/agenciabrasil.ebc.com.br\/ebc.gif?w=696&#038;ssl=1\" style=\"width:1px; height:1px; display:inline;\"\/><\/p>\n<p>O d\u00f3lar comercial encerrou esta ter\u00e7a-feira (4) vendido a R$ 5,771, com queda de R$ 0,022 (-0,76%). A cota\u00e7\u00e3o iniciou o dia pr\u00f3ximo da estabilidade, ap\u00f3s o an\u00fancio de retalia\u00e7\u00f5es da China \u00e0 eleva\u00e7\u00e3o de tarifas pelo governo de Donald Trump, mas passou a cair no fim da manh\u00e3, ap\u00f3s a divulga\u00e7\u00e3o de dados fracos da economia norte-americana.<\/p>\n<p>Na menor cota\u00e7\u00e3o desde 19 de novembro, a moeda norte-americana acumula queda de 6,59% em 2025. Essa \u00e9 a maior sequ\u00eancia de quedas di\u00e1rias do d\u00f3lar desde o Plano Real.<\/p>\n<p>O mercado de a\u00e7\u00f5es teve um dia mais turbulento. O \u00edndice Ibovespa, da B3, fechou aos 125.147 pontos, com recuo de 0,65%. As a\u00e7\u00f5es de empresas exportadoras puxaram a queda, sendo parcialmente compensada pela alta nos pap\u00e9is de institui\u00e7\u00f5es financeiras.<\/p>\n<p>O d\u00f3lar teve um dia de queda em todo o planeta, ap\u00f3s a divulga\u00e7\u00e3o de que o n\u00famero de vagas de trabalho abertas nos Estados Unidos caiu em 556 mil em janeiro. A desacelera\u00e7\u00e3o do mercado de trabalho aumenta as chances de que o Federal Reserve (Fed, Banco Central norte-americano) corte os juros mais que o previsto. Taxas mais baixas em economias avan\u00e7adas estimulam a entrada de capitais em pa\u00edses emergentes, como o Brasil.<\/p>\n<p>Na bolsa de valores, a divulga\u00e7\u00e3o da <a href=\"https:\/\/agenciabrasil.ebc.com.br\/economia\/noticia\/2025-02\/copom-aponta-para-aumento-da-selic-em-1-ponto-em-marco\" rel=\"noopener\">ata do Copom<\/a>, considerada dura pelos especialistas, estimulou a queda das a\u00e7\u00f5es. A divulga\u00e7\u00e3o de que a infla\u00e7\u00e3o dos alimentos pode se espalhar para outros setores da economia acendeu os temores de que o BC eleve os juros depois da reuni\u00e3o de mar\u00e7o. Juros mais altos no Brasil estimulam a migra\u00e7\u00e3o de investimentos na bolsa para investimentos em renda fixa, como t\u00edtulos p\u00fablicos.<\/p>\n<p><em>*com informa\u00e7\u00f5es da Reuters<\/em><\/p>\n<p>\u00a0<\/p>\n<p>      <!-- Relacionada --><\/p>\n<p>            <!-- Relacionada -->\n    <\/div>\n<p><br \/>\n<br \/><a href=\"https:\/\/agenciabrasil.ebc.com.br\/economia\/noticia\/2025-02\/dolar-cai-r-577-e-tem-maior-sequencia-de-quedas-desde-o-plano-real\" rel=\"noopener\">Ag\u00eancia Brasil<\/a><\/p>\n","protected":false},"excerpt":{"rendered":"<p>Apesar da volatilidade no mercado financeiro, o d\u00f3lar caiu pela 12\u00aa vez seguida e fechou abaixo de R$ 5,80 pela primeira vez desde meados de novembro. A bolsa de valores recuou, ap\u00f3s a divulga\u00e7\u00e3o da ata da \u00faltima reuni\u00e3o do Comit\u00ea de Pol\u00edtica Monet\u00e1ria (Copom) do Banco Central (BC). O d\u00f3lar comercial encerrou esta ter\u00e7a-feira [&hellip;]<\/p>\n","protected":false},"author":1,"featured_media":13661,"comment_status":"open","ping_status":"open","sticky":false,"template":"","format":"standard","meta":{"_jetpack_newsletter_access":"","_jetpack_dont_email_post_to_subs":false,"_jetpack_newsletter_tier_id":0,"_jetpack_memberships_contains_paywalled_content":false,"_mbp_banners":[],"_jetpack_feature_clip_id":0,"_jetpack_memberships_contains_paid_content":false,"footnotes":"","jetpack_publicize_message":"","jetpack_publicize_feature_enabled":true,"jetpack_social_post_already_shared":true,"jetpack_social_options":{"image_generator_settings":{"template":"highway","default_image_id":0,"font":"","enabled":false},"version":2},"jetpack_post_was_ever_published":false},"categories":[24],"tags":[],"class_list":["post-22656","post","type-post","status-publish","format-standard","has-post-thumbnail","category-economia"],"jetpack_publicize_connections":[],"jetpack-related-posts":[],"jetpack_shortlink":"https:\/\/wp.me\/p7Eq1F-5Tq","jetpack_sharing_enabled":true,"jetpack_featured_media_url":"https:\/\/i0.wp.com\/guialimeira.com.br\/news\/wp-content\/uploads\/2024\/09\/dolar_moeda_0803221205.jpg?fit=1600%2C800&ssl=1","_links":{"self":[{"href":"https:\/\/guialimeira.com.br\/news\/wp-json\/wp\/v2\/posts\/22656","targetHints":{"allow":["GET"]}}],"collection":[{"href":"https:\/\/guialimeira.com.br\/news\/wp-json\/wp\/v2\/posts"}],"about":[{"href":"https:\/\/guialimeira.com.br\/news\/wp-json\/wp\/v2\/types\/post"}],"author":[{"embeddable":true,"href":"https:\/\/guialimeira.com.br\/news\/wp-json\/wp\/v2\/users\/1"}],"replies":[{"embeddable":true,"href":"https:\/\/guialimeira.com.br\/news\/wp-json\/wp\/v2\/comments?post=22656"}],"version-history":[{"count":0,"href":"https:\/\/guialimeira.com.br\/news\/wp-json\/wp\/v2\/posts\/22656\/revisions"}],"wp:featuredmedia":[{"embeddable":true,"href":"https:\/\/guialimeira.com.br\/news\/wp-json\/wp\/v2\/media\/13661"}],"wp:attachment":[{"href":"https:\/\/guialimeira.com.br\/news\/wp-json\/wp\/v2\/media?parent=22656"}],"wp:term":[{"taxonomy":"category","embeddable":true,"href":"https:\/\/guialimeira.com.br\/news\/wp-json\/wp\/v2\/categories?post=22656"},{"taxonomy":"post_tag","embeddable":true,"href":"https:\/\/guialimeira.com.br\/news\/wp-json\/wp\/v2\/tags?post=22656"}],"curies":[{"name":"wp","href":"https:\/\/api.w.org\/{rel}","templated":true}]}}