{"id":22633,"date":"2025-02-04T17:33:00","date_gmt":"2025-02-04T20:33:00","guid":{"rendered":"https:\/\/guialimeira.com.br\/2025\/02\/04\/haddad-diz-que-queda-do-dolar-e-safra-devem-conter-preco-dos-alimentos\/"},"modified":"2025-02-04T17:33:00","modified_gmt":"2025-02-04T20:33:00","slug":"haddad-diz-que-queda-do-dolar-e-safra-devem-conter-preco-dos-alimentos","status":"publish","type":"post","link":"https:\/\/guialimeira.com.br\/news\/haddad-diz-que-queda-do-dolar-e-safra-devem-conter-preco-dos-alimentos\/","title":{"rendered":"Haddad diz que queda do d\u00f3lar e safra devem conter pre\u00e7o dos alimentos"},"content":{"rendered":"<p> <br \/>\n<\/p>\n<div>\n<p>O ministro da Fazenda, Fernando Haddad, avaliou nesta ter\u00e7a-feira (4) que a press\u00e3o sobre os pre\u00e7os dos alimentos deve diminuir nos pr\u00f3ximos meses com a queda do d\u00f3lar e a safra recorde em 2025.<img data-recalc-dims=\"1\" decoding=\"async\" src=\"https:\/\/i0.wp.com\/agenciabrasil.ebc.com.br\/ebc.png?w=696&#038;ssl=1\" style=\"width:1px; height:1px; display:inline;\"\/><img data-recalc-dims=\"1\" decoding=\"async\" src=\"https:\/\/i0.wp.com\/agenciabrasil.ebc.com.br\/ebc.gif?w=696&#038;ssl=1\" style=\"width:1px; height:1px; display:inline;\"\/><\/p>\n<p>\u201cO d\u00f3lar estava a R$ 6,10, est\u00e1 a R$ 5,80. Isso j\u00e1 ajuda muito\u201d, afirmou o ministro ao ser questionado sobre a mais recente ata do Comit\u00ea de Pol\u00edtica Monet\u00e1ria (Copom), que <a href=\"https:\/\/agenciabrasil.ebc.com.br\/economia\/noticia\/2025-02\/copom-aponta-para-aumento-da-selic-em-1-ponto-em-marco\" target=\"_blank\" rel=\"noopener\">apontou um \u201ccen\u00e1rio adverso\u201d para a infla\u00e7\u00e3o dos alimentos no m\u00e9dio prazo<\/a>.<\/p>\n<p>Haddad disse estar \u201cmuito confiante de que a safra deste ano, por todos os relatos que eu tenho tido do pessoal do agro, <a href=\"https:\/\/agenciabrasil.ebc.com.br\/economia\/noticia\/2024-10\/crescimento-da-producao-de-graos-devera-ser-recorde-preve-conab\" target=\"_blank\" rel=\"noopener\">vai ser uma safra muito forte<\/a>. Isso tamb\u00e9m vai ajudar\u201d.<\/p>\n<p>A ata do Copom destacou que os pre\u00e7os dos alimentos se elevaram de forma significativa, em fun\u00e7\u00e3o, dentre outros fatores, da estiagem observada ao longo do ano passado e da eleva\u00e7\u00e3o de pre\u00e7os de carnes, tamb\u00e9m afetada pelo ciclo do boi.<\/p>\n<p>O ministro da Fazenda observou que vari\u00e1veis econ\u00f4micas como o c\u00e2mbio e a infla\u00e7\u00e3o \u201cse acomodam em outro patamar, e isso certamente vai favorecer\u201d. Ele lembrou que o governo e o Congresso promovem um esfor\u00e7o de conten\u00e7\u00e3o de R$ 30 bilh\u00f5es no Or\u00e7amento, com o objetivo de reduzir press\u00f5es fiscais sobre a pol\u00edtica monet\u00e1ria.<\/p>\n<p>O Copom estima que a infla\u00e7\u00e3o de 12 meses dever\u00e1 se manter acima da meta do Banco Central at\u00e9 junho, o que configuraria \u201cdescumprimento da meta\u201d, de acordo com o novo modelo de metas cont\u00ednuas.<\/p>\n<p>Para Haddad, esse novo modelo, que prev\u00ea uma busca cont\u00ednua por se manter na faixa de toler\u00e2ncia, \u201cpermite uma melhor acomoda\u00e7\u00e3o\u201d da pol\u00edtica monet\u00e1ria pelo BC.<\/p>\n<p>O regime de meta de infla\u00e7\u00e3o atual determina que o \u00edndice deve ficar em 3% no acumulado em 12 meses, com bandas de 1,5 p.p. para cima ou para baixo. Se ficar acima do limite da banda por mais de 6 meses seguidos, h\u00e1 o descumprimento da meta.<\/p>\n<p>      <!-- Relacionada --><\/p>\n<p>            <!-- Relacionada -->\n    <\/div>\n<p><br \/>\n<br \/><a href=\"https:\/\/agenciabrasil.ebc.com.br\/economia\/noticia\/2025-02\/haddad-diz-que-queda-do-dolar-e-safra-devem-conter-preco-dos-alimentos\" rel=\"noopener\">Ag\u00eancia Brasil<\/a><\/p>\n","protected":false},"excerpt":{"rendered":"<p>O ministro da Fazenda, Fernando Haddad, avaliou nesta ter\u00e7a-feira (4) que a press\u00e3o sobre os pre\u00e7os dos alimentos deve diminuir nos pr\u00f3ximos meses com a queda do d\u00f3lar e a safra recorde em 2025. \u201cO d\u00f3lar estava a R$ 6,10, est\u00e1 a R$ 5,80. Isso j\u00e1 ajuda muito\u201d, afirmou o ministro ao ser questionado sobre [&hellip;]<\/p>\n","protected":false},"author":1,"featured_media":19877,"comment_status":"open","ping_status":"open","sticky":false,"template":"","format":"standard","meta":{"_jetpack_newsletter_access":"","_jetpack_dont_email_post_to_subs":false,"_jetpack_newsletter_tier_id":0,"_jetpack_memberships_contains_paywalled_content":false,"_mbp_banners":[],"_jetpack_feature_clip_id":0,"_jetpack_memberships_contains_paid_content":false,"footnotes":"","jetpack_publicize_message":"","jetpack_publicize_feature_enabled":true,"jetpack_social_post_already_shared":true,"jetpack_social_options":{"image_generator_settings":{"template":"highway","default_image_id":0,"font":"","enabled":false},"version":2},"jetpack_post_was_ever_published":false},"categories":[24],"tags":[],"class_list":["post-22633","post","type-post","status-publish","format-standard","has-post-thumbnail","category-economia"],"jetpack_publicize_connections":[],"jetpack-related-posts":[],"jetpack_shortlink":"https:\/\/wp.me\/p7Eq1F-5T3","jetpack_sharing_enabled":true,"jetpack_featured_media_url":"https:\/\/i0.wp.com\/guialimeira.com.br\/news\/wp-content\/uploads\/2024\/12\/pzzb6874.jpg?fit=1600%2C800&ssl=1","_links":{"self":[{"href":"https:\/\/guialimeira.com.br\/news\/wp-json\/wp\/v2\/posts\/22633","targetHints":{"allow":["GET"]}}],"collection":[{"href":"https:\/\/guialimeira.com.br\/news\/wp-json\/wp\/v2\/posts"}],"about":[{"href":"https:\/\/guialimeira.com.br\/news\/wp-json\/wp\/v2\/types\/post"}],"author":[{"embeddable":true,"href":"https:\/\/guialimeira.com.br\/news\/wp-json\/wp\/v2\/users\/1"}],"replies":[{"embeddable":true,"href":"https:\/\/guialimeira.com.br\/news\/wp-json\/wp\/v2\/comments?post=22633"}],"version-history":[{"count":0,"href":"https:\/\/guialimeira.com.br\/news\/wp-json\/wp\/v2\/posts\/22633\/revisions"}],"wp:featuredmedia":[{"embeddable":true,"href":"https:\/\/guialimeira.com.br\/news\/wp-json\/wp\/v2\/media\/19877"}],"wp:attachment":[{"href":"https:\/\/guialimeira.com.br\/news\/wp-json\/wp\/v2\/media?parent=22633"}],"wp:term":[{"taxonomy":"category","embeddable":true,"href":"https:\/\/guialimeira.com.br\/news\/wp-json\/wp\/v2\/categories?post=22633"},{"taxonomy":"post_tag","embeddable":true,"href":"https:\/\/guialimeira.com.br\/news\/wp-json\/wp\/v2\/tags?post=22633"}],"curies":[{"name":"wp","href":"https:\/\/api.w.org\/{rel}","templated":true}]}}