{"id":22611,"date":"2025-02-04T15:16:27","date_gmt":"2025-02-04T18:16:27","guid":{"rendered":"https:\/\/guialimeira.com.br\/2025\/02\/04\/a-cada-minuto-40-pessoas-sao-diagnosticadas-com-cancer-no-mundo\/"},"modified":"2025-02-04T15:16:27","modified_gmt":"2025-02-04T18:16:27","slug":"a-cada-minuto-40-pessoas-sao-diagnosticadas-com-cancer-no-mundo","status":"publish","type":"post","link":"https:\/\/guialimeira.com.br\/news\/a-cada-minuto-40-pessoas-sao-diagnosticadas-com-cancer-no-mundo\/","title":{"rendered":"A cada minuto, 40 pessoas s\u00e3o diagnosticadas com c\u00e2ncer no mundo"},"content":{"rendered":"<p> <br \/>\n<\/p>\n<div>\n<p>No Dia Mundial do C\u00e2ncer, lembrado nesta ter\u00e7a-feira (4), a Organiza\u00e7\u00e3o Mundial da Sa\u00fade (OMS) alertou que, a cada minuto, 40 pessoas s\u00e3o diagnosticadas com a doen\u00e7a em todo o planeta \u2013 e embarcam em uma verdadeira jornada para vencer a enfermidade.<img data-recalc-dims=\"1\" decoding=\"async\" src=\"https:\/\/i0.wp.com\/agenciabrasil.ebc.com.br\/ebc.png?w=696&#038;ssl=1\" style=\"width:1px; height:1px; display:inline;\"\/><img data-recalc-dims=\"1\" decoding=\"async\" src=\"https:\/\/i0.wp.com\/agenciabrasil.ebc.com.br\/ebc.gif?w=696&#038;ssl=1\" style=\"width:1px; height:1px; display:inline;\"\/><\/p>\n<p>\u201cElas n\u00e3o conseguem ser bem sucedidas sozinhas. Em todo mundo, a OMS trabalha com parceiros para criar coalis\u00f5es globais, catalisar a\u00e7\u00f5es locais e amplificar as vozes de pessoas afetadas pelo c\u00e2ncer\u201d, avaliou o diretor-geral da entidade, Tedros Adhanom Ghebreyesus.<\/p>\n<p>Em seu perfil na rede sociais X, Tedros destacou que a OMS atua em diversas \u00e1reas, desde o fornecimento de medica\u00e7\u00f5es para tratamentos oncol\u00f3gicos pedi\u00e1tricos at\u00e9 campanhas globais para a elimina\u00e7\u00e3o do c\u00e2ncer cervical. \u201cEstamos trabalhando para melhorar a vida de milh\u00f5es de pessoas\u201d.<\/p>\n<p>\u201cNo Dia Mundial do C\u00e2ncer, honramos a coragem daqueles afetados pela doen\u00e7a, celebramos o progresso cient\u00edfico e reafirmamos nosso compromisso de promover sa\u00fade para todos\u201d, concluiu o diretor-geral.<\/p>\n<p>Dentre as orienta\u00e7\u00f5es publicadas pela OMS para reduzir o risco de c\u00e2ncer est\u00e3o:<\/p>\n<p>&#8211; n\u00e3o fumar;<\/p>\n<p>&#8211; praticar atividade f\u00edsica regularmente;<\/p>\n<p>&#8211; comer frutas e verduras;<\/p>\n<p>&#8211; manter um peso corporal saud\u00e1vel;<\/p>\n<p>&#8211; limitar o consumo de \u00e1lcool.<\/p>\n<p>      <!-- Relacionada --><\/p>\n<p>            <!-- Relacionada -->\n    <\/div>\n<p><br \/>\n<br \/><a href=\"https:\/\/agenciabrasil.ebc.com.br\/saude\/noticia\/2025-02\/cada-minuto-40-pessoas-sao-diagnosticadas-com-cancer-no-mundo\" rel=\"noopener\">Ag\u00eancia Brasil <\/a><\/p>\n","protected":false},"excerpt":{"rendered":"<p>No Dia Mundial do C\u00e2ncer, lembrado nesta ter\u00e7a-feira (4), a Organiza\u00e7\u00e3o Mundial da Sa\u00fade (OMS) alertou que, a cada minuto, 40 pessoas s\u00e3o diagnosticadas com a doen\u00e7a em todo o planeta \u2013 e embarcam em uma verdadeira jornada para vencer a enfermidade. \u201cElas n\u00e3o conseguem ser bem sucedidas sozinhas. Em todo mundo, a OMS trabalha [&hellip;]<\/p>\n","protected":false},"author":1,"featured_media":22612,"comment_status":"open","ping_status":"open","sticky":false,"template":"","format":"standard","meta":{"_jetpack_newsletter_access":"","_jetpack_dont_email_post_to_subs":false,"_jetpack_newsletter_tier_id":0,"_jetpack_memberships_contains_paywalled_content":false,"_mbp_banners":[],"_jetpack_feature_clip_id":0,"_jetpack_memberships_contains_paid_content":false,"footnotes":"","jetpack_publicize_message":"","jetpack_publicize_feature_enabled":true,"jetpack_social_post_already_shared":true,"jetpack_social_options":{"image_generator_settings":{"template":"highway","default_image_id":0,"font":"","enabled":false},"version":2},"jetpack_post_was_ever_published":false},"categories":[15],"tags":[],"class_list":["post-22611","post","type-post","status-publish","format-standard","has-post-thumbnail","category-saude"],"jetpack_publicize_connections":[],"jetpack-related-posts":[],"jetpack_shortlink":"https:\/\/wp.me\/p7Eq1F-5SH","jetpack_sharing_enabled":true,"jetpack_featured_media_url":"https:\/\/i0.wp.com\/guialimeira.com.br\/news\/wp-content\/uploads\/2025\/02\/autoexame_cancer_de_mama.png?fit=1600%2C800&ssl=1","_links":{"self":[{"href":"https:\/\/guialimeira.com.br\/news\/wp-json\/wp\/v2\/posts\/22611","targetHints":{"allow":["GET"]}}],"collection":[{"href":"https:\/\/guialimeira.com.br\/news\/wp-json\/wp\/v2\/posts"}],"about":[{"href":"https:\/\/guialimeira.com.br\/news\/wp-json\/wp\/v2\/types\/post"}],"author":[{"embeddable":true,"href":"https:\/\/guialimeira.com.br\/news\/wp-json\/wp\/v2\/users\/1"}],"replies":[{"embeddable":true,"href":"https:\/\/guialimeira.com.br\/news\/wp-json\/wp\/v2\/comments?post=22611"}],"version-history":[{"count":0,"href":"https:\/\/guialimeira.com.br\/news\/wp-json\/wp\/v2\/posts\/22611\/revisions"}],"wp:featuredmedia":[{"embeddable":true,"href":"https:\/\/guialimeira.com.br\/news\/wp-json\/wp\/v2\/media\/22612"}],"wp:attachment":[{"href":"https:\/\/guialimeira.com.br\/news\/wp-json\/wp\/v2\/media?parent=22611"}],"wp:term":[{"taxonomy":"category","embeddable":true,"href":"https:\/\/guialimeira.com.br\/news\/wp-json\/wp\/v2\/categories?post=22611"},{"taxonomy":"post_tag","embeddable":true,"href":"https:\/\/guialimeira.com.br\/news\/wp-json\/wp\/v2\/tags?post=22611"}],"curies":[{"name":"wp","href":"https:\/\/api.w.org\/{rel}","templated":true}]}}