{"id":22581,"date":"2025-02-04T08:22:46","date_gmt":"2025-02-04T11:22:46","guid":{"rendered":"https:\/\/guialimeira.com.br\/2025\/02\/04\/producao-de-oleo-no-pre-sal-cai-34-no-ultimo-trimestre-de-2024\/"},"modified":"2025-02-04T08:22:46","modified_gmt":"2025-02-04T11:22:46","slug":"producao-de-oleo-no-pre-sal-cai-34-no-ultimo-trimestre-de-2024","status":"publish","type":"post","link":"https:\/\/guialimeira.com.br\/news\/producao-de-oleo-no-pre-sal-cai-34-no-ultimo-trimestre-de-2024\/","title":{"rendered":"Produ\u00e7\u00e3o de \u00f3leo no pr\u00e9-sal cai 3,4% no \u00faltimo trimestre de 2024"},"content":{"rendered":"<p> <br \/>\n<\/p>\n<div>\n<p>A produ\u00e7\u00e3o de \u00f3leo no pr\u00e9-sal no \u00faltimo trimestre do ano passado foi de 1,76 milh\u00e3o de\u00a0barris por dia (Mbpd), 3,4% inferior \u00e0 do trimestre anterior,. Segundo a Petrobras, o motivo foi\u00a0o maior volume de paradas para manuten\u00e7\u00e3o no campo de B\u00fazios, no pr\u00e9-sal, parcialmente compensadas pelo topo de produ\u00e7\u00e3o do FPSO Sepetiba [navio flutuante que processa, armazena e transfere petr\u00f3leo e g\u00e1s] e pelo in\u00edcio de produ\u00e7\u00e3o dos FPSOs Maria Quit\u00e9ria e Marechal Duque de Caxias.<img data-recalc-dims=\"1\" decoding=\"async\" src=\"https:\/\/i0.wp.com\/agenciabrasil.ebc.com.br\/ebc.png?w=696&#038;ssl=1\" style=\"width:1px; height:1px; display:inline;\"\/><img data-recalc-dims=\"1\" decoding=\"async\" src=\"https:\/\/i0.wp.com\/agenciabrasil.ebc.com.br\/ebc.gif?w=696&#038;ssl=1\" style=\"width:1px; height:1px; display:inline;\"\/><\/p>\n<p>Houve queda tamb\u00e9m na produ\u00e7\u00e3o do p\u00f3s-sal em 2024. A produ\u00e7\u00e3o, de\u00a0305 milh\u00f5es de barris por dia, teve\u00a0redu\u00e7\u00e3o de 20% em rela\u00e7\u00e3o a 2023. De acordo com a empresa, essa queda ocorreu principalmente, \u201cdevido \u00e0 restri\u00e7\u00e3o da produ\u00e7\u00e3o nas plataformas que retornaram \u00e0 opera\u00e7\u00e3o ao longo do quarto trimestre, junto com o decl\u00ednio natural de produ\u00e7\u00e3o\u201d.<\/p>\n<p>\u201cEm compensa\u00e7\u00e3o, durante o ano, tivemos o <em>ramp-up<\/em> [aumento gradual da produ\u00e7\u00e3o] da plataforma Anna Nery, al\u00e9m da entrada em produ\u00e7\u00e3o de quatro novos po\u00e7os na Bacia de Campos\u201d, informou a companhia.<\/p>\n<p>A produ\u00e7\u00e3o em terra e \u00e1guas rasas, no quarto\u00a0trimestre de 2024, foi de 35 milh\u00f5es de barris por dia, 3 milh\u00f5es a mais do que a\u00a0do trimestre anterior, em fun\u00e7\u00e3o do menor volume de perdas com paradas para manuten\u00e7\u00e3o. Em 2024, a produ\u00e7\u00e3o em terra e \u00e1guas rasas foi de 34 Mbpd, abaixo da de 2023 em 9 Mbpd, devido principalmente aos desinvestimentos e ao decl\u00ednio natural de produ\u00e7\u00e3o.<\/p>\n<h2>Recorde<\/h2>\n<p>A companhia registrou recordes de produ\u00e7\u00e3o de gasolina, com 420 mil barris por dia (bpd), e diesel S-10, com 452 mil bpd. No ano, as vendas de diesel S-10 representaram 64% do total de vendas de \u00f3leo diesel, superando o recorde de 62% registrado em 2023, com aumento de 5,8% nas vendas de querosene de avia\u00e7\u00e3o (QAV) em 2024.<\/p>\n<p>      <!-- Relacionada --><\/p>\n<p>            <!-- Relacionada -->\n    <\/div>\n<p><br \/>\n<br \/><a href=\"https:\/\/agenciabrasil.ebc.com.br\/economia\/noticia\/2025-02\/producao-de-oleo-no-pre-sal-cai-34-no-ultimo-trimestre-de-2024\" rel=\"noopener\">Ag\u00eancia Brasil<\/a><\/p>\n","protected":false},"excerpt":{"rendered":"<p>A produ\u00e7\u00e3o de \u00f3leo no pr\u00e9-sal no \u00faltimo trimestre do ano passado foi de 1,76 milh\u00e3o de\u00a0barris por dia (Mbpd), 3,4% inferior \u00e0 do trimestre anterior,. Segundo a Petrobras, o motivo foi\u00a0o maior volume de paradas para manuten\u00e7\u00e3o no campo de B\u00fazios, no pr\u00e9-sal, parcialmente compensadas pelo topo de produ\u00e7\u00e3o do FPSO Sepetiba [navio flutuante [&hellip;]<\/p>\n","protected":false},"author":1,"featured_media":22582,"comment_status":"open","ping_status":"open","sticky":false,"template":"","format":"standard","meta":{"_jetpack_newsletter_access":"","_jetpack_dont_email_post_to_subs":false,"_jetpack_newsletter_tier_id":0,"_jetpack_memberships_contains_paywalled_content":false,"_mbp_banners":[],"_jetpack_feature_clip_id":0,"_jetpack_memberships_contains_paid_content":false,"footnotes":"","jetpack_publicize_message":"","jetpack_publicize_feature_enabled":true,"jetpack_social_post_already_shared":true,"jetpack_social_options":{"image_generator_settings":{"template":"highway","default_image_id":0,"font":"","enabled":false},"version":2},"jetpack_post_was_ever_published":false},"categories":[24],"tags":[],"class_list":["post-22581","post","type-post","status-publish","format-standard","has-post-thumbnail","category-economia"],"jetpack_publicize_connections":[],"jetpack-related-posts":[],"jetpack_shortlink":"https:\/\/wp.me\/p7Eq1F-5Sd","jetpack_sharing_enabled":true,"jetpack_featured_media_url":"https:\/\/i0.wp.com\/guialimeira.com.br\/news\/wp-content\/uploads\/2025\/02\/53220205024_fe415c2793_o.jpg?fit=1600%2C800&ssl=1","_links":{"self":[{"href":"https:\/\/guialimeira.com.br\/news\/wp-json\/wp\/v2\/posts\/22581","targetHints":{"allow":["GET"]}}],"collection":[{"href":"https:\/\/guialimeira.com.br\/news\/wp-json\/wp\/v2\/posts"}],"about":[{"href":"https:\/\/guialimeira.com.br\/news\/wp-json\/wp\/v2\/types\/post"}],"author":[{"embeddable":true,"href":"https:\/\/guialimeira.com.br\/news\/wp-json\/wp\/v2\/users\/1"}],"replies":[{"embeddable":true,"href":"https:\/\/guialimeira.com.br\/news\/wp-json\/wp\/v2\/comments?post=22581"}],"version-history":[{"count":0,"href":"https:\/\/guialimeira.com.br\/news\/wp-json\/wp\/v2\/posts\/22581\/revisions"}],"wp:featuredmedia":[{"embeddable":true,"href":"https:\/\/guialimeira.com.br\/news\/wp-json\/wp\/v2\/media\/22582"}],"wp:attachment":[{"href":"https:\/\/guialimeira.com.br\/news\/wp-json\/wp\/v2\/media?parent=22581"}],"wp:term":[{"taxonomy":"category","embeddable":true,"href":"https:\/\/guialimeira.com.br\/news\/wp-json\/wp\/v2\/categories?post=22581"},{"taxonomy":"post_tag","embeddable":true,"href":"https:\/\/guialimeira.com.br\/news\/wp-json\/wp\/v2\/tags?post=22581"}],"curies":[{"name":"wp","href":"https:\/\/api.w.org\/{rel}","templated":true}]}}