{"id":22552,"date":"2025-02-03T19:09:27","date_gmt":"2025-02-03T22:09:27","guid":{"rendered":"https:\/\/guialimeira.com.br\/2025\/02\/03\/dolar-cai-pela-11a-vez-e-tem-maior-sequencia-de-quedas-em-20-anos\/"},"modified":"2025-02-03T19:09:27","modified_gmt":"2025-02-03T22:09:27","slug":"dolar-cai-pela-11a-vez-e-tem-maior-sequencia-de-quedas-em-20-anos","status":"publish","type":"post","link":"https:\/\/guialimeira.com.br\/news\/dolar-cai-pela-11a-vez-e-tem-maior-sequencia-de-quedas-em-20-anos\/","title":{"rendered":"D\u00f3lar cai pela 11\u00aa vez e tem maior sequencia de quedas em 20 anos"},"content":{"rendered":"<p> <br \/>\n<\/p>\n<div>\n<p>O recuo tempor\u00e1rio do presidente norte-americano, Donald Trump, em elevar as tarifas comerciais para os produtos mexicanos trouxe mais um dia de al\u00edvio para o mercado financeiro. O d\u00f3lar caiu pela 11\u00aa vez e acumula a maior sequencia de quedas di\u00e1rias em 20 anos. A bolsa alternou altas e baixas, mas terminou o dia com pequeno recuo.<img data-recalc-dims=\"1\" decoding=\"async\" src=\"https:\/\/i0.wp.com\/agenciabrasil.ebc.com.br\/ebc.png?w=696&#038;ssl=1\" style=\"width:1px; height:1px; display:inline;\"\/><img data-recalc-dims=\"1\" decoding=\"async\" src=\"https:\/\/i0.wp.com\/agenciabrasil.ebc.com.br\/ebc.gif?w=696&#038;ssl=1\" style=\"width:1px; height:1px; display:inline;\"\/><\/p>\n<p>O d\u00f3lar comercial encerrou esta segunda-feira (3) vendido a R$ 5,815, com queda de R$ 0,022 (-0,38%). A cota\u00e7\u00e3o iniciou o dia em alta, chegando a R$ 5,90 por volta das 12h, mas inverteu o movimento ap\u00f3s Trump e a presidenta do M\u00e9xico, Claudia Sheinbaum, anunciarem negocia\u00e7\u00f5es para a eleva\u00e7\u00e3o das tarifas comerciais entre os dois pa\u00edses.<\/p>\n<p>A moeda norte-americana est\u00e1 na menor cota\u00e7\u00e3o desde 26 de novembro. Em 2025, a divisa acumula queda de 5,88%. Como, desde 17 de janeiro, o d\u00f3lar n\u00e3o fecha em alta, a sequ\u00eancia de quedas di\u00e1rias \u00e9 a maior desde o fim de mar\u00e7o e a metade de abril de 2005.<\/p>\n<p>No mercado de a\u00e7\u00f5es, o dia foi menos otimista. O \u00edndice Ibovespa, da B3, fechou aos 125.970, com queda de 0,13%. O indicador chegou a subir 0,25% por volta das 13h, mas perdeu for\u00e7a e encerrou pr\u00f3ximo da estabilidade.<\/p>\n<p>Pela manh\u00e3, a bolsa come\u00e7ou em queda e o d\u00f3lar em alta, ainda sob reflexo do an\u00fancio de Trump de que elevaria em 25% os produtos mexicanos e canadenses e em 10% os produtos chineses. A suspens\u00e3o da medida para o M\u00e9xico por 30 dias fez o d\u00f3lar cair perante as moedas dos principais pa\u00edses emergentes.<\/p>\n<p>Nesta segunda, o euro comercial fechou abaixo de R$ 6 pela primeira vez desde 4 de outubro. A cota\u00e7\u00e3o encerrou esta segunda em R$ 5,981, com queda de R$ 0,047 (-1,22%). A moeda est\u00e1 no menor valor desde 16 de julho do ano passado, quando estava em R$ 5,91.<\/p>\n<p>* com informa\u00e7\u00f5es da Reuters<\/p>\n<p>      <!-- Relacionada --><\/p>\n<p>            <!-- Relacionada -->\n    <\/div>\n<p><br \/>\n<br \/><a href=\"https:\/\/agenciabrasil.ebc.com.br\/economia\/noticia\/2025-02\/dolar-cai-pela-11a-vez-e-tem-maior-sequencia-de-quedas-em-20-anos\" rel=\"noopener\">Ag\u00eancia Brasil<\/a><\/p>\n","protected":false},"excerpt":{"rendered":"<p>O recuo tempor\u00e1rio do presidente norte-americano, Donald Trump, em elevar as tarifas comerciais para os produtos mexicanos trouxe mais um dia de al\u00edvio para o mercado financeiro. O d\u00f3lar caiu pela 11\u00aa vez e acumula a maior sequencia de quedas di\u00e1rias em 20 anos. A bolsa alternou altas e baixas, mas terminou o dia com [&hellip;]<\/p>\n","protected":false},"author":1,"featured_media":8418,"comment_status":"open","ping_status":"open","sticky":false,"template":"","format":"standard","meta":{"_jetpack_newsletter_access":"","_jetpack_dont_email_post_to_subs":false,"_jetpack_newsletter_tier_id":0,"_jetpack_memberships_contains_paywalled_content":false,"_mbp_banners":[],"_jetpack_feature_clip_id":0,"_jetpack_memberships_contains_paid_content":false,"footnotes":"","jetpack_publicize_message":"","jetpack_publicize_feature_enabled":true,"jetpack_social_post_already_shared":true,"jetpack_social_options":{"image_generator_settings":{"template":"highway","default_image_id":0,"font":"","enabled":false},"version":2},"jetpack_post_was_ever_published":false},"categories":[24],"tags":[],"class_list":["post-22552","post","type-post","status-publish","format-standard","has-post-thumbnail","category-economia"],"jetpack_publicize_connections":[],"jetpack-related-posts":[],"jetpack_shortlink":"https:\/\/wp.me\/p7Eq1F-5RK","jetpack_sharing_enabled":true,"jetpack_featured_media_url":"https:\/\/i0.wp.com\/guialimeira.com.br\/news\/wp-content\/uploads\/2024\/06\/05102020dolar1381.jpg?fit=1600%2C800&ssl=1","_links":{"self":[{"href":"https:\/\/guialimeira.com.br\/news\/wp-json\/wp\/v2\/posts\/22552","targetHints":{"allow":["GET"]}}],"collection":[{"href":"https:\/\/guialimeira.com.br\/news\/wp-json\/wp\/v2\/posts"}],"about":[{"href":"https:\/\/guialimeira.com.br\/news\/wp-json\/wp\/v2\/types\/post"}],"author":[{"embeddable":true,"href":"https:\/\/guialimeira.com.br\/news\/wp-json\/wp\/v2\/users\/1"}],"replies":[{"embeddable":true,"href":"https:\/\/guialimeira.com.br\/news\/wp-json\/wp\/v2\/comments?post=22552"}],"version-history":[{"count":0,"href":"https:\/\/guialimeira.com.br\/news\/wp-json\/wp\/v2\/posts\/22552\/revisions"}],"wp:featuredmedia":[{"embeddable":true,"href":"https:\/\/guialimeira.com.br\/news\/wp-json\/wp\/v2\/media\/8418"}],"wp:attachment":[{"href":"https:\/\/guialimeira.com.br\/news\/wp-json\/wp\/v2\/media?parent=22552"}],"wp:term":[{"taxonomy":"category","embeddable":true,"href":"https:\/\/guialimeira.com.br\/news\/wp-json\/wp\/v2\/categories?post=22552"},{"taxonomy":"post_tag","embeddable":true,"href":"https:\/\/guialimeira.com.br\/news\/wp-json\/wp\/v2\/tags?post=22552"}],"curies":[{"name":"wp","href":"https:\/\/api.w.org\/{rel}","templated":true}]}}