{"id":2255,"date":"2024-04-21T13:39:42","date_gmt":"2024-04-21T16:39:42","guid":{"rendered":"https:\/\/guialimeira.com.br\/2024\/04\/21\/aliados-de-bolsonaro-fazem-ato-politico-no-rio-de-janeiro\/"},"modified":"2024-04-21T13:39:42","modified_gmt":"2024-04-21T16:39:42","slug":"aliados-de-bolsonaro-fazem-ato-politico-no-rio-de-janeiro","status":"publish","type":"post","link":"https:\/\/guialimeira.com.br\/news\/aliados-de-bolsonaro-fazem-ato-politico-no-rio-de-janeiro\/","title":{"rendered":"Aliados de Bolsonaro fazem ato pol\u00edtico no Rio de Janeiro"},"content":{"rendered":"<p> <br \/>\n<\/p>\n<div>\n<p>Aliados do ex-presidente da Rep\u00fablica Jair Bolsonaro fizeram um ato p\u00fablico na orla da praia de Copacabana, no Rio de Janeiro, na manh\u00e3 deste domingo (21). O pr\u00f3prio Bolsonaro usou suas redes sociais para convocar as pessoas para a manifesta\u00e7\u00e3o.<img data-recalc-dims=\"1\" decoding=\"async\" src=\"https:\/\/i0.wp.com\/agenciabrasil.ebc.com.br\/ebc.png?w=696&#038;ssl=1\" style=\"width:1px; height:1px; display:inline;\"\/><img data-recalc-dims=\"1\" decoding=\"async\" src=\"https:\/\/i0.wp.com\/agenciabrasil.ebc.com.br\/ebc.gif?w=696&#038;ssl=1\" style=\"width:1px; height:1px; display:inline;\"\/><\/p>\n<p>Com v\u00e1rias falas que misturaram pol\u00edtica e religi\u00e3o, os aliados do ex-presidente fizeram discursos em favor de Bolsonaro, do dono da rede social X (ex-Twitter), Elon Musk, e da liberdade de express\u00e3o, al\u00e9m de criticarem ve\u00edculos de imprensa, o atual governo, o ministro do Supremo Tribunal Federal (STF) Alexandre de Moraes e as investiga\u00e7\u00f5es em rela\u00e7\u00e3o \u00e0 tentativa de golpe de Estado.<\/p>\n<p>Ao falar\u00a0em cima de um trio el\u00e9trico, Bolsonaro se disse v\u00edtima da\u00a0\u201ccovardia\u201d de um \u201csistema\u201d que quer v\u00ea-lo \u201cfora de combate em definitivo\u201d.\u00a0<\/p>\n<p>Bolsonaro \u00e9 investigado em inqu\u00e9rito sobre a tentativa de golpe ocorrida no dia 8 de janeiro de 2022. Seu <a href=\"https:\/\/agenciabrasil.ebc.com.br\/justica\/noticia\/2024-02\/passaporte-de-bolsonaro-e-entregue-autoridades\" target=\"_blank\" rel=\"noopener\">passaporte foi apreendido pela Pol\u00edcia Federal (PF)<\/a>, em fevereiro, por determina\u00e7\u00e3o do ministro do Supremo Tribunal Federal (STF) Alexandre de Moraes, durante a opera\u00e7\u00e3o Tempus Veritatis.<\/p>\n<p>Segundo a investiga\u00e7\u00e3o da PF, quando ainda era presidente da Rep\u00fablica, Jair Bolsonaro <a href=\"https:\/\/agenciabrasil.ebc.com.br\/geral\/noticia\/2024-02\/bolsonaro-discutiu-minuta-de-golpe-que-previa-prender-moraes-diz-pf\" target=\"_blank\" rel=\"noopener\">discutiu com militares uma minuta de golpe de Estado<\/a>, em que previa prender Moraes, o tamb\u00e9m ministro do STF Gilmar Mendes e o presidente do Senado, Rodrigo Pacheco.<\/p>\n<p>Al\u00e9m disso, a minuta previa a realiza\u00e7\u00e3o de novas elei\u00e7\u00f5es presidenciais, usando, como justificativa, falsos ind\u00edcios de fraudes nas urnas eletr\u00f4nicas.<\/p>\n<p>Para os manifestantes que estavam em Copacabana, o ex-presidente\u00a0se defendeu\u00a0de suposto envolvimento na elabora\u00e7\u00e3o da chamada minuta do golpe.<\/p>\n<p>\u201cNunca jogamos fora das quatro linhas. Algu\u00e9m j\u00e1 viu essa minuta de golpe? Quando se fala em estado de s\u00edtio, \u00e9 uma proposta que o presidente, dentro de suas atribui\u00e7\u00f5es constitucionais, pode submeter ao parlamento brasileiro. O presidente n\u00e3o baixa decreto nenhum.\u00a0S\u00f3 baixa decreto depois que o parlamento der o sinal verde\u201d, disse Bolsonaro neste domingo.<\/p>\n<p>Bolsonaro tamb\u00e9m defendeu os manifestantes presos durante os atos de 8 de janeiro, quando centenas de pessoas invadiram e vandalizaram o Pal\u00e1cio do Planalto, o Congresso Nacional e o Supremo Tribunal Federal (STF).<\/p>\n<p>Ele\u00a0voltou a falar sobre o processo eleitoral. \u201cQue n\u00f3s possamos disputar as elei\u00e7\u00f5es sem qualquer suspei\u00e7\u00e3o. Afinal de contas, a alma da democracia \u00e9 uma elei\u00e7\u00e3o limpa, onde ningu\u00e9m pode sequer pensar em duvidar dela. N\u00e3o estou duvidando das elei\u00e7\u00f5es, p\u00e1gina virada. At\u00e9 porque podemos ver, um dia, um time de futebol sem torcida ser campe\u00e3o, mas pela primeira vez na hist\u00f3ria do Brasil, n\u00f3s estamos vendo um presidente eleito, sem povo ao seu lado\u201d.<\/p>\n<p>Em junho do ano passado, o Tribunal Superior Eleitoral (TSE) <a href=\"https:\/\/agenciabrasil.ebc.com.br\/justica\/noticia\/2023-06\/por-5-votos-2-tse-torna-bolsonaro-inelegivel-por-oito-anos\" target=\"_blank\" rel=\"noopener\">tornou Bolsonaro ineleg\u00edvel por oito anos<\/a>, por abuso de poder pol\u00edtico e uso indevido dos meios de comunica\u00e7\u00e3o, j\u00e1 que, em julho de 2022, durante a campanha eleitoral, o ent\u00e3o candidato \u00e0 reelei\u00e7\u00e3o convocou uma reuni\u00e3o com embaixadores para atacar o sistema eletr\u00f4nico de vota\u00e7\u00e3o, sem apresentar provas.<\/p>\n<p>Em outubro do mesmo ano, Bolsonaro <a href=\"https:\/\/agenciabrasil.ebc.com.br\/justica\/noticia\/2023-10\/maioria-do-tse-condena-bolsonaro-por-uso-politico-do-7-de-setembro\" target=\"_blank\" rel=\"noopener\">tornou-se ineleg\u00edvel pela segunda vez pelo TSE por abuso de poder pol\u00edtico<\/a>. Por maioria, os ministros\u00a0consideraram que ele aproveitou as celebra\u00e7\u00f5es de 200 anos da independ\u00eancia do Brasil, em 7 de setembro de 2022, para seu benef\u00edcio em sua campanha eleitoral pela reelei\u00e7\u00e3o.<\/p>\n<\/p><\/div>\n<p><br \/>\n<br \/><a href=\"https:\/\/agenciabrasil.ebc.com.br\/geral\/noticia\/2024-04\/aliados-de-bolsonaro-fazem-ato-politico-no-rio-de-janeiro\" rel=\"noopener\">Ag\u00eancia Brasil<\/a><\/p>\n","protected":false},"excerpt":{"rendered":"<p>Aliados do ex-presidente da Rep\u00fablica Jair Bolsonaro fizeram um ato p\u00fablico na orla da praia de Copacabana, no Rio de Janeiro, na manh\u00e3 deste domingo (21). O pr\u00f3prio Bolsonaro usou suas redes sociais para convocar as pessoas para a manifesta\u00e7\u00e3o. Com v\u00e1rias falas que misturaram pol\u00edtica e religi\u00e3o, os aliados do ex-presidente fizeram discursos em [&hellip;]<\/p>\n","protected":false},"author":1,"featured_media":269,"comment_status":"open","ping_status":"open","sticky":false,"template":"","format":"standard","meta":{"_jetpack_newsletter_access":"","_jetpack_dont_email_post_to_subs":false,"_jetpack_newsletter_tier_id":0,"_jetpack_memberships_contains_paywalled_content":false,"_mbp_banners":[],"_jetpack_feature_clip_id":0,"_jetpack_memberships_contains_paid_content":false,"footnotes":"","jetpack_publicize_message":"","jetpack_publicize_feature_enabled":true,"jetpack_social_post_already_shared":true,"jetpack_social_options":{"image_generator_settings":{"template":"highway","default_image_id":0,"font":"","enabled":false},"version":2},"jetpack_post_was_ever_published":false},"categories":[1],"tags":[],"class_list":["post-2255","post","type-post","status-publish","format-standard","has-post-thumbnail","category-geral"],"jetpack_publicize_connections":[],"jetpack-related-posts":[],"jetpack_shortlink":"https:\/\/wp.me\/p7Eq1F-An","jetpack_sharing_enabled":true,"jetpack_featured_media_url":"https:\/\/i0.wp.com\/guialimeira.com.br\/news\/wp-content\/uploads\/2024\/03\/thumb_1200x600_agbrasil.png?fit=1200%2C600&ssl=1","_links":{"self":[{"href":"https:\/\/guialimeira.com.br\/news\/wp-json\/wp\/v2\/posts\/2255","targetHints":{"allow":["GET"]}}],"collection":[{"href":"https:\/\/guialimeira.com.br\/news\/wp-json\/wp\/v2\/posts"}],"about":[{"href":"https:\/\/guialimeira.com.br\/news\/wp-json\/wp\/v2\/types\/post"}],"author":[{"embeddable":true,"href":"https:\/\/guialimeira.com.br\/news\/wp-json\/wp\/v2\/users\/1"}],"replies":[{"embeddable":true,"href":"https:\/\/guialimeira.com.br\/news\/wp-json\/wp\/v2\/comments?post=2255"}],"version-history":[{"count":0,"href":"https:\/\/guialimeira.com.br\/news\/wp-json\/wp\/v2\/posts\/2255\/revisions"}],"wp:featuredmedia":[{"embeddable":true,"href":"https:\/\/guialimeira.com.br\/news\/wp-json\/wp\/v2\/media\/269"}],"wp:attachment":[{"href":"https:\/\/guialimeira.com.br\/news\/wp-json\/wp\/v2\/media?parent=2255"}],"wp:term":[{"taxonomy":"category","embeddable":true,"href":"https:\/\/guialimeira.com.br\/news\/wp-json\/wp\/v2\/categories?post=2255"},{"taxonomy":"post_tag","embeddable":true,"href":"https:\/\/guialimeira.com.br\/news\/wp-json\/wp\/v2\/tags?post=2255"}],"curies":[{"name":"wp","href":"https:\/\/api.w.org\/{rel}","templated":true}]}}