{"id":22532,"date":"2025-02-03T16:53:28","date_gmt":"2025-02-03T19:53:28","guid":{"rendered":"https:\/\/guialimeira.com.br\/2025\/02\/03\/emergencias-dos-hospitais-do-andarai-e-cardoso-fontes-sao-reabertas\/"},"modified":"2025-02-03T16:53:28","modified_gmt":"2025-02-03T19:53:28","slug":"emergencias-dos-hospitais-do-andarai-e-cardoso-fontes-sao-reabertas","status":"publish","type":"post","link":"https:\/\/guialimeira.com.br\/news\/emergencias-dos-hospitais-do-andarai-e-cardoso-fontes-sao-reabertas\/","title":{"rendered":"Emerg\u00eancias dos hospitais do Andara\u00ed e Cardoso Fontes s\u00e3o reabertas"},"content":{"rendered":"<p> <br \/>\n<\/p>\n<div>\n<p>As emerg\u00eancias dos hospitais do Andara\u00ed e Cardoso Fontes, nas zonas norte e oeste do Rio de Janeiro, foram reabertas nesta segunda-feira (3). Segundo a prefeitura da cidade, a reabertura vai ampliar a oferta de assist\u00eancia hospitalar. A medida tamb\u00e9m faz parte de um cronograma de revitaliza\u00e7\u00e3o completa dos hospitais, que j\u00e1 receberam melhorias desde a <a href=\"https:\/\/agenciabrasil.ebc.com.br\/politica\/noticia\/2024-12\/prefeitura-do-rio-assumira-gestao-de-dois-hospitais-federais\" target=\"_blank\" rel=\"noopener\">transi\u00e7\u00e3o administrativa entre governo federal e munic\u00edpio<\/a>, formalizada em dezembro de 2024.<img data-recalc-dims=\"1\" decoding=\"async\" src=\"https:\/\/i0.wp.com\/agenciabrasil.ebc.com.br\/ebc.png?w=696&#038;ssl=1\" style=\"width:1px; height:1px; display:inline;\"\/><img data-recalc-dims=\"1\" decoding=\"async\" src=\"https:\/\/i0.wp.com\/agenciabrasil.ebc.com.br\/ebc.gif?w=696&#038;ssl=1\" style=\"width:1px; height:1px; display:inline;\"\/><\/p>\n<p>As a\u00e7\u00f5es para a reabertura dos servi\u00e7os incluem reparos emergenciais, reforma de salas e consult\u00f3rios, limpeza das instala\u00e7\u00f5es e contrata\u00e7\u00e3o de 370 profissionais de sa\u00fade ao todo, entre m\u00e9dicos e enfermeiros.\u00a0<\/p>\n<p>Em um primeiro momento, os servi\u00e7os funcionar\u00e3o em espa\u00e7os provis\u00f3rios. Com as obras, que t\u00eam conclus\u00e3o prevista para o primeiro semestre de 2026, as unidades contar\u00e3o com centros de Emerg\u00eancia Regional, nos mesmos moldes dos grandes hospitais de urg\u00eancia e emerg\u00eancia da rede municipal, al\u00e9m de ambulat\u00f3rios e servi\u00e7os de alta complexidade.<\/p>\n<p>\u201cHoje reabrimos duas emerg\u00eancias fundamentais para a cidade do Rio. O Hospital do Andara\u00ed \u00e9 uma unidade com mais de 80 anos e \u00e9 essencial para essa regi\u00e3o da cidade. Com a reabertura, ser\u00e1 poss\u00edvel oferecer atendimento com maior qualidade \u00e0 popula\u00e7\u00e3o. Quando a emerg\u00eancia do Andara\u00ed fechou, o Hospital Souza Aguiar ficou sobrecarregado. Al\u00e9m disso, quando a emerg\u00eancia do Cardoso Fontes foi restrita, o Hospital Louren\u00e7o Jorge tamb\u00e9m teve sobrecarga. Ent\u00e3o, mesmo sendo em um espa\u00e7o tempor\u00e1rio, \u00e9 muito importante que esses dois hospitais voltem a ter emerg\u00eancia para aliviar os atendimentos de outras unidades\u201d, disse o secret\u00e1rio municipal de Sa\u00fade, Daniel Soranz.<\/p>\n<p>As novas emerg\u00eancias t\u00eam capacidade para 400 atendimentos di\u00e1rios cada. Com o fim das obras, a expectativa \u00e9 que, juntos, os hospitais tenham capacidade para quase 500 mil procedimentos por ano. O Hospital do Andara\u00ed, que hoje tem cerca de 300 leitos, passar\u00e1 a ter 450, e o Cardoso Fontes, que conta com 120 leitos, chegar\u00e1 a 250. Com isso, as unidades ter\u00e3o 700 leitos no total.<\/p>\n<p>No Hospital do Andara\u00ed, o cronograma de entregas inclui reformas das enfermarias, moderniza\u00e7\u00e3o dos centros de imagem, do parque tecnol\u00f3gico e outras readequa\u00e7\u00f5es estruturais. J\u00e1 no Hospital Cardoso Fontes, o planejamento prev\u00ea a abertura de uma nova ala pedi\u00e1trica, um novo centro de imagem e melhorias nos Centros de Tratamento Intensivo (CTI), al\u00e9m da revitaliza\u00e7\u00e3o das instala\u00e7\u00f5es.<\/p>\n<h2>Hospital do Andara\u00ed<\/h2>\n<p>O Hospital do Andara\u00ed \u00e9 refer\u00eancia em assist\u00eancia m\u00e9dica na regi\u00e3o da Grande Tijuca. Como unidade de m\u00e9dia e alta complexidade, oferece atendimento hospitalar, ambulatorial e de emerg\u00eancia referenciada, incluindo cuidados oncol\u00f3gicos. Entre seus servi\u00e7os, destacam-se microcirurgia, cirurgia pl\u00e1stica, suporte a grandes traumas e um Centro de Tratamento de Queimados, acompanhando os pacientes desde a regula\u00e7\u00e3o at\u00e9 a interven\u00e7\u00e3o cir\u00fargica.<\/p>\n<h2>Hospital Cardoso Fontes<\/h2>\n<p>O Hospital Cardoso Fontes \u00e9 uma refer\u00eancia em atendimento de m\u00e9dia e alta complexidade na zona oeste da cidade. A unidade se destaca por sua atua\u00e7\u00e3o em fisioterapia oncol\u00f3gica, ginecologia, nefrologia \u2013 incluindo tratamentos para crian\u00e7as com insufici\u00eancia renal \u2013, pneumologia e urologia. Al\u00e9m disso, seu servi\u00e7o odontol\u00f3gico para pacientes que necessitam de cuidados especiais, com aplica\u00e7\u00e3o de anestesia geral, \u00e9 um dos principais referenciais do Sistema \u00danico de Sa\u00fade no estado.<\/p>\n<p>      <!-- Relacionada --><\/p>\n<p>            <!-- Relacionada -->\n    <\/div>\n<p><br \/>\n<br \/><a href=\"https:\/\/agenciabrasil.ebc.com.br\/saude\/noticia\/2025-02\/emergencias-dos-hospitais-do-andarai-e-cardoso-fontes-sao-reabertas\" rel=\"noopener\">Ag\u00eancia Brasil <\/a><\/p>\n","protected":false},"excerpt":{"rendered":"<p>As emerg\u00eancias dos hospitais do Andara\u00ed e Cardoso Fontes, nas zonas norte e oeste do Rio de Janeiro, foram reabertas nesta segunda-feira (3). Segundo a prefeitura da cidade, a reabertura vai ampliar a oferta de assist\u00eancia hospitalar. A medida tamb\u00e9m faz parte de um cronograma de revitaliza\u00e7\u00e3o completa dos hospitais, que j\u00e1 receberam melhorias desde [&hellip;]<\/p>\n","protected":false},"author":1,"featured_media":21343,"comment_status":"open","ping_status":"open","sticky":false,"template":"","format":"standard","meta":{"_jetpack_newsletter_access":"","_jetpack_dont_email_post_to_subs":false,"_jetpack_newsletter_tier_id":0,"_jetpack_memberships_contains_paywalled_content":false,"_mbp_banners":[],"_jetpack_feature_clip_id":0,"_jetpack_memberships_contains_paid_content":false,"footnotes":"","jetpack_publicize_message":"","jetpack_publicize_feature_enabled":true,"jetpack_social_post_already_shared":true,"jetpack_social_options":{"image_generator_settings":{"template":"highway","default_image_id":0,"font":"","enabled":false},"version":2},"jetpack_post_was_ever_published":false},"categories":[15],"tags":[],"class_list":["post-22532","post","type-post","status-publish","format-standard","has-post-thumbnail","category-saude"],"jetpack_publicize_connections":[],"jetpack-related-posts":[],"jetpack_shortlink":"https:\/\/wp.me\/p7Eq1F-5Rq","jetpack_sharing_enabled":true,"jetpack_featured_media_url":"https:\/\/i0.wp.com\/guialimeira.com.br\/news\/wp-content\/uploads\/2025\/01\/ffraz_abr_10061916730.jpg?fit=1600%2C800&ssl=1","_links":{"self":[{"href":"https:\/\/guialimeira.com.br\/news\/wp-json\/wp\/v2\/posts\/22532","targetHints":{"allow":["GET"]}}],"collection":[{"href":"https:\/\/guialimeira.com.br\/news\/wp-json\/wp\/v2\/posts"}],"about":[{"href":"https:\/\/guialimeira.com.br\/news\/wp-json\/wp\/v2\/types\/post"}],"author":[{"embeddable":true,"href":"https:\/\/guialimeira.com.br\/news\/wp-json\/wp\/v2\/users\/1"}],"replies":[{"embeddable":true,"href":"https:\/\/guialimeira.com.br\/news\/wp-json\/wp\/v2\/comments?post=22532"}],"version-history":[{"count":0,"href":"https:\/\/guialimeira.com.br\/news\/wp-json\/wp\/v2\/posts\/22532\/revisions"}],"wp:featuredmedia":[{"embeddable":true,"href":"https:\/\/guialimeira.com.br\/news\/wp-json\/wp\/v2\/media\/21343"}],"wp:attachment":[{"href":"https:\/\/guialimeira.com.br\/news\/wp-json\/wp\/v2\/media?parent=22532"}],"wp:term":[{"taxonomy":"category","embeddable":true,"href":"https:\/\/guialimeira.com.br\/news\/wp-json\/wp\/v2\/categories?post=22532"},{"taxonomy":"post_tag","embeddable":true,"href":"https:\/\/guialimeira.com.br\/news\/wp-json\/wp\/v2\/tags?post=22532"}],"curies":[{"name":"wp","href":"https:\/\/api.w.org\/{rel}","templated":true}]}}