{"id":2251,"date":"2024-04-21T12:44:58","date_gmt":"2024-04-21T15:44:58","guid":{"rendered":"https:\/\/guialimeira.com.br\/2024\/04\/21\/cidade-sitiada-brasileiro-e-haitiano-contam-rotina-em-porto-principe\/"},"modified":"2024-04-21T12:44:58","modified_gmt":"2024-04-21T15:44:58","slug":"cidade-sitiada-brasileiro-e-haitiano-contam-rotina-em-porto-principe","status":"publish","type":"post","link":"https:\/\/guialimeira.com.br\/news\/cidade-sitiada-brasileiro-e-haitiano-contam-rotina-em-porto-principe\/","title":{"rendered":"Cidade sitiada: brasileiro e haitiano contam rotina em Porto Pr\u00edncipe"},"content":{"rendered":"<p> <br \/>\n<\/p>\n<div>\n<p>Com dezenas de conhecidos assassinados ou sequestrados em Porto Pr\u00edncipe, o brasileiro Werner Garbens, de 37 anos, e h\u00e1 12 anos no Haiti, relatou \u00e0 <strong>Ag\u00eancia Brasil<\/strong> como \u00e9 viver na cidade, controlada quase que completamente por gangues fortemente armadas.<img data-recalc-dims=\"1\" decoding=\"async\" src=\"https:\/\/i0.wp.com\/agenciabrasil.ebc.com.br\/ebc.png?w=696&#038;ssl=1\" style=\"width:1px; height:1px; display:inline;\"\/><img data-recalc-dims=\"1\" decoding=\"async\" src=\"https:\/\/i0.wp.com\/agenciabrasil.ebc.com.br\/ebc.gif?w=696&#038;ssl=1\" style=\"width:1px; height:1px; display:inline;\"\/><\/p>\n<p>\u201cS\u00e3o dezenas de pessoas que conhe\u00e7o que, ou foram v\u00edtimas fatais, ou foram sequestradas. S\u00f3 de pessoas de um circuito de conhecidos mais pr\u00f3ximo, conhe\u00e7o umas dez que foram sequestradas. De amigos mesmo, tenho tr\u00eas que foram sequestrados\u201d, revelou. O sequestro \u00e9 umas das principais atividades dos grupos criminosos da regi\u00e3o.<\/p>\n<p>O haitiano Bruno Saint-Hubert, tamb\u00e9m de 37 anos, advogado e pequeno agricultor, vive no centro da capital com a mulher e o filho de 3\u00a0anos. Ele milita no movimento de pequenos agricultores haitianos T\u00e8t Kole Ti Peyizan Ayisyen que, em portugu\u00eas, significa A Cabe\u00e7a do Pequeno Campon\u00eas Haitiano e tamb\u00e9m fala sobre a vida na capital.<\/p>\n<div class=\"dnd-widget-wrapper context-cheio_8colunas type-image\">\n<div class=\"dnd-atom-rendered\"><!-- scald=381562:cheio_8colunas --><\/p>\n<div class=\"shadow overflow-hidden rounded-lg d-block w-100\">\n            <img data-recalc-dims=\"1\" decoding=\"async\" src=\"https:\/\/i0.wp.com\/agenciabrasil.ebc.com.br\/sites\/default\/files\/thumbnails\/image\/loading_v2.gif?w=696&#038;ssl=1\" data-echo=\"https:\/\/imagens.ebc.com.br\/RgLqQl6ma7dt_GUuGQ9p8muY2r0=\/754x0\/smart\/https:\/\/agenciabrasil.ebc.com.br\/sites\/default\/files\/thumbnails\/image\/2024\/04\/20\/mobilizacao_dos_camponses_do_grupo_de_bruno-3.jpg?itok=CXVBF3jI\" alt=\"Haiti,  Porto Pr\u00edncipe 20\/04\/2024 Brasileiro e haitiano contam rotina em Porto Pr\u00edncipe: cidade sitiada. Mobilizac\u0327a\u0303o dos camponses do grupo de Bruno) Fotos Arquivo Pessoa.\" title=\"Fotos Arquivo Pessoa.\" class=\"flex-fill img-cover\"\/><br \/>\n        <img data-recalc-dims=\"1\" decoding=\"async\" src=\"https:\/\/i0.wp.com\/imagens.ebc.com.br\/RgLqQl6ma7dt_GUuGQ9p8muY2r0%3D\/754x0\/smart\/https%3A\/\/agenciabrasil.ebc.com.br\/sites\/default\/files\/thumbnails\/image\/2024\/04\/20\/mobilizacao_dos_camponses_do_grupo_de_bruno-3.jpg?w=696&#038;ssl=1\" alt=\"Haiti,  Porto Pr\u00edncipe 20\/04\/2024 Brasileiro e haitiano contam rotina em Porto Pr\u00edncipe: cidade sitiada. Mobilizac\u0327a\u0303o dos camponses do grupo de Bruno) Fotos Arquivo Pessoa.\" title=\"Fotos Arquivo Pessoa.\" class=\"flex-fill img-cover\"\/>\n    <\/div>\n<p><!-- END scald=381562 --><\/div>\n<div class=\"dnd-caption-wrapper\">\n<p>Porto Pr\u00edncipe (Haiti) &#8211; Mobiliza\u00e7\u00e3o de camponeses em Porto Pr\u00edncipe,\u00a0cidade sitiada pelas gangues.- <strong>Fotos Arquivo Pessoal<\/strong><!--END copyright=381562--><\/p>\n<\/div>\n<\/div>\n<p>\u201cAs gangues aterrorizam a popula\u00e7\u00e3o, roubam algumas coisas, dinheiro, telefone, laptop, e tamb\u00e9m estupram mulheres e meninas. A popula\u00e7\u00e3o vive com grande medo. As popula\u00e7\u00f5es n\u00e3o saem. As escolas, as universidades est\u00e3o fechadas. A vida do capital \u00e9 muito dif\u00edcil\u201d, contou\u00a0Bruno.<\/p>\n<p>O haitiano Bruno Saint-Hubert aprendeu a falar portugu\u00eas quando veio ao Brasil, em 2013, fazer um curso de agroecologia com o Movimento dos Trabalhadores Rurais Sem Terra (MST), no Paran\u00e1. Bruno j\u00e1 perdeu amigos e familiares para a viol\u00eancia, diz que \u00e9 preciso estocar comida para n\u00e3o precisar sair de casa e relata que, em muitos pontos da cidade, as gangues andam exibindo suas armas.<\/p>\n<p>\u201cA liberdade de circular em Porto Pr\u00edncipe est\u00e1 quase perdida. Posso dizer que a cidade interna tem gangues. \u00c9 uma capital quase paralisada\u201d, comentou. Desde o agravamento da crise das \u00faltimas semanas, que levou \u00e0\u00a0<a href=\"https:\/\/agenciabrasil.ebc.com.br\/internacional\/noticia\/2024-03\/primeiro-ministro-do-haiti-anuncia-renuncia-ao-cargo\" target=\"_blank\" rel=\"noopener\">ren\u00fancia do ent\u00e3o primeiro-ministro Ariel Henry<\/a>, o aeroporto e o porto da cidade est\u00e3o fechados.<\/p>\n<p>Sitiada, a popula\u00e7\u00e3o civil de Porto Pr\u00edncipe aguarda enquanto o novo Conselho Presidencial de Transi\u00e7\u00e3o, criado h\u00e1 pouco mais de uma semana, d\u00e1 os primeiros passos para tentar reorganizar o pa\u00eds e\u00a0convocar elei\u00e7\u00f5es, agora prometidas para 2025. O pa\u00eds est\u00e1 h\u00e1 sete anos sem realizar elei\u00e7\u00f5es.<\/p>\n<h2>O haitiano<\/h2>\n<p>Bruno Sant-Hubert atua na forma\u00e7\u00e3o pol\u00edtica da organiza\u00e7\u00e3o que re\u00fane 80 mil camponeses haitianos. Diz que muitos companheiros e familiares j\u00e1 sugeriram a imigra\u00e7\u00e3o do pa\u00eds, mas que est\u00e1 decidido a continuar no Haiti.<\/p>\n<div class=\"dnd-widget-wrapper context-medio_4colunas type-image atom-align-left\">\n<div class=\"dnd-atom-rendered\"><!-- scald=381561:medio_4colunas {\"additionalClasses\":\"\"} --><\/p>\n<div class=\"shadow overflow-hidden rounded-lg d-block w-100\">\n            <img data-recalc-dims=\"1\" decoding=\"async\" src=\"https:\/\/i0.wp.com\/agenciabrasil.ebc.com.br\/sites\/default\/files\/thumbnails\/image\/loading_v2.gif?w=696&#038;ssl=1\" data-echo=\"https:\/\/imagens.ebc.com.br\/u9JtM2SRNv08UxJTux1iP6l3U50=\/365x0\/smart\/https:\/\/agenciabrasil.ebc.com.br\/sites\/default\/files\/thumbnails\/image\/2024\/04\/20\/haitiano_bruno-2.jpg?itok=53Yl_dnH\" alt=\"Haiti,  Porto Pr\u00edncipe 20\/04\/2024 Brasileiro e haitiano contam rotina em Porto Pr\u00edncipe: cidade sitiada. (haitiano Bruno Saint-Huber) Fotos Arquivo Pessoa.\" title=\"Fotos Arquivo Pessoa.\" class=\"flex-fill img-cover\"\/><br \/>\n        <img data-recalc-dims=\"1\" decoding=\"async\" src=\"https:\/\/i0.wp.com\/imagens.ebc.com.br\/u9JtM2SRNv08UxJTux1iP6l3U50%3D\/365x0\/smart\/https%3A\/\/agenciabrasil.ebc.com.br\/sites\/default\/files\/thumbnails\/image\/2024\/04\/20\/haitiano_bruno-2.jpg?w=696&#038;ssl=1\" alt=\"Haiti,  Porto Pr\u00edncipe 20\/04\/2024 Brasileiro e haitiano contam rotina em Porto Pr\u00edncipe: cidade sitiada. (haitiano Bruno Saint-Huber) Fotos Arquivo Pessoa.\" title=\"Fotos Arquivo Pessoa.\" class=\"flex-fill img-cover\"\/>\n    <\/div>\n<p><!-- END scald=381561 --><\/div>\n<div class=\"dnd-caption-wrapper\">\n<p>Porto Pr\u00edncipe (Haiti) &#8211; O haitiano Bruno Saint-Huber fala sobre a vida na capital haitiana, cidade sitiada por gangues &#8211;\u00a0<strong>Foto\u00a0Arquivo Pessoal.<\/strong><!--END copyright=381561--><\/p>\n<\/div>\n<\/div>\n<p>\u201cTenho que ficar no Haiti para fazer milit\u00e2ncia, para lutar, para ajudar o pa\u00eds a sair dessa situa\u00e7\u00e3o dif\u00edcil. Porque se todo mundo migrar, quem vai resolver esse problema?\u201d, questionou, acrescentando que espera ajudar na organiza\u00e7\u00e3o dos camponeses \u201cpara maior consci\u00eancia de classe e para defender a categoria\u00a0de trabalhadores\u201d.<\/p>\n<p>Sant-Hubert acredita que, para o Haiti sair dessa situa\u00e7\u00e3o, \u00e9 preciso que a comunidade internacional pare de interferir no pa\u00eds. \u201cPorque o problema do Haiti, na verdade, \u00e9 a comunidade internacional que, em cada momento, interfere. Tem que parar de interferir\u201d, afirma.<\/p>\n<p>\u201cSobre a quest\u00e3o militar, n\u00f3s precisamos do apoio t\u00e9cnico para a pol\u00edcia. Mas n\u00e3o precisa de interven\u00e7\u00e3o militar. Porque o Haiti j\u00e1 tomou v\u00e1rias interven\u00e7\u00f5es militares. Isso n\u00e3o muda nada\u201d, lamentou.<\/p>\n<p>Bruno acrescentou que a popula\u00e7\u00e3o civil quer combater as gangues, mas diz que falta vontade pol\u00edtica das autoridades para combat\u00ea-las. Ele ainda comentou sobre as brigadas de autodefesa presentes em algumas comunidades. S\u00e3o grupos armados que, diferentemente das gangues, atuam na defesa das comunidades.<\/p>\n<p>\u201cH\u00e1\u00a0alguns bairros que t\u00eam grupos de autodefesa para fazer resist\u00eancia contra as gangues. E as gangues, quando\u00a0sabem que t\u00eam grupos de autodefesa, n\u00e3o podem ir\u201d, completou.<\/p>\n<h2>O brasileiro<\/h2>\n<p>O brasileiro Werner Garbers \u00e9 professor, pesquisador, jornalista e diretor do Centro Cultural Brasil-Haiti, ligado \u00e0\u00a0embaixada do Brasil no pa\u00eds caribenho. Ele foi ao pa\u00eds porque esse era seu principal tema de pesquisa. \u201cPercebi que para estudar o Haiti precisava viver aqui\u201d, disse.<\/p>\n<p>Nascido em S\u00e3o Paulo, Garbers relatou que a viol\u00eancia \u00e9 generalizada na cidade e que, \u00a0h\u00e1 uns 15 dias, houve\u00a0um massacre de jovens a\u00a0300 metros da sua casa. \u201cEram v\u00e1rios jovens e eu sabia que eles\u00a0pediam dinheiro na rua\u201d.<\/p>\n<div class=\"dnd-widget-wrapper context-medio_4colunas type-image atom-align-right\">\n<div class=\"dnd-atom-rendered\"><!-- scald=381563:medio_4colunas {\"additionalClasses\":\"\"} --><\/p>\n<div class=\"shadow overflow-hidden rounded-lg d-block w-100\">\n            <img data-recalc-dims=\"1\" decoding=\"async\" src=\"https:\/\/i0.wp.com\/agenciabrasil.ebc.com.br\/sites\/default\/files\/thumbnails\/image\/loading_v2.gif?w=696&#038;ssl=1\" data-echo=\"https:\/\/imagens.ebc.com.br\/6ARgWyREo_BHYhC2zZS3U-9_Bxk=\/365x0\/smart\/https:\/\/agenciabrasil.ebc.com.br\/sites\/default\/files\/thumbnails\/image\/2024\/04\/20\/motif_mizik-4.jpg?itok=DvH6wwW4\" alt=\"Haiti,  Porto Pr\u00edncipe 20\/04\/2024 Brasileiro e haitiano contam rotina em Porto Pr\u00edncipe: cidade sitiada. (Roda Brasil Haiti.) Fotos Arquivo Pessoa.\" title=\"Fotos Arquivo Pessoa.\" class=\"flex-fill img-cover\"\/><br \/>\n        <img data-recalc-dims=\"1\" decoding=\"async\" src=\"https:\/\/i0.wp.com\/imagens.ebc.com.br\/6ARgWyREo_BHYhC2zZS3U-9_Bxk%3D\/365x0\/smart\/https%3A\/\/agenciabrasil.ebc.com.br\/sites\/default\/files\/thumbnails\/image\/2024\/04\/20\/motif_mizik-4.jpg?w=696&#038;ssl=1\" alt=\"Haiti,  Porto Pr\u00edncipe 20\/04\/2024 Brasileiro e haitiano contam rotina em Porto Pr\u00edncipe: cidade sitiada. (Roda Brasil Haiti.) Fotos Arquivo Pessoa.\" title=\"Fotos Arquivo Pessoa.\" class=\"flex-fill img-cover\"\/>\n    <\/div>\n<p><!-- END scald=381563 --><\/div>\n<div class=\"dnd-caption-wrapper\">\n<p>Porto Pr\u00edncipe (Haiti) &#8211; O brasileiro Werner Garbens\u00a0conta\u00a0rotina na capital haitiana &#8211; <strong>Fotos Arquivo Pessoal<\/strong><!--END copyright=381563--><\/p>\n<\/div>\n<\/div>\n<p>O brasileiro vive em Petion-Ville, cidade na regi\u00e3o metropolitana de Porto Pr\u00edncipe, que fica a\u00a0cerca de 15 minutos de carro do centro da capital. Ele disse que o local j\u00e1 foi considerado \u201cde elite\u201d, mas que hoje se popularizou. Segundo Werner, o local em que mora\u00a0tem gangues, mas n\u00e3o \u00e9 das mais perigosas.<\/p>\n<p>Ainda assim, ele participa de seis grupos de aplicativo de mensagem s\u00f3 de seguran\u00e7a. \u201cAlgumas vezes, passo mais de dez\u00a0dias sem sair de casa aqui em Petion-Ville. At\u00e9 para comprar comida ali no mercado pode ser perigoso, s\u00e3o 500 metros daqui\u201d, disse, acrescentando que est\u00e1 h\u00e1 mais de dois meses e meio sem ir ao centro de Porto Pr\u00edncipe.<\/p>\n<p>O brasileiro lembrou que antes n\u00e3o era assim e que a situa\u00e7\u00e3o vem piorando gradativamente desde 2018. \u201cEram gangues localizadas em tr\u00eas regi\u00f5es, uma coisa muito simples. Hoje n\u00e3o, est\u00e1 muito pior. Hoje, perto daquilo \u00e9 um pandem\u00f4nio\u201d, destacou.<\/p>\n<p>\u201cO centro da cidade nesses dias est\u00e1 terr\u00edvel. O cora\u00e7\u00e3o da cidade, que sempre frequentei sem grandes receios, tem pr\u00e9dios p\u00fablicos fundamentais do pa\u00eds, tudo abandonado, sem ningu\u00e9m, ruas vazias\u201d, completou.<\/p>\n<p>O Centro Cultural Brasil-Haiti, que Werner coordena, promove eventos culturais para a comunidade local. Ele disse que, mesmo com as dificuldades, fez 35 eventos no ano passado, reunindo, ao todo, cerca de 4,5 mil pessoas.<\/p>\n<p>\u201cO Centro Cultural Brasil do Haiti \u00e9 uma das cinco institui\u00e7\u00f5es na \u00e1rea da cultura mais agitadas da capital. Isso faz com que v\u00e1rias pessoas busquem o nosso espa\u00e7o. Tem curso de dan\u00e7as brasileiras e\u00a0haitianas. Ent\u00e3o, as pessoas v\u00eam at\u00e9 por uma quest\u00e3o de sa\u00fade mental. A gente tematiza depress\u00e3o, ansiedade, luto e medo\u201d, detalhou.<\/p>\n<h2>O Brasil no Haiti<\/h2>\n<p>Tanto o brasileiro, quanto o haitiano\u00a0reconhecem que o Brasil goza de prest\u00edgio entre a popula\u00e7\u00e3o local, principalmente devido ao futebol que, desde Pel\u00e9, encanta o povo haitiano.<\/p>\n<div class=\"dnd-widget-wrapper context-cheio_8colunas type-image\">\n<div class=\"dnd-atom-rendered\"><!-- scald=381560:cheio_8colunas --><\/p>\n<div class=\"shadow overflow-hidden rounded-lg d-block w-100\">\n            <img data-recalc-dims=\"1\" decoding=\"async\" src=\"https:\/\/i0.wp.com\/agenciabrasil.ebc.com.br\/sites\/default\/files\/thumbnails\/image\/loading_v2.gif?w=696&#038;ssl=1\" data-echo=\"https:\/\/imagens.ebc.com.br\/kjgYY6KegkYP4BoKDPOtgasEJsE=\/754x0\/smart\/https:\/\/agenciabrasil.ebc.com.br\/sites\/default\/files\/thumbnails\/image\/2024\/04\/20\/capoeira_no_ccbh-1.jpg?itok=U_LRm1Eh\" alt=\"Haiti,  Porto Pr\u00edncipe 20\/04\/2024 Brasileiro e haitiano contam rotina em Porto Pr\u00edncipe: cidade sitiada. ( Atividade de Capoeira) Fotos Arquivo Pessoa.\" title=\"Fotos Arquivo Pessoa.\" class=\"flex-fill img-cover\"\/><br \/>\n        <img data-recalc-dims=\"1\" decoding=\"async\" src=\"https:\/\/i0.wp.com\/imagens.ebc.com.br\/kjgYY6KegkYP4BoKDPOtgasEJsE%3D\/754x0\/smart\/https%3A\/\/agenciabrasil.ebc.com.br\/sites\/default\/files\/thumbnails\/image\/2024\/04\/20\/capoeira_no_ccbh-1.jpg?w=696&#038;ssl=1\" alt=\"Haiti,  Porto Pr\u00edncipe 20\/04\/2024 Brasileiro e haitiano contam rotina em Porto Pr\u00edncipe: cidade sitiada. ( Atividade de Capoeira) Fotos Arquivo Pessoa.\" title=\"Fotos Arquivo Pessoa.\" class=\"flex-fill img-cover\"\/>\n    <\/div>\n<p><!-- END scald=381560 --><\/div>\n<div class=\"dnd-caption-wrapper\">\n<p>Porto Pr\u00edncipe (Haiti) Brasileiro e haitiano contam rotina em Porto Pr\u00edncipe,\u00a0cidade sitiada por gangues &#8211;\u00a0<strong>Foto\u00a0Arquivo Pessoal<\/strong><!--END copyright=381560--><\/p>\n<\/div>\n<\/div>\n<p>Por outro lado, eles afirmam que o pa\u00eds perdeu parte do prest\u00edgio que tinha ap\u00f3s liderar a <a href=\"https:\/\/agenciabrasil.ebc.com.br\/geral\/noticia\/2017-10\/onu-encerra-missao-no-haiti-comandada-pelo-brasil\" target=\"_blank\" rel=\"noopener\">Minustah<\/a>, a \u00faltima interven\u00e7\u00e3o militar internacional feita no Haiti sob o\u00a0controle da Organiza\u00e7\u00e3o das\u00a0Na\u00e7\u00f5es Unidas (ONU). A miss\u00e3o durou 13 anos, acabando em 2017.<\/p>\n<p>Bruno Sant-Hubert destacou que a miss\u00e3o deixou muitas lembran\u00e7as ruins, principalmente por causa da epidemia de c\u00f3lera que vitimou milhares de pessoas e pelos supostos abusos cometidos pelos militares. As den\u00fancias v\u00e3o desde massacres contra civis desarmados at\u00e9 estupros.<\/p>\n<p>\u201cLembro-me de muitas coisas ruins que a Minustah fez durante a interven\u00e7\u00e3o. Morrem cerca de 15 mil pessoas de c\u00f3lera. E tamb\u00e9m estupraram meninas e meninos. Deixaram muitos, muitos, muitos filhos sem pai\u201d, afirmou.<\/p>\n<p>A ONU n\u00e3o reconhece que a c\u00f3lera foi trazida pela miss\u00e3o, mas acredita que teria sido causada por uma <a href=\"http:\/\/\u00a0https:\/\/brasil.un.org\/pt-br\/54885-onu-aponta-causas-da-epidemia-do-c%C3%B3lera-no-haiti\" target=\"_blank\" rel=\"noopener\">\u201cconflu\u00eancia de circunst\u00e2ncias\u201d<\/a>.<\/p>\n<p>Apesar das lembran\u00e7as ruins, Bruno diz que o povo haitiano \u201cama o povo brasileiro, muito por causa do futebol. E tamb\u00e9m no Haiti h\u00e1\u00a0muitas pessoas que gostam do presidente Lula\u201d. Por\u00e9m, o pequeno agricultor acredita que Lula tem uma d\u00edvida \u201cmoral e hist\u00f3rica\u201d com o Haiti pelos resultados ruins da Minustah.<\/p>\n<p>\u201cAcho tamb\u00e9m que Lula n\u00e3o deve deixar esse mandato sem pagar essa d\u00favida moral e hist\u00f3rica com o Haiti. Por isso, o presidente deve for\u00e7ar as Na\u00e7\u00f5es Unidas a assumir a responsabilidade sobre a quest\u00e3o da\u00a0c\u00f3lera\u201d, acrescentou.\u00a0<\/p>\n<p>Nessa semana, em visita \u00e0 Col\u00f4mbia, o presidente Lula conversou sobre o Haiti com o <a href=\"https:\/\/agenciabrasil.ebc.com.br\/internacional\/noticia\/2024-04\/colombia-propoe-garantia-de-vida-quem-perder-eleicao-na-venezuela\u00a0\" target=\"_blank\" rel=\"noopener\">presidente colombiano<\/a>, Gustavo Petro.\u00a0Eles discutiram\u00a0como os dois pa\u00edses poderiam ajudar a na\u00e7\u00e3o caribenha.\u00a0<\/p>\n<p>Para o brasileiro Werner Garbers, o povo haitiano enxerga no Brasil o pa\u00eds de negros que deu certo e, desde Pel\u00e9,\u00a0tem grande admira\u00e7\u00e3o pelo futebol da sele\u00e7\u00e3o. Ele cita tamb\u00e9m o Jogo da Paz, de 2004, quando a sele\u00e7\u00e3o brasileira jogou contra o Haiti, em Porto Pr\u00edncipe, como outro marco da rela\u00e7\u00e3o entre os pa\u00edses.<\/p>\n<p>Garbers acredita que a imagem do Brasil foi desgastada pela Minustah, mas n\u00e3o completamente. Diz que al\u00e9m de o pa\u00eds promover parcerias no Haiti que aliviam sua imagem, o povo haitiano entende que quem mandava na miss\u00e3o eram os Estados Unidos. \u00a0<\/p>\n<p>\u201cTudo isso fez o Brasil se manter mais ou menos em um espa\u00e7o de n\u00e3o total desprest\u00edgio e tamb\u00e9m de n\u00e3o total responsabiliza\u00e7\u00e3o pelo que aconteceu. O Brasil n\u00e3o \u00e9 considerado o principal respons\u00e1vel, isso n\u00e3o\u201d, disse.\u00a0\u201c\u00c9\u00a0diferente, por exemplo, dos Estados Unidos, que nem podem colocar a cara aqui\u201d.<\/p>\n<h2>Fome<\/h2>\n<p>Al\u00e9m da viol\u00eancia, a fome \u00e9 outra\u00a0face da crise haitiana. O Haiti vive \u201cuma das crises alimentares mais graves do mundo\u201d com quase metade da popula\u00e7\u00e3o (4,3 milh\u00f5es de 11,7 milh\u00f5es de habitantes) vivendo em situa\u00e7\u00e3o de \u201cfome aguda\u201d, segundo o Programa Mundial de Alimentos (PMA).<\/p>\n<div class=\"dnd-widget-wrapper context-cheio_8colunas type-image\">\n<div class=\"dnd-atom-rendered\"><!-- scald=377136:cheio_8colunas --><\/p>\n<div class=\"shadow overflow-hidden rounded-lg d-block w-100\">\n            <img data-recalc-dims=\"1\" decoding=\"async\" src=\"https:\/\/i0.wp.com\/agenciabrasil.ebc.com.br\/sites\/default\/files\/thumbnails\/image\/loading_v2.gif?w=696&#038;ssl=1\" data-echo=\"https:\/\/imagens.ebc.com.br\/6IL2TCz9G9cM6EqKSQXy2KL47tI=\/754x0\/smart\/https:\/\/agenciabrasil.ebc.com.br\/sites\/default\/files\/thumbnails\/image\/2024\/03\/22\/2024-03-22t112316z_1_lynxnpek2l0eq_rtroptp_4_haiti-violence.jpg?itok=uGNXJqfp\" alt=\"Pessoas caminham em rua de Porto Pr\u00edncipe&#13;&#10; 19\/3\/2024    REUTERS\/Ralph Tedy Erol\" title=\"REUTERS\/Ralph Tedy Erol\" class=\"flex-fill img-cover\"\/><br \/>\n        <img data-recalc-dims=\"1\" decoding=\"async\" src=\"https:\/\/i0.wp.com\/imagens.ebc.com.br\/6IL2TCz9G9cM6EqKSQXy2KL47tI%3D\/754x0\/smart\/https%3A\/\/agenciabrasil.ebc.com.br\/sites\/default\/files\/thumbnails\/image\/2024\/03\/22\/2024-03-22t112316z_1_lynxnpek2l0eq_rtroptp_4_haiti-violence.jpg?w=696&#038;ssl=1\" alt=\"Pessoas caminham em rua de Porto Pr\u00edncipe&#13;&#10; 19\/3\/2024    REUTERS\/Ralph Tedy Erol\" title=\"REUTERS\/Ralph Tedy Erol\" class=\"flex-fill img-cover\"\/>\n    <\/div>\n<p><!-- END scald=377136 --><\/div>\n<div class=\"dnd-caption-wrapper\">\n<p><!--copyright=377136-->Pessoas caminham em rua de Porto Pr\u00edncipe &#8211; Foto\u00a0<strong>REUTERS\/Ralph Tedy Erol<\/strong><!--END copyright=377136--><\/p>\n<\/div>\n<\/div>\n<p>Werner Garbers afirmou\u00a0que a fome \u00e9 muito presente nas ruas. \u201cTalvez [a fome] seja a parte da experi\u00eancia aqui mais triste mesmo, especialmente nos \u00faltimos anos\u201d, destacou.\u00a0&#8220;Vejo que o aluno est\u00e1 com fome,\u00a0com dificuldade, est\u00e1 cambaleando, isso pode ser visto no rosto\u00a0da pessoa\u201d.<\/p>\n<p>O brasileiro acrescentou que o custo de vida est\u00e1 muito elevado na capital at\u00e9 para ele, que tem emprego fixo e ainda faz trabalhos por fora. Diz ainda que \u00e9 muito abordado, nas ruas, e nas redes, por pessoas pedindo ajuda.<\/p>\n<p>\u201cS\u00e3o muitos pedidos. E aumentou gradualmente e est\u00e1 crescendo.\u00a0Saio na rua e \u00e9 muita gente pedindo\u201d, lamentou.<\/p>\n<p>O haitiano Bruno Sant-Hubert, que cultivava a terra no Norte do pa\u00eds antes de se mudar para Porto Pr\u00edncipe, argumentou que as gangues t\u00eam impedido a entrada de alimentos.<\/p>\n<p>\u201cOs produtos locais n\u00e3o podem entrar na capital. Porque as gangues bloqueiam muitas estradas. Os produtos que conseguem entrar, s\u00e3o bem poucos. E por isso \u00e9 um pouco caro\u201d, afirmou.<\/p>\n<\/p><\/div>\n<p><br \/>\n<br \/><a href=\"https:\/\/agenciabrasil.ebc.com.br\/direitos-humanos\/noticia\/2024-04\/cidade-sitiada-brasileiro-e-haitiano-contam-rotina-em-porto-principe\" rel=\"noopener\">Ag\u00eancia Brasil<\/a><\/p>\n","protected":false},"excerpt":{"rendered":"<p>Com dezenas de conhecidos assassinados ou sequestrados em Porto Pr\u00edncipe, o brasileiro Werner Garbens, de 37 anos, e h\u00e1 12 anos no Haiti, relatou \u00e0 Ag\u00eancia Brasil como \u00e9 viver na cidade, controlada quase que completamente por gangues fortemente armadas. \u201cS\u00e3o dezenas de pessoas que conhe\u00e7o que, ou foram v\u00edtimas fatais, ou foram sequestradas. S\u00f3 [&hellip;]<\/p>\n","protected":false},"author":1,"featured_media":2252,"comment_status":"open","ping_status":"open","sticky":false,"template":"","format":"standard","meta":{"_jetpack_newsletter_access":"","_jetpack_dont_email_post_to_subs":false,"_jetpack_newsletter_tier_id":0,"_jetpack_memberships_contains_paywalled_content":false,"_mbp_banners":[],"_jetpack_feature_clip_id":0,"_jetpack_memberships_contains_paid_content":false,"footnotes":"","jetpack_publicize_message":"","jetpack_publicize_feature_enabled":true,"jetpack_social_post_already_shared":true,"jetpack_social_options":{"image_generator_settings":{"template":"highway","default_image_id":0,"font":"","enabled":false},"version":2},"jetpack_post_was_ever_published":false},"categories":[22],"tags":[],"class_list":["post-2251","post","type-post","status-publish","format-standard","has-post-thumbnail","category-nacional"],"jetpack_publicize_connections":[],"jetpack-related-posts":[],"jetpack_shortlink":"https:\/\/wp.me\/p7Eq1F-Aj","jetpack_sharing_enabled":true,"jetpack_featured_media_url":"https:\/\/i0.wp.com\/guialimeira.com.br\/news\/wp-content\/uploads\/2024\/04\/2021-07-07t135039z_363254465_rc2kfo9a3knl_rtrmadp_3_haiti-politics.jpg?fit=1600%2C800&ssl=1","_links":{"self":[{"href":"https:\/\/guialimeira.com.br\/news\/wp-json\/wp\/v2\/posts\/2251","targetHints":{"allow":["GET"]}}],"collection":[{"href":"https:\/\/guialimeira.com.br\/news\/wp-json\/wp\/v2\/posts"}],"about":[{"href":"https:\/\/guialimeira.com.br\/news\/wp-json\/wp\/v2\/types\/post"}],"author":[{"embeddable":true,"href":"https:\/\/guialimeira.com.br\/news\/wp-json\/wp\/v2\/users\/1"}],"replies":[{"embeddable":true,"href":"https:\/\/guialimeira.com.br\/news\/wp-json\/wp\/v2\/comments?post=2251"}],"version-history":[{"count":0,"href":"https:\/\/guialimeira.com.br\/news\/wp-json\/wp\/v2\/posts\/2251\/revisions"}],"wp:featuredmedia":[{"embeddable":true,"href":"https:\/\/guialimeira.com.br\/news\/wp-json\/wp\/v2\/media\/2252"}],"wp:attachment":[{"href":"https:\/\/guialimeira.com.br\/news\/wp-json\/wp\/v2\/media?parent=2251"}],"wp:term":[{"taxonomy":"category","embeddable":true,"href":"https:\/\/guialimeira.com.br\/news\/wp-json\/wp\/v2\/categories?post=2251"},{"taxonomy":"post_tag","embeddable":true,"href":"https:\/\/guialimeira.com.br\/news\/wp-json\/wp\/v2\/tags?post=2251"}],"curies":[{"name":"wp","href":"https:\/\/api.w.org\/{rel}","templated":true}]}}