{"id":2244,"date":"2024-04-21T11:37:41","date_gmt":"2024-04-21T14:37:41","guid":{"rendered":"https:\/\/guialimeira.com.br\/2024\/04\/21\/mulheres-sambistas-lancam-livro-disco-infantil-com-protagonista-negra\/"},"modified":"2024-04-21T11:37:41","modified_gmt":"2024-04-21T14:37:41","slug":"mulheres-sambistas-lancam-livro-disco-infantil-com-protagonista-negra","status":"publish","type":"post","link":"https:\/\/guialimeira.com.br\/news\/mulheres-sambistas-lancam-livro-disco-infantil-com-protagonista-negra\/","title":{"rendered":"Mulheres sambistas lan\u00e7am livro-disco infantil com protagonista negra"},"content":{"rendered":"<p> <br \/>\n<\/p>\n<div>\n<p>Uma menina de 4 anos, chamada de Flor de Maria, que vive aventuras m\u00e1gicas embaixo da mesa da roda de samba, e descobre um mundo cheio de cores, sons e sensa\u00e7\u00f5es diferentes. Uma experi\u00eancia que a conecta com uma express\u00e3o cultural e comunit\u00e1ria ancestral. Esse \u00e9 o enredo do disco-livro \u00c9 Pretinha, lan\u00e7ado nesta semana pela editora Rubra.<img data-recalc-dims=\"1\" decoding=\"async\" src=\"https:\/\/i0.wp.com\/agenciabrasil.ebc.com.br\/ebc.png?w=696&#038;ssl=1\" style=\"width:1px; height:1px; display:inline;\"\/><img data-recalc-dims=\"1\" decoding=\"async\" src=\"https:\/\/i0.wp.com\/agenciabrasil.ebc.com.br\/ebc.gif?w=696&#038;ssl=1\" style=\"width:1px; height:1px; display:inline;\"\/><\/p>\n<p>As autoras s\u00e3o Marina Iris e Manu da Cu\u00edca, com ilustra\u00e7\u00f5es de T\u00e9tiiz e produ\u00e7\u00e3o musical de Ana Costa. O objetivo das autoras era celebrar o samba e a inf\u00e2ncia. E, ao misturar livro e m\u00fasicas, permitir que os leitores mergulhassem em um cen\u00e1rio mais vibrante e sensorial.<\/p>\n<p>As m\u00fasicas podem ser ouvidas no Spotify e <a href=\"https:\/\/www.youtube.com\/watch?v=2yZbML6ZrjY\" target=\"_blank\" rel=\"noopener\">YouTube<\/a> gratuitamente.<\/p>\n<p>Uma das autoras, Marina Iris, explica que se inspirou em ambientes comuns do sub\u00farbio para criar a hist\u00f3ria de \u00c9 Pretinha.<\/p>\n<p>\u201cQuando idealizei o \u00c9 Pretinha, pensei em trazer para a literatura infantil o contexto de samba, sub\u00farbio, quintal, fam\u00edlia e ancestralidade. Queria que tudo estivesse presente de forma natural e po\u00e9tica, inspirada na inf\u00e2ncia cheia de abstra\u00e7\u00e3o e poesia\u201d, disse Marina Iris.<\/p>\n<p>Outra autora, Manu da Cu\u00edca, revela que a hist\u00f3ria traz elementos pessoais do passado e do presente.<\/p>\n<p>\u201cContar uma hist\u00f3ria ap\u00f3s me tornar m\u00e3e se tornou um rito de intimidade e carinho, onde entrela\u00e7o minha inf\u00e2ncia na da minha filha. Eu, Ana e Marina conversamos muito sobre essa dimens\u00e3o das hist\u00f3rias antes de come\u00e7armos a criar\u201d, disse Manu da Cu\u00edca.<\/p>\n<\/p><\/div>\n<p><br \/>\n<br \/><a href=\"https:\/\/agenciabrasil.ebc.com.br\/geral\/noticia\/2024-04\/mulheres-sambistas-lancam-livro-disco-infantil-com-protagonista-negra\" rel=\"noopener\">Ag\u00eancia Brasil<\/a><\/p>\n","protected":false},"excerpt":{"rendered":"<p>Uma menina de 4 anos, chamada de Flor de Maria, que vive aventuras m\u00e1gicas embaixo da mesa da roda de samba, e descobre um mundo cheio de cores, sons e sensa\u00e7\u00f5es diferentes. Uma experi\u00eancia que a conecta com uma express\u00e3o cultural e comunit\u00e1ria ancestral. Esse \u00e9 o enredo do disco-livro \u00c9 Pretinha, lan\u00e7ado nesta semana [&hellip;]<\/p>\n","protected":false},"author":1,"featured_media":2245,"comment_status":"open","ping_status":"open","sticky":false,"template":"","format":"standard","meta":{"_jetpack_newsletter_access":"","_jetpack_dont_email_post_to_subs":false,"_jetpack_newsletter_tier_id":0,"_jetpack_memberships_contains_paywalled_content":false,"_mbp_banners":[],"_jetpack_feature_clip_id":0,"_jetpack_memberships_contains_paid_content":false,"footnotes":"","jetpack_publicize_message":"","jetpack_publicize_feature_enabled":true,"jetpack_social_post_already_shared":true,"jetpack_social_options":{"image_generator_settings":{"template":"highway","default_image_id":0,"font":"","enabled":false},"version":2},"jetpack_post_was_ever_published":false},"categories":[1],"tags":[],"class_list":["post-2244","post","type-post","status-publish","format-standard","has-post-thumbnail","category-geral"],"jetpack_publicize_connections":[],"jetpack-related-posts":[],"jetpack_shortlink":"https:\/\/wp.me\/p7Eq1F-Ac","jetpack_sharing_enabled":true,"jetpack_featured_media_url":"https:\/\/i0.wp.com\/guialimeira.com.br\/news\/wp-content\/uploads\/2024\/04\/whatsapp_image_2024-04-16_at_17.04.05.jpeg?fit=1600%2C800&ssl=1","_links":{"self":[{"href":"https:\/\/guialimeira.com.br\/news\/wp-json\/wp\/v2\/posts\/2244","targetHints":{"allow":["GET"]}}],"collection":[{"href":"https:\/\/guialimeira.com.br\/news\/wp-json\/wp\/v2\/posts"}],"about":[{"href":"https:\/\/guialimeira.com.br\/news\/wp-json\/wp\/v2\/types\/post"}],"author":[{"embeddable":true,"href":"https:\/\/guialimeira.com.br\/news\/wp-json\/wp\/v2\/users\/1"}],"replies":[{"embeddable":true,"href":"https:\/\/guialimeira.com.br\/news\/wp-json\/wp\/v2\/comments?post=2244"}],"version-history":[{"count":0,"href":"https:\/\/guialimeira.com.br\/news\/wp-json\/wp\/v2\/posts\/2244\/revisions"}],"wp:featuredmedia":[{"embeddable":true,"href":"https:\/\/guialimeira.com.br\/news\/wp-json\/wp\/v2\/media\/2245"}],"wp:attachment":[{"href":"https:\/\/guialimeira.com.br\/news\/wp-json\/wp\/v2\/media?parent=2244"}],"wp:term":[{"taxonomy":"category","embeddable":true,"href":"https:\/\/guialimeira.com.br\/news\/wp-json\/wp\/v2\/categories?post=2244"},{"taxonomy":"post_tag","embeddable":true,"href":"https:\/\/guialimeira.com.br\/news\/wp-json\/wp\/v2\/tags?post=2244"}],"curies":[{"name":"wp","href":"https:\/\/api.w.org\/{rel}","templated":true}]}}