{"id":2242,"date":"2024-04-21T10:42:47","date_gmt":"2024-04-21T13:42:47","guid":{"rendered":"https:\/\/guialimeira.com.br\/2024\/04\/21\/curta-metragem-vai-mostrar-como-ditadura-afetou-criancas-no-brasil\/"},"modified":"2024-04-21T10:42:47","modified_gmt":"2024-04-21T13:42:47","slug":"curta-metragem-vai-mostrar-como-ditadura-afetou-criancas-no-brasil","status":"publish","type":"post","link":"https:\/\/guialimeira.com.br\/news\/curta-metragem-vai-mostrar-como-ditadura-afetou-criancas-no-brasil\/","title":{"rendered":"Curta-metragem vai mostrar como ditadura afetou crian\u00e7as no Brasil"},"content":{"rendered":"<p> <br \/>\n<\/p>\n<div>\n<p>Quando estava fazendo pesquisas para o curta de anima\u00e7\u00e3o que est\u00e1 desenvolvendo, o diretor e roteirista Gustavo Amaral chegou a perder o sono. Foram algumas noites intranquilas, e a raz\u00e3o para isso n\u00e3o foi relacionada \u00e0 produ\u00e7\u00e3o do curta-metragem, mas ao tema. Isso porque o novo projeto de Amaral, chamado <em>C\u00e2mbio, Desligo!<\/em>, que est\u00e1 em fase de capta\u00e7\u00e3o de recursos para desenvolvimento, mostra como a ditadura militar brasileira deixou marcas violentas tamb\u00e9m nas crian\u00e7as.<img data-recalc-dims=\"1\" decoding=\"async\" src=\"https:\/\/i0.wp.com\/agenciabrasil.ebc.com.br\/ebc.png?w=696&#038;ssl=1\" style=\"width:1px; height:1px; display:inline;\"\/><img data-recalc-dims=\"1\" decoding=\"async\" src=\"https:\/\/i0.wp.com\/agenciabrasil.ebc.com.br\/ebc.gif?w=696&#038;ssl=1\" style=\"width:1px; height:1px; display:inline;\"\/><\/p>\n<div class=\"dnd-widget-wrapper context-grande_6colunas type-image atom-align-left\">\n<div class=\"dnd-atom-rendered\"><!-- scald=381412:grande_6colunas {\"additionalClasses\":\"\"} --><\/p>\n<div class=\"shadow overflow-hidden rounded-lg d-block w-100\">\n            <img data-recalc-dims=\"1\" decoding=\"async\" src=\"https:\/\/i0.wp.com\/agenciabrasil.ebc.com.br\/sites\/default\/files\/thumbnails\/image\/loading_v2.gif?w=696&#038;ssl=1\" data-echo=\"https:\/\/imagens.ebc.com.br\/1TxEJlbrMfb8qhbeEtLbSYfCurc=\/463x0\/smart\/https:\/\/agenciabrasil.ebc.com.br\/sites\/default\/files\/thumbnails\/image\/2024\/04\/19\/img_0669.jpg?itok=C9uXRJZc\" alt=\"S\u00e3o Paulo (SP), 17\/04\/2024 - Gustavo Amaral \u00e9 o roteirista e diretor do curta de anima\u00e7\u00e3o C\u00e2mbio, deligo!. Foto: Rovena Rosa\/Ag\u00eancia Brasil\" title=\"Rovena Rosa\/Ag\u00eancia Brasil\" class=\"flex-fill img-cover\"\/><br \/>\n        <img data-recalc-dims=\"1\" decoding=\"async\" src=\"https:\/\/i0.wp.com\/imagens.ebc.com.br\/1TxEJlbrMfb8qhbeEtLbSYfCurc%3D\/463x0\/smart\/https%3A\/\/agenciabrasil.ebc.com.br\/sites\/default\/files\/thumbnails\/image\/2024\/04\/19\/img_0669.jpg?w=696&#038;ssl=1\" alt=\"S\u00e3o Paulo (SP), 17\/04\/2024 - Gustavo Amaral \u00e9 o roteirista e diretor do curta de anima\u00e7\u00e3o C\u00e2mbio, deligo!. Foto: Rovena Rosa\/Ag\u00eancia Brasil\" title=\"Rovena Rosa\/Ag\u00eancia Brasil\" class=\"flex-fill img-cover\"\/>\n    <\/div>\n<p><!-- END scald=381412 --><\/div>\n<div class=\"dnd-caption-wrapper\">\n<p><!--copyright=381412-->Gustavo Amaral, roteirista do curta-metragem &#8211; <strong>Rovena Rosa\/Ag\u00eancia Brasil<\/strong><!--END copyright=381412--><\/p>\n<\/div>\n<\/div>\n<p>\u00a0<\/p>\n<p>Ele logo identificou o sofrimento vivenciado por essas crian\u00e7as com o que poderia ser enfrentado pelos seus dois filhos, de 5 e 8 anos, caso o pa\u00eds ainda vivesse uma ditadura. E isso o aterrorizou. \u201cEle sempre conseguiu dormir a vida inteira, nunca perdeu o sono. Da\u00ed come\u00e7ou a embarcar nessas hist\u00f3rias. E eu acho que foram as \u00fanicas noites em que ele\u00a0perdeu o sono\u201d, disse Lia Calder, mulher de Gustavo Amaral.<\/p>\n<p>Nas buscas sobre o tema, Amaral se deparou com dois livros: <em><a href=\"https:\/\/www.al.sp.gov.br\/repositorio\/bibliotecaDigital\/20800_arquivo.pdf\" target=\"_blank\" rel=\"noopener\">Inf\u00e2ncia Roubada \u2013 Crian\u00e7as Atingidas pela Ditadura Militar no Brasil<\/a><\/em>, que foi elaborado durante os trabalhos da Comiss\u00e3o da Verdade da Assembleia Legislativa de S\u00e3o Paulo, e <em>Cativeiro sem Fim: as Hist\u00f3rias dos Beb\u00eas, Crian\u00e7as e Adolescentes Sequestrados Pela Ditadura Militar no Brasil<\/em>, do escritor e jornalista Eduardo Reina.<\/p>\n<p>O livro de Reina, jornalista que trabalha na <strong>Ag\u00eancia Brasil<\/strong>, traz testemunhos de cerca de 40 pessoas, que foram ouvidas durante as audi\u00eancias da Comiss\u00e3o da Verdade e eram crian\u00e7as na \u00e9poca da ditadura. Os relatos s\u00e3o de hist\u00f3rias reais de crian\u00e7as que foram afastadas dos pais ou viram os pais serem torturados. H\u00e1 tamb\u00e9m casos de crian\u00e7as [inclusive beb\u00eas] que sofreram torturas f\u00edsicas e psicol\u00f3gicas praticadas por militares. Fala tamb\u00e9m de sequestros e desaparecimentos for\u00e7ados de crian\u00e7as e adolescentes que foram praticados pelos agentes da repress\u00e3o. Foram esses dois livros que embasaram a ideia do filme que Amaral decidiu roteirizar.<\/p>\n<p>O projeto para o curta, que j\u00e1 conquistou tr\u00eas pr\u00eamios importantes no festival Animarkt Stop Motion Forum [evento dedicado para anima\u00e7\u00e3o em <em>stop motion<\/em>], na Pol\u00f4nia, come\u00e7ou a ser concebido durante a pandemia de covid-19. <em>C\u00e2mbio, Desligo! <\/em>vai contar a hist\u00f3ria de uma m\u00e3e, dos dois filhos e do pai, que est\u00e1 desaparecido. \u201cO projeto do curta foi o mais premiado da edi\u00e7\u00e3o de 2023 do festival. Recebeu tr\u00eas pr\u00eamios, entre os quais, um de coprodu\u00e7\u00e3o com um est\u00fadio chamado Wroc\u0142aw Film Studio, l\u00e1 da Pol\u00f4nia\u201d, contou o diretor.<\/p>\n<h2>O curta<\/h2>\n<p><em>C\u00e2mbio, Desligo! <\/em>\u00e9 um curta de anima\u00e7\u00e3o em <em>stop motion<\/em>, com dura\u00e7\u00e3o prevista de 13 minutos. Ele est\u00e1 sendo concebido em conjunto com as produtoras Cassandra Reis e Mariana Lopes.<\/p>\n<p>Hoje, trata-se de um projeto em desenvolvimento. &#8220;Come\u00e7amos um pouco da pr\u00e9-produ\u00e7\u00e3o, porque j\u00e1 iniciamos a produ\u00e7\u00e3o de um <em>animatic<\/em>, que \u00e9 o <em>storyboard <\/em>animado. Neste momento, o projeto est\u00e1 na fase de financiamento para levantar o recurso e, finalmente, iniciar a produ\u00e7\u00e3o do filme\u201d, explicou Amaral.<\/p>\n<p>O curta-metragem, que come\u00e7a com uma ambienta\u00e7\u00e3o nost\u00e1lgica dos anos 70, traz uma tem\u00e1tica de abdu\u00e7\u00e3o alien\u00edgena, com essa fam\u00edlia atravessando o pa\u00eds. &#8220;Eles [a m\u00e3e e os filhos] sa\u00edram do Sul e est\u00e3o indo para o Norte porque o pai desapareceu. As crian\u00e7as n\u00e3o t\u00eam respostas, pois a m\u00e3e n\u00e3o fala [sobre o assunto]\u201d, conta o diretor e roteirista.<\/p>\n<p>Um dos filhos do casal, Luciano, muito estimulado pelo pai, era amante de fic\u00e7\u00e3o cient\u00edfica e de estudo do espa\u00e7o. \u201cEra uma coisa que os conectava muito. E o Luciano acaba, enfim, acreditando que o pai dele foi abduzido por alien\u00edgenas. E o filme vai se desenrolando at\u00e9 que se descobre a verdade: eles n\u00e3o foram abduzidos por alien\u00edgenas, foram abduzidos pelo regime militar.\u201d<\/p>\n<p>Segundo Alencar, a decis\u00e3o de ambientar o curta na \u00e9poca da ditadura militar tem o objetivo de ajudar o pa\u00eds a n\u00e3o permitir o esquecimento de sua hist\u00f3ria.<\/p>\n<p>\u201cA origem da ideia \u2013 e isso passou a ser a miss\u00e3o do filme &#8211; era divulgar essa hist\u00f3ria traum\u00e1tica. E, de alguma maneira, colaborar para que essas coisas n\u00e3o caiam no esquecimento. Acabamos de sair do anivers\u00e1rio do golpe, e o assunto voltou \u00e0 tona, mas voc\u00ea pode ter reparado tamb\u00e9m: voltou \u00e0 tona um dia e, agora, pr\u00f3ximo assunto\u201d, afirmou Amaral, que considera muito triste o pa\u00eds ter passado pelo anivers\u00e1rio de 60 anos do golpe de uma maneira t\u00e3o \u201cpouco impactante\u201d<\/p>\n<h2>Stop motion<\/h2>\n<p>\u00a0<\/p>\n<div class=\"dnd-widget-wrapper context-grande_6colunas type-image atom-align-right\">\n<div class=\"dnd-atom-rendered\"><!-- scald=381411:grande_6colunas {\"additionalClasses\":\"\"} --><\/p>\n<div class=\"shadow overflow-hidden rounded-lg d-block w-100\">\n            <img data-recalc-dims=\"1\" decoding=\"async\" src=\"https:\/\/i0.wp.com\/agenciabrasil.ebc.com.br\/sites\/default\/files\/thumbnails\/image\/loading_v2.gif?w=696&#038;ssl=1\" data-echo=\"https:\/\/imagens.ebc.com.br\/68oowhf_h6zUxPctPw2p6dwCCoU=\/463x0\/smart\/https:\/\/agenciabrasil.ebc.com.br\/sites\/default\/files\/thumbnails\/image\/2024\/04\/19\/img_0633.jpg?itok=bEsGckGp\" alt=\"S\u00e3o Paulo (SP), 17\/04\/2024 - O roteirista e diretor do filme de anima\u00e7\u00e3o C\u00e2mbio, deligo!, Gustavo Amaral, conversa com as produtoras do curta Cassandra Reis e Mariana Lopes. Foto: Rovena Rosa\/Ag\u00eancia Brasil\" title=\"Rovena Rosa\/Ag\u00eancia Brasil\" class=\"flex-fill img-cover\"\/><br \/>\n        <img data-recalc-dims=\"1\" decoding=\"async\" src=\"https:\/\/i0.wp.com\/imagens.ebc.com.br\/68oowhf_h6zUxPctPw2p6dwCCoU%3D\/463x0\/smart\/https%3A\/\/agenciabrasil.ebc.com.br\/sites\/default\/files\/thumbnails\/image\/2024\/04\/19\/img_0633.jpg?w=696&#038;ssl=1\" alt=\"S\u00e3o Paulo (SP), 17\/04\/2024 - O roteirista e diretor do filme de anima\u00e7\u00e3o C\u00e2mbio, deligo!, Gustavo Amaral, conversa com as produtoras do curta Cassandra Reis e Mariana Lopes. Foto: Rovena Rosa\/Ag\u00eancia Brasil\" title=\"Rovena Rosa\/Ag\u00eancia Brasil\" class=\"flex-fill img-cover\"\/>\n    <\/div>\n<p><!-- END scald=381411 --><\/div>\n<div class=\"dnd-caption-wrapper\">\n<p><!--copyright=381411-->Gustavo Amaral mostra os bonecos do curta-metragem <em>C\u00e2mbio, Desligo!<\/em> \u00e0s produtoras Cassandra Reis e Mariana Lopes &#8211; <strong>Rovena Rosa\/Ag\u00eancia Brasil<\/strong><!--END copyright=381411--><\/p>\n<\/div>\n<\/div>\n<p>O <em>stop motion<\/em>, que ser\u00e1 usado nesse curta,\u00a0\u00e9 uma t\u00e9cnica de anima\u00e7\u00e3o em que que se filma quadro a quadro para simular movimento. \u00c9 uma t\u00e9cnica bem artesanal. Para cada movimento que o boneco modelado precisa fazer, como abrir a boca para falar uma s\u00f3 palavra, s\u00e3o exigidas horas de trabalho. Por ser um processo bem trabalhoso, a cada dia, s\u00e3o produzidos cerca de 4 segundos do filme.<\/p>\n<p>O processo come\u00e7a com o desenho dos bonecos. Para esse curta, o ilustrador escolhido foi Jefferson Costa, quadrinista famoso por trabalhos como <em>Roseira<\/em>, <em>Medalha<\/em>, <em>Engenho<\/em> e <em>Jeremias-Pel\u00e9<\/em>.<\/p>\n<p>Foi com base nos desenhos feitos por ele, que Cassandra come\u00e7ou a modelar os bonecos que ser\u00e3o usados na anima\u00e7\u00e3o. \u201cO <em>stop motion<\/em> n\u00e3o \u00e9 o caminho mais simples de seguir, mas, esteticamente, \u00e9 o caminho que acreditamos que pode contribuir narrativamente para o filme\u201d, disse ela, em entrevista \u00e0<strong> Ag\u00eancia Brasil<\/strong>.<\/p>\n<h2>Financiamento<\/h2>\n<p>Al\u00e9m dos pr\u00eamios j\u00e1 recebidos, o projeto do curta foi aprovado pela Lei Rouanet e pelo Programa de A\u00e7\u00e3o Cultural de fomento paulista (Proac). \u201cTudo agora se encaixou, e a gente precisa levantar financiamento. Porque agora o trabalho \u00e9 achar financiamento para parte do filme porque, conseguindo assegurar esse financiamento, consegue-se destravar as coprodu\u00e7\u00f5es internacionais.\u201d<\/p>\n<p>\u201cA gente pensa em coprodu\u00e7\u00e3o porque, no Brasil, o or\u00e7amento para curta \u00e9 bem limitado. E esse \u00e9 um curta um pouco mais ambicioso, assim, de or\u00e7amento\u201d, explicou Mariana. \u201cCom o dinheiro entrando, a gente prev\u00ea 20 meses pra realizar o filme\u201d, acrescentou.<\/p>\n<p>O projeto do curta-metragem entra agora na fase de capta\u00e7\u00e3o, e Cassandra prev\u00ea algumas dificuldades. Principalmente relacionadas ao tema. \u201c\u00c9 dif\u00edcil fazer arte, \u00e9 dif\u00edcil fazer anima\u00e7\u00e3o no Brasil. Na fase de capta\u00e7\u00e3o, acho que a maior dificuldade ser\u00e1 encontrar pessoas que queiram se implicar em um assunto t\u00e3o dif\u00edcil assim.\u201d<\/p>\n<p>Apesar disso, eles esperam que o Brasil possa se inspirar na experi\u00eancia de pa\u00edses vizinhos e tamb\u00e9m europeus. \u201cNa Europa, tem muito filme que trata a perspectiva da crian\u00e7a sobre o nazismo\u201d, ressaltou a produtora Mariana Lopes.<\/p>\n<p>Segundo Gustavo Amaral, existem outros pa\u00edses, outras culturas, outras sociedades que revisitam seus traumas. \u201cE este parece ser o melhor caminho. N\u00e3o \u00e9 vantagem para ningu\u00e9m n\u00e3o revisitar e n\u00e3o falar sobre isso, por mais doloroso que seja\u201d, acrescentou.<\/p>\n<\/p><\/div>\n<p><br \/>\n<br \/><a href=\"https:\/\/agenciabrasil.ebc.com.br\/geral\/noticia\/2024-04\/curta-metragem-vai-mostrar-como-ditadura-afetou-criancas-no-brasil\" rel=\"noopener\">Ag\u00eancia Brasil<\/a><\/p>\n","protected":false},"excerpt":{"rendered":"<p>Quando estava fazendo pesquisas para o curta de anima\u00e7\u00e3o que est\u00e1 desenvolvendo, o diretor e roteirista Gustavo Amaral chegou a perder o sono. Foram algumas noites intranquilas, e a raz\u00e3o para isso n\u00e3o foi relacionada \u00e0 produ\u00e7\u00e3o do curta-metragem, mas ao tema. Isso porque o novo projeto de Amaral, chamado C\u00e2mbio, Desligo!, que est\u00e1 em [&hellip;]<\/p>\n","protected":false},"author":1,"featured_media":2243,"comment_status":"open","ping_status":"open","sticky":false,"template":"","format":"standard","meta":{"_jetpack_newsletter_access":"","_jetpack_dont_email_post_to_subs":false,"_jetpack_newsletter_tier_id":0,"_jetpack_memberships_contains_paywalled_content":false,"_mbp_banners":[],"_jetpack_feature_clip_id":0,"_jetpack_memberships_contains_paid_content":false,"footnotes":"","jetpack_publicize_message":"","jetpack_publicize_feature_enabled":true,"jetpack_social_post_already_shared":true,"jetpack_social_options":{"image_generator_settings":{"template":"highway","default_image_id":0,"font":"","enabled":false},"version":2},"jetpack_post_was_ever_published":false},"categories":[22],"tags":[],"class_list":["post-2242","post","type-post","status-publish","format-standard","has-post-thumbnail","category-nacional"],"jetpack_publicize_connections":[],"jetpack-related-posts":[],"jetpack_shortlink":"https:\/\/wp.me\/p7Eq1F-Aa","jetpack_sharing_enabled":true,"jetpack_featured_media_url":"https:\/\/i0.wp.com\/guialimeira.com.br\/news\/wp-content\/uploads\/2024\/04\/img_0614.jpg?fit=1600%2C800&ssl=1","_links":{"self":[{"href":"https:\/\/guialimeira.com.br\/news\/wp-json\/wp\/v2\/posts\/2242","targetHints":{"allow":["GET"]}}],"collection":[{"href":"https:\/\/guialimeira.com.br\/news\/wp-json\/wp\/v2\/posts"}],"about":[{"href":"https:\/\/guialimeira.com.br\/news\/wp-json\/wp\/v2\/types\/post"}],"author":[{"embeddable":true,"href":"https:\/\/guialimeira.com.br\/news\/wp-json\/wp\/v2\/users\/1"}],"replies":[{"embeddable":true,"href":"https:\/\/guialimeira.com.br\/news\/wp-json\/wp\/v2\/comments?post=2242"}],"version-history":[{"count":0,"href":"https:\/\/guialimeira.com.br\/news\/wp-json\/wp\/v2\/posts\/2242\/revisions"}],"wp:featuredmedia":[{"embeddable":true,"href":"https:\/\/guialimeira.com.br\/news\/wp-json\/wp\/v2\/media\/2243"}],"wp:attachment":[{"href":"https:\/\/guialimeira.com.br\/news\/wp-json\/wp\/v2\/media?parent=2242"}],"wp:term":[{"taxonomy":"category","embeddable":true,"href":"https:\/\/guialimeira.com.br\/news\/wp-json\/wp\/v2\/categories?post=2242"},{"taxonomy":"post_tag","embeddable":true,"href":"https:\/\/guialimeira.com.br\/news\/wp-json\/wp\/v2\/tags?post=2242"}],"curies":[{"name":"wp","href":"https:\/\/api.w.org\/{rel}","templated":true}]}}