{"id":22385,"date":"2025-02-01T11:06:06","date_gmt":"2025-02-01T14:06:06","guid":{"rendered":"https:\/\/guialimeira.com.br\/2025\/02\/01\/aviao-com-seis-pessoas-a-bordo-cai-nos-estados-unidos\/"},"modified":"2025-02-01T11:06:06","modified_gmt":"2025-02-01T14:06:06","slug":"aviao-com-seis-pessoas-a-bordo-cai-nos-estados-unidos","status":"publish","type":"post","link":"https:\/\/guialimeira.com.br\/news\/aviao-com-seis-pessoas-a-bordo-cai-nos-estados-unidos\/","title":{"rendered":"Avi\u00e3o com seis pessoas a bordo cai nos Estados Unidos"},"content":{"rendered":"<p> <br \/>\n<\/p>\n<div>\n<p>Uma aeronave modelo Learjet 55 caiu por volta das 18h30 (hor\u00e1rio local) desta sexta-feira (31) ap\u00f3s decolar do Aeroporto Nordeste da Filad\u00e9lfia, nos Estados Unidos. De acordo com o secret\u00e1rio de Transportes norte-americano, Sean Duffy, seis pessoas estavam a bordo.<img data-recalc-dims=\"1\" decoding=\"async\" src=\"https:\/\/i0.wp.com\/agenciabrasil.ebc.com.br\/ebc.png?w=696&#038;ssl=1\" style=\"width:1px; height:1px; display:inline;\"\/><img data-recalc-dims=\"1\" decoding=\"async\" src=\"https:\/\/i0.wp.com\/agenciabrasil.ebc.com.br\/ebc.gif?w=696&#038;ssl=1\" style=\"width:1px; height:1px; display:inline;\"\/><\/p>\n<p>O avi\u00e3o seguia para o Aeroporto Nacional de Springfiel-Branson, no Missouri. A Administra\u00e7\u00e3o Federal de Avia\u00e7\u00e3o (FAA, na sigla em ingl\u00eas) dos Estados Unidos e o Conselho Nacional de Seguran\u00e7a nos Transportes (NTSB, na sigla em ingl\u00eas) investigam o acidente.<\/p>\n<p>Ainda n\u00e3o h\u00e1 informa\u00e7\u00f5es oficiais sobre mortos e feridos. V\u00eddeos postados em redes sociais mostram diversos focos de inc\u00eandio pr\u00f3ximos ao local onde a aeronave caiu, perto de um shopping center.<\/p>\n<p>Este \u00e9 o segundo acidente a\u00e9reo registrado nos Estados Unidos em dois dias. Na \u00faltima quarta-feira (29), um avi\u00e3o da companhia a\u00e9rea American Airlines, carregando 64 pessoas a bordo, se chocou com um helic\u00f3ptero do Ex\u00e9rcito norte-americano em Washington. N\u00e3o houve sobreviventes.<\/p>\n<p>      <!-- Relacionada --><\/p>\n<p>            <!-- Relacionada -->\n    <\/div>\n<p><br \/>\n<br \/><a href=\"https:\/\/agenciabrasil.ebc.com.br\/internacional\/noticia\/2025-02\/aviao-com-seis-pessoas-bordo-cai-nos-estados-unidos\" rel=\"noopener\">Ag\u00eancia Brasil <\/a><\/p>\n","protected":false},"excerpt":{"rendered":"<p>Uma aeronave modelo Learjet 55 caiu por volta das 18h30 (hor\u00e1rio local) desta sexta-feira (31) ap\u00f3s decolar do Aeroporto Nordeste da Filad\u00e9lfia, nos Estados Unidos. De acordo com o secret\u00e1rio de Transportes norte-americano, Sean Duffy, seis pessoas estavam a bordo. O avi\u00e3o seguia para o Aeroporto Nacional de Springfiel-Branson, no Missouri. A Administra\u00e7\u00e3o Federal de [&hellip;]<\/p>\n","protected":false},"author":1,"featured_media":269,"comment_status":"open","ping_status":"open","sticky":false,"template":"","format":"standard","meta":{"_jetpack_newsletter_access":"","_jetpack_dont_email_post_to_subs":false,"_jetpack_newsletter_tier_id":0,"_jetpack_memberships_contains_paywalled_content":false,"_mbp_banners":[],"_jetpack_feature_clip_id":0,"_jetpack_memberships_contains_paid_content":false,"footnotes":"","jetpack_publicize_message":"","jetpack_publicize_feature_enabled":true,"jetpack_social_post_already_shared":true,"jetpack_social_options":{"image_generator_settings":{"template":"highway","default_image_id":0,"font":"","enabled":false},"version":2},"jetpack_post_was_ever_published":false},"categories":[25],"tags":[],"class_list":["post-22385","post","type-post","status-publish","format-standard","has-post-thumbnail","category-internacional"],"jetpack_publicize_connections":[],"jetpack-related-posts":[],"jetpack_shortlink":"https:\/\/wp.me\/p7Eq1F-5P3","jetpack_sharing_enabled":true,"jetpack_featured_media_url":"https:\/\/i0.wp.com\/guialimeira.com.br\/news\/wp-content\/uploads\/2024\/03\/thumb_1200x600_agbrasil.png?fit=1200%2C600&ssl=1","_links":{"self":[{"href":"https:\/\/guialimeira.com.br\/news\/wp-json\/wp\/v2\/posts\/22385","targetHints":{"allow":["GET"]}}],"collection":[{"href":"https:\/\/guialimeira.com.br\/news\/wp-json\/wp\/v2\/posts"}],"about":[{"href":"https:\/\/guialimeira.com.br\/news\/wp-json\/wp\/v2\/types\/post"}],"author":[{"embeddable":true,"href":"https:\/\/guialimeira.com.br\/news\/wp-json\/wp\/v2\/users\/1"}],"replies":[{"embeddable":true,"href":"https:\/\/guialimeira.com.br\/news\/wp-json\/wp\/v2\/comments?post=22385"}],"version-history":[{"count":0,"href":"https:\/\/guialimeira.com.br\/news\/wp-json\/wp\/v2\/posts\/22385\/revisions"}],"wp:featuredmedia":[{"embeddable":true,"href":"https:\/\/guialimeira.com.br\/news\/wp-json\/wp\/v2\/media\/269"}],"wp:attachment":[{"href":"https:\/\/guialimeira.com.br\/news\/wp-json\/wp\/v2\/media?parent=22385"}],"wp:term":[{"taxonomy":"category","embeddable":true,"href":"https:\/\/guialimeira.com.br\/news\/wp-json\/wp\/v2\/categories?post=22385"},{"taxonomy":"post_tag","embeddable":true,"href":"https:\/\/guialimeira.com.br\/news\/wp-json\/wp\/v2\/tags?post=22385"}],"curies":[{"name":"wp","href":"https:\/\/api.w.org\/{rel}","templated":true}]}}